{"id":101761,"date":"2018-01-08T04:04:40","date_gmt":"2018-01-08T03:04:40","guid":{"rendered":"http:\/\/gazdasagportal.hu\/?p=101761"},"modified":"2018-01-08T07:26:47","modified_gmt":"2018-01-08T06:26:47","slug":"kulfoldi-sajto-magyarorszagrol-nemet-lapok-orban-viktor-bajororszagi-latogatasarol","status":"publish","type":"post","link":"https:\/\/gazdasagportal.hu\/index.php\/kulfoldi-sajto-magyarorszagrol-nemet-lapok-orban-viktor-bajororszagi-latogatasarol\/","title":{"rendered":"K\u00fclf\u00f6ldi sajt\u00f3 Magyarorsz\u00e1gr\u00f3l &#8211; N\u00e9met lapok Orb\u00e1n Viktor bajororsz\u00e1gi l\u00e1togat\u00e1s\u00e1r\u00f3l"},"content":{"rendered":"<p><strong>A n\u00e9met sajt\u00f3 Orb\u00e1n Viktor minisztereln\u00f6k p\u00e9nteki bajororsz\u00e1gi l\u00e1togat\u00e1s\u00e1val kapcsolatban foglalkozott Magyarorsz\u00e1ggal.<\/strong><!--more--><\/p>\n<div class=\"ads-in-post1\"><div id=\"gazdasagportal.hu_fullbanner_wideboard\"><\/div>\r\n<\/div>\n<p>A Frankfurter Allgemeine Zeitung (FAZ) c\u00edm\u0171 konzervat\u00edv lap szombati sz\u00e1m\u00e1ban Az \u0151 bar\u00e1tja c\u00edmmel k\u00f6z\u00f6lte Klaus-Dieter Frankenberger komment\u00e1rj\u00e1t, amely szerint a bajor Kereszt\u00e9nyszoci\u00e1lis Uni\u00f3ban (CSU) nagyon a sz\u00edv\u00fckbe z\u00e1rt\u00e1k Orb\u00e1n Viktort, \u00e9s gyakran meg is h\u00edvj\u00e1k, de nem tudni, hogy az\u00e9rt-e, mert a &#8222;menek\u00fcltelh\u00e1r\u00edt\u00e1si csata h\u0151s\u00e9t tisztelik benne&#8221;, vagy az\u00e9rt, mert m\u00e1s \u00e9rdekek k\u00f6tik \u0151ket \u00f6ssze Magyarorsz\u00e1ggal. Mindenesetre egy ilyen fell\u00e9p\u00e9s lehet\u0151s\u00e9get k\u00edn\u00e1l Orb\u00e1n b\u00edr\u00e1l\u00f3inak, hogy felh\u00e1nytorgass\u00e1k a szabads\u00e1gjogok megs\u00e9rt\u00e9s\u00e9t, neki pedig arra, hogy mag\u00e1t a &#8222;kereszt\u00e9ny Nyugat megment\u0151jek\u00e9nt&#8221; be\u00e1ll\u00edtva m\u00e9g nagyobb nyilv\u00e1noss\u00e1ghoz jusson \u00e9s felh\u00e1borod\u00e1st okozzon.<br \/>\nA FAZ szerz\u0151je hozz\u00e1tette: dics\u00e9retes, hogy a CSU keresi a rendszeres kapcsolat lehet\u0151s\u00e9g\u00e9t a k\u00f6z\u00e9p-eur\u00f3pai korm\u00e1nyf\u0151kkel, &#8222;de jobban is odafigyelhetett volna, miel\u0151tt felmenti Orb\u00e1nt&#8221; a jog\u00e1llamis\u00e1ggal kapcsolatos \u00fcgyekben. Hangs\u00falyozta: Orb\u00e1n az integr\u00e1ci\u00f3hoz k\u00e9telked\u00e9ssel viszonyul\u00f3 vezet\u0151k k\u00f6z\u00e9 tartozik az EU-ban, ami nem b\u0171n, de k\u00e9rd\u00e9s, vajon ez \u00e9rdek\u00e9ben \u00e1ll-e a CSU-nak, amely ugyan indokoltan utas\u00edtja el az eur\u00f3pai egyes\u00fclt \u00e1llamok gondolat\u00e1t, de pontosan l\u00e1tja, hogy &#8222;N\u00e9metorsz\u00e1gnak kell viselnie a legnagyobb terhet, ha m\u00e1sok megtagadj\u00e1k a tehermegoszt\u00e1st&#8221;.<br \/>\nA Die Welt c\u00edm\u0171 napilap online kiad\u00e1s\u00e1ban Orb\u00e1n \u00fagy tesz, mintha menek\u00fcltek sz\u00e1zezrei lenn\u00e9nek \u00faton c\u00edmmel k\u00f6z\u00f6lte Thomas Vitzhum \u00f6ssze\u00e1ll\u00edt\u00e1s\u00e1t, amely szerint a CSU &#8222;k\u00f6r\u00fcludvarolja Orb\u00e1nt&#8221;, akinek feladata a bajor p\u00e1rt \u00f6nbizalm\u00e1nak er\u0151s\u00edt\u00e9se, azonban a bajorok \u00e9s a magyar korm\u00e1nyf\u0151 a politika tartalm\u00e1t illet\u0151en m\u00e1r nem \u00e1llnak annyira k\u00f6zel egym\u00e1shoz, mint a menek\u00fcltv\u00e1ls\u00e1gban.<br \/>\nKifejtette, hogy a parlamenti v\u00e1laszt\u00e1sra k\u00e9sz\u00fcl\u0151 magyar korm\u00e1nyf\u0151 sz\u00e1m\u00e1ra a nagyszab\u00e1s\u00fa fogadtat\u00e1s N\u00e9metorsz\u00e1gban egy \u00fczenet a magyar v\u00e1laszt\u00f3knak, az \u0151szi tartom\u00e1nyi parlamenti v\u00e1laszt\u00e1sra k\u00e9sz\u00fcl\u0151 CSU sz\u00e1m\u00e1ra pedig Orb\u00e1n fogad\u00e1sa &#8222;jelz\u00e9s is a konzervat\u00edv polg\u00e1roknak&#8221;, akik m\u00e1s p\u00e1rtokra szavaztak a tavalyi sz\u00f6vets\u00e9gi parlamenti v\u00e1laszt\u00e1son.<br \/>\nA CSU sz\u00e1m\u00e1ra Orb\u00e1n a &#8222;magyar szocializmus s\u00edr\u00e1s\u00f3ja&#8221;, a menek\u00fcltpolitik\u00e1ban kem\u00e9ny ir\u00e1nyvonal megtestes\u00edt\u0151je, az EU-integr\u00e1ci\u00f3 \u00fcgy\u00e9ben pedig a k\u00e9tked\u0151kh\u00f6z, szkeptikusokhoz tartozik, akik valamennyi ter\u00fcleten az integr\u00e1ci\u00f3 visszaford\u00edt\u00e1s\u00e1t, a nemzet\u00e1llamok er\u0151s\u00edt\u00e9s\u00e9t szorgalmazz\u00e1k.<br \/>\n<div class=\"ads-in-post2\"><script async src=\"https:\/\/pagead2.googlesyndication.com\/pagead\/js\/adsbygoogle.js\"><\/script>\r\n<ins class=\"adsbygoogle\"\r\n     style=\"display:block\"\r\n     data-ad-format=\"fluid\"\r\n     data-ad-layout-key=\"-6t+ed+2i-1n-4w\"\r\n     data-ad-client=\"ca-pub-1959107119989764\"\r\n     data-ad-slot=\"4008251320\"><\/ins>\r\n<script>\r\n     (adsbygoogle = window.adsbygoogle || []).push({});\r\n<\/script><\/div>\nAzonban 2018 nem 2015, amikor a CSU-nak az Angela Merkel menek\u00fcltpolitik\u00e1j\u00e1val szembesz\u00e1ll\u00f3 politikusk\u00e9nt volt sz\u00fcks\u00e9ge Orb\u00e1nra. Az id\u0151k megv\u00e1ltoztak, \u00e9s a CSU-s sz\u00f6vets\u00e9gi parlamenti k\u00e9pvisel\u0151k k\u00f6z\u00fcl messze nem mindenki volt boldog a magyar korm\u00e1nyf\u0151 megh\u00edv\u00e1s\u00e1t\u00f3l, akinek \u00edgy b\u00edr\u00e1latokkal is szembes\u00fclnie kellett &#8211; \u00edrta a Die Welt szerz\u0151je, a t\u00f6bbi k\u00f6z\u00f6tt hozz\u00e1t\u00e9ve, hogy m\u00edg a CSU-ban azt hangs\u00falyozz\u00e1k, hogy 2015 \u00f3ta sok eredm\u00e9nyt siker\u00fclt el\u00e9rni, Orb\u00e1n &#8222;\u00fagy \u00e1ll\u00edtja be a helyzetet, mintha m\u00e9g mindig sz\u00e1zezrek lenn\u00e9nek \u00faton Eur\u00f3pa fel\u00e9&#8221;.<br \/>\n<a title=\"Hely megnyit\u00e1sa\" href=\"https:\/\/www.welt.de\/politik\/deutschland\/article172221928\/CSU-Klausur-Viktor-Orban-tut-als-waeren-Hunderttausende-Fluechtlinge-unterwegs.html\" target=\"_blank\" rel=\"noopener noreferrer\">https:\/\/www.welt.de\/politik\/deutschland\/article172221928\/CSU-Klausur-Viktor-Orban-tut-als-waeren-Hunderttausende-Fluechtlinge-unterwegs.html<\/a><br \/>\nA Spiegel Online h\u00edrport\u00e1l Fegyvert\u00e1rsak k\u00f6z\u00f6tt c\u00edmmel k\u00f6z\u00f6lte Florian Gathmann \u00edr\u00e1s\u00e1t, amely szerint Orb\u00e1n Viktor &#8222;maxim\u00e1lis figyelmet&#8221; biztos\u00edt a CSU-s sz\u00f6vets\u00e9gi parlamenti k\u00e9pvisel\u0151k tal\u00e1lkoz\u00f3j\u00e1nak, de &#8222;fell\u00e9p\u00e9se nem csak seg\u00edt a p\u00e1rtnak&#8221;. A szerz\u0151 kifejtette, hogy Horst Seehofer \u00e9s sokan m\u00e1sok a CSU-ban &#8222;egyet s m\u00e1st eln\u00e9znek&#8221; Orb\u00e1n Viktornak, \u00e9s nem tesznek k\u00fcl\u00f6nbs\u00e9get a &#8222;fiatal \u00e9s a mostani&#8221; \u00e9nje k\u00f6z\u00f6tt, az egykori szabads\u00e1gharcos \u00e9s a mai korm\u00e1nyf\u0151 k\u00f6z\u00f6tt, aki &#8222;sz\u00edvesen korl\u00e1tozza orsz\u00e1g\u00e1ban a m\u00e1sk\u00e9nt gondolkod\u00f3k szabads\u00e1g\u00e1t&#8221;, a Soros Gy\u00f6rgy \u00e1ltal finansz\u00edrozott CEU elleni harcot &#8222;antiszemita mint\u00e1k&#8221; alapj\u00e1n folytatja, \u00e9s az ut\u00f3bbi \u00e9vekben rendre szembehelyezkedett az EU d\u00f6nt\u00e9seivel, k\u00fcl\u00f6n\u00f6sen a menek\u00fcltpolitik\u00e1ban.<br \/>\nA szerz\u0151 szerint mindez nem f\u00e9r \u00f6ssze a &#8222;l\u00e9nyeg\u00e9ben egy\u00e9rtelm\u0171en EU-p\u00e1rti&#8221; CSU-val, amely \u00e9vtizedek \u00f3ta a gyakorlatban mutatja meg, hogy mik\u00e9nt kell egy tartom\u00e1nyt a &#8222;vil\u00e1gra nyitott, plur\u00e1lis&#8221; m\u00f3don korm\u00e1nyozni. \u00cdgy a CSU-ban egyesek nem is tartott\u00e1k j\u00f3 \u00f6tletnek Orb\u00e1n megh\u00edv\u00e1s\u00e1t, b\u00e1r ezt senki sem mondja ki ny\u00edltan.<br \/>\nUgyanakkor a tan\u00e1cskoz\u00e1st a szervez\u0151k a polg\u00e1ri-konzervat\u00edv politika cs\u00facstal\u00e1lkoz\u00f3j\u00e1nak sz\u00e1nt\u00e1k, \u00e9s ebbe &#8222;m\u00e9giscsak beleillik Orb\u00e1n, aki Eur\u00f3p\u00e1ban mindenkin\u00e9l kem\u00e9nyebb a menek\u00fcltpolitik\u00e1ban, \u00e9s fell\u00e9p\u00e9se &#8222;provok\u00e1ci\u00f3 is a testv\u00e9rp\u00e1rt Kereszt\u00e9nydemokrata Uni\u00f3val (CDU) \u00e9s k\u00fcl\u00f6n\u00f6sen annak eln\u00f6k\u00e9vel, Angela Merkellel szemben&#8221;.<br \/>\n<a title=\"Hely megnyit\u00e1sa\" href=\"http:\/\/www.spiegel.de\/politik\/deutschland\/viktor-orban-bei-der-csu-landesgruppe-unter-waffenbruedern-a-1186466.html\" target=\"_blank\" rel=\"noopener noreferrer\">http:\/\/www.spiegel.de\/politik\/deutschland\/viktor-orban-bei-der-csu-landesgruppe-unter-waffenbruedern-a-1186466.html<\/a><\/p>\n<p>&nbsp;<br \/>\n(MTI)<\/p><div id=\"gazda-2933248240\" class=\"gazda-tartalomban gazda-entity-placement\"><script async src=\"https:\/\/pagead2.googlesyndication.com\/pagead\/js\/adsbygoogle.js\"><\/script>\r\n<ins class=\"adsbygoogle\"\r\n     style=\"display:block\"\r\n     data-ad-format=\"fluid\"\r\n     data-ad-layout-key=\"-6t+ed+2i-1n-4w\"\r\n     data-ad-client=\"ca-pub-1959107119989764\"\r\n     data-ad-slot=\"4008251320\"><\/ins>\r\n<script>\r\n     (adsbygoogle = window.adsbygoogle || []).push({});\r\n<\/script><\/div>\n","protected":false},"excerpt":{"rendered":"<p>A n\u00e9met sajt\u00f3 Orb\u00e1n Viktor minisztereln\u00f6k p\u00e9nteki bajororsz\u00e1gi l\u00e1togat\u00e1s\u00e1val kapcsolatban foglalkozott Magyarorsz\u00e1ggal.<\/p>\n","protected":false},"author":1,"featured_media":50232,"comment_status":"closed","ping_status":"open","sticky":false,"template":"","format":"standard","meta":[],"categories":[146,4],"tags":[],"_links":{"self":[{"href":"https:\/\/gazdasagportal.hu\/index.php\/wp-json\/wp\/v2\/posts\/101761"}],"collection":[{"href":"https:\/\/gazdasagportal.hu\/index.php\/wp-json\/wp\/v2\/posts"}],"about":[{"href":"https:\/\/gazdasagportal.hu\/index.php\/wp-json\/wp\/v2\/types\/post"}],"author":[{"embeddable":true,"href":"https:\/\/gazdasagportal.hu\/index.php\/wp-json\/wp\/v2\/users\/1"}],"replies":[{"embeddable":true,"href":"https:\/\/gazdasagportal.hu\/index.php\/wp-json\/wp\/v2\/comments?post=101761"}],"version-history":[{"count":2,"href":"https:\/\/gazdasagportal.hu\/index.php\/wp-json\/wp\/v2\/posts\/101761\/revisions"}],"predecessor-version":[{"id":101766,"href":"https:\/\/gazdasagportal.hu\/index.php\/wp-json\/wp\/v2\/posts\/101761\/revisions\/101766"}],"wp:featuredmedia":[{"embeddable":true,"href":"https:\/\/gazdasagportal.hu\/index.php\/wp-json\/wp\/v2\/media\/50232"}],"wp:attachment":[{"href":"https:\/\/gazdasagportal.hu\/index.php\/wp-json\/wp\/v2\/media?parent=101761"}],"wp:term":[{"taxonomy":"category","embeddable":true,"href":"https:\/\/gazdasagportal.hu\/index.php\/wp-json\/wp\/v2\/categories?post=101761"},{"taxonomy":"post_tag","embeddable":true,"href":"https:\/\/gazdasagportal.hu\/index.php\/wp-json\/wp\/v2\/tags?post=101761"}],"curies":[{"name":"wp","href":"https:\/\/api.w.org\/{rel}","templated":true}]}}