{"id":101749,"date":"2018-01-07T07:59:15","date_gmt":"2018-01-07T06:59:15","guid":{"rendered":"http:\/\/gazdasagportal.hu\/?p=101749"},"modified":"2018-01-07T00:00:16","modified_gmt":"2018-01-06T23:00:16","slug":"varga-mihaly-ujabb-5-milliard-forintbol-fejleszthetnek-a-kkv-k","status":"publish","type":"post","link":"https:\/\/gazdasagportal.hu\/index.php\/varga-mihaly-ujabb-5-milliard-forintbol-fejleszthetnek-a-kkv-k\/","title":{"rendered":"Varga Mih\u00e1ly: \u00fajabb 5 milli\u00e1rd forintb\u00f3l fejleszthetnek a kkv-k"},"content":{"rendered":"<p><strong>\u00dajabb, 5 milli\u00e1rd forint keret\u00f6sszeg\u0171 p\u00e1ly\u00e1zatot hirdetett meg a mikro-, kis- \u00e9s k\u00f6z\u00e9pv\u00e1llalkoz\u00e1sok (kkv) munkahelyteremt\u0151 \u00e9s -meg\u0151rz\u0151 beruh\u00e1z\u00e1sainak el\u0151seg\u00edt\u00e9s\u00e9re a Nemzetgazdas\u00e1gi Miniszt\u00e9rium (NGM), amib\u0151l csaknem 600 kkv-n\u00e1l t\u00f6bb ezer \u00faj munkahely j\u00f6het l\u00e9tre, \u00e9s m\u00e9g t\u00f6bb \u0151rizhet\u0151 meg &#8211; nyilatkozta a nemzetgazdas\u00e1gi miniszter az MTI-nek. <\/strong><!--more--><\/p>\n<div class=\"ads-in-post1\"><div id=\"gazdasagportal.hu_fullbanner_wideboard\"><\/div>\r\n<\/div>\n<p>    Varga Mih\u00e1ly elmondta: a p\u00e1ly\u00e1zat c\u00e9lja a kkv-szektor fejleszt\u00e9s\u00e9n t\u00fal a helyi gazdas\u00e1gok meger\u0151s\u00edt\u00e9se, a ter\u00fcleti k\u00fcl\u00f6nbs\u00e9gek cs\u00f6kkent\u00e9se \u00e9s a h\u00e1tr\u00e1nyos t\u00e9rs\u00e9gek felz\u00e1rk\u00f3ztat\u00e1sa.<br \/>\n    A korm\u00e1ny kiemelten kezeli a kkv-k helyzet\u00e9t, hiszen a technol\u00f3giai fejleszt\u00e9sekkel, az uni\u00f3s \u00e9s hazai t\u00e1mogat\u00e1sok c\u00e9lzott felhaszn\u00e1l\u00e1s\u00e1val ezek a c\u00e9gek tov\u00e1bb er\u0151s\u00f6dhetnek, versenyk\u00e9pess\u00e9g\u00fck is tov\u00e1bb javulhat &#8211; hangs\u00falyozta a miniszter.<br \/>\n    Hozz\u00e1tette, a magyar gazdas\u00e1g folytat\u00f3d\u00f3 fellend\u00fcl\u00e9s\u00e9hez elengedhetetlen a kis- \u00e9s k\u00f6z\u00e9pv\u00e1llalkoz\u00e1sok \u00e9rdemi t\u00e1mogat\u00e1sa, hiszen a magasabb hozz\u00e1adott \u00e9rt\u00e9k\u0171 term\u00e9kek el\u0151\u00e1ll\u00edt\u00e1s\u00e1hoz kiemelked\u0151 technol\u00f3giai sz\u00ednvonal sz\u00fcks\u00e9ges, ami fokozatosan jav\u00edthatja exportk\u00e9pess\u00e9g\u00fcket is. A k\u00f6zponti program seg\u00edts\u00e9g\u00e9vel a kkv-k t\u00f6bbek k\u00f6z\u00f6tt \u00faj eszk\u00f6z\u00f6ket, g\u00e9peket szerezhetnek be, de a t\u00e1mogat\u00e1si \u00f6sszeget ingatlanv\u00e1s\u00e1rl\u00e1sra vagy b\u00e9rleti d\u00edjakra is ford\u00edthatj\u00e1k &#8211; k\u00f6z\u00f6lte a t\u00e1rcavezet\u0151.<br \/>\n    Kifejtette: a munkahelyteremt\u0151 t\u00e1mogat\u00e1s region\u00e1lis beruh\u00e1z\u00e1si t\u00e1mogat\u00e1s jogc\u00edmen vagy csek\u00e9ly \u00f6sszeg\u0171 (de minimis) t\u00e1mogat\u00e1sk\u00e9nt ny\u00fajthat\u00f3. M\u00e9rt\u00e9ke nem regisztr\u00e1lt \u00e1ll\u00e1skeres\u0151 eset\u00e9n \u00faj munkahelyenk\u00e9nt 1,5 milli\u00f3 forint lehet.<br \/>\n<div class=\"ads-in-post2\"><script async src=\"https:\/\/pagead2.googlesyndication.com\/pagead\/js\/adsbygoogle.js\"><\/script>\r\n<ins class=\"adsbygoogle\"\r\n     style=\"display:block\"\r\n     data-ad-format=\"fluid\"\r\n     data-ad-layout-key=\"-6t+ed+2i-1n-4w\"\r\n     data-ad-client=\"ca-pub-1959107119989764\"\r\n     data-ad-slot=\"4008251320\"><\/ins>\r\n<script>\r\n     (adsbygoogle = window.adsbygoogle || []).push({});\r\n<\/script><\/div>\n    A p\u00e1ly\u00e1z\u00f3k ezen fel\u00fcl kieg\u00e9sz\u00edt\u0151 t\u00e1mogat\u00e1sk\u00e9nt kik\u00f6zvet\u00edtett \u00e1ll\u00e1skeres\u0151 foglalkoztat\u00e1sa eset\u00e9n \u00faj munkahelyenk\u00e9nt tov\u00e1bbi 500 ezer forint, illetve, ha az elm\u00falt 12 h\u00f3nap alatt kiz\u00e1r\u00f3lag k\u00f6zfoglalkoztat\u00e1si jogviszony keret\u00e9ben foglalkoztatott \u00e1ll\u00e1skeres\u0151 felv\u00e9tel\u00e9t v\u00e1llalj\u00e1k, \u00faj munkahelyenk\u00e9nt tov\u00e1bbi 800 ezer forint t\u00e1mogat\u00e1st kaphatnak &#8211; tette hozz\u00e1.<br \/>\n    Kiemelte, hogy \u00faj munkahelyenk\u00e9nt m\u00e9g tov\u00e1bbi 400 ezer forint t\u00e1mogat\u00e1sban r\u00e9szes\u00fclhetnek a p\u00e1ly\u00e1z\u00f3k, ha kedvezm\u00e9nyezett j\u00e1r\u00e1sban vagy telep\u00fcl\u00e9sen hajtj\u00e1k v\u00e9gre a beruh\u00e1z\u00e1st.<br \/>\n    A v\u00e1llalkoz\u00e1sok \u00edgy ak\u00e1r 2,7 milli\u00f3 forint t\u00e1mogat\u00e1st is kaphatnak &#8211; ismertette a miniszter.<br \/>\n    Varga Mih\u00e1ly hangs\u00falyozta, a munk\u00e1ltat\u00f3nak v\u00e1llalnia kell, hogy a beruh\u00e1z\u00e1ssal l\u00e9trehozott kapacit\u00e1sokat, szolg\u00e1ltat\u00e1sokat a beruh\u00e1z\u00e1s befejez\u00e9s\u00e9t\u0151l sz\u00e1m\u00edtott 3 \u00e9vig folyamatosan fenntartja \u00e9s m\u0171k\u00f6dteti az \u00e9rintett t\u00e9rs\u00e9gben.<br \/>\n    A munkaer\u0151piaci program p\u00e1ly\u00e1zati id\u0151szaka janu\u00e1r 4-t\u0151l ny\u00edlt meg, \u00e9s febru\u00e1r 9-\u00e9n z\u00e1rul le. A p\u00e1ly\u00e1zaton val\u00f3 r\u00e9szv\u00e9tellel, a p\u00e1ly\u00e1zat felt\u00e9teleivel \u00e9s elk\u00e9sz\u00edt\u00e9s\u00e9vel kapcsolatban a beruh\u00e1z\u00e1s helye szerinti korm\u00e1nyhivatal foglalkoztat\u00e1s\u00e9rt felel\u0151s szervezeti egys\u00e9ge ad t\u00e1j\u00e9koztat\u00e1st. Tov\u00e1bbi r\u00e9szletek a kormany.hu oldalon tal\u00e1lhat\u00f3ak.<br \/>\n(MTI)<\/p>\n","protected":false},"excerpt":{"rendered":"<p>\u00dajabb, 5 milli\u00e1rd forint keret\u00f6sszeg\u0171 p\u00e1ly\u00e1zatot hirdetett meg a mikro-, kis- \u00e9s k\u00f6z\u00e9pv\u00e1llalkoz\u00e1sok (kkv) munkahelyteremt\u0151 \u00e9s -meg\u0151rz\u0151 beruh\u00e1z\u00e1sainak el\u0151seg\u00edt\u00e9s\u00e9re a Nemzetgazdas\u00e1gi Miniszt\u00e9rium (NGM), amib\u0151l csaknem 600 kkv-n\u00e1l t\u00f6bb ezer \u00faj munkahely j\u00f6het l\u00e9tre, \u00e9s m\u00e9g t\u00f6bb \u0151rizhet\u0151 meg &#8211; nyilatkozta a nemzetgazdas\u00e1gi miniszter az MTI-nek.<\/p>\n","protected":false},"author":1,"featured_media":0,"comment_status":"closed","ping_status":"open","sticky":false,"template":"","format":"standard","meta":[],"categories":[19],"tags":[],"_links":{"self":[{"href":"https:\/\/gazdasagportal.hu\/index.php\/wp-json\/wp\/v2\/posts\/101749"}],"collection":[{"href":"https:\/\/gazdasagportal.hu\/index.php\/wp-json\/wp\/v2\/posts"}],"about":[{"href":"https:\/\/gazdasagportal.hu\/index.php\/wp-json\/wp\/v2\/types\/post"}],"author":[{"embeddable":true,"href":"https:\/\/gazdasagportal.hu\/index.php\/wp-json\/wp\/v2\/users\/1"}],"replies":[{"embeddable":true,"href":"https:\/\/gazdasagportal.hu\/index.php\/wp-json\/wp\/v2\/comments?post=101749"}],"version-history":[{"count":1,"href":"https:\/\/gazdasagportal.hu\/index.php\/wp-json\/wp\/v2\/posts\/101749\/revisions"}],"predecessor-version":[{"id":101750,"href":"https:\/\/gazdasagportal.hu\/index.php\/wp-json\/wp\/v2\/posts\/101749\/revisions\/101750"}],"wp:attachment":[{"href":"https:\/\/gazdasagportal.hu\/index.php\/wp-json\/wp\/v2\/media?parent=101749"}],"wp:term":[{"taxonomy":"category","embeddable":true,"href":"https:\/\/gazdasagportal.hu\/index.php\/wp-json\/wp\/v2\/categories?post=101749"},{"taxonomy":"post_tag","embeddable":true,"href":"https:\/\/gazdasagportal.hu\/index.php\/wp-json\/wp\/v2\/tags?post=101749"}],"curies":[{"name":"wp","href":"https:\/\/api.w.org\/{rel}","templated":true}]}}