{"id":101745,"date":"2018-01-06T18:47:14","date_gmt":"2018-01-06T17:47:14","guid":{"rendered":"http:\/\/gazdasagportal.hu\/?p=101745"},"modified":"2018-01-06T09:48:01","modified_gmt":"2018-01-06T08:48:01","slug":"bdo-a-korabbinal-ugyfelbaratabb-adoigazgatassal-indult-az-ev","status":"publish","type":"post","link":"https:\/\/gazdasagportal.hu\/index.php\/bdo-a-korabbinal-ugyfelbaratabb-adoigazgatassal-indult-az-ev\/","title":{"rendered":"BDO: a kor\u00e1bbin\u00e1l \u00fcgyf\u00e9lbar\u00e1tabb ad\u00f3igazgat\u00e1ssal indult az \u00e9v"},"content":{"rendered":"<p><strong>Az ad\u00f3z\u00e1s ter\u00fclet\u00e9n t\u00f6bbs\u00e9g\u00e9ben az ad\u00f3z\u00f3kat kedvez\u0151en \u00e9rint\u0151 v\u00e1ltoz\u00e1sok l\u00e9ptek \u00e9letbe janu\u00e1r elsej\u00e9t\u0151l, az ad\u00f3igazgat\u00e1si elj\u00e1r\u00e1sokra vonatkoz\u00f3 szab\u00e1lyoz\u00e1s is sok tekintetben \u00fcgyf\u00e9lbar\u00e1t ir\u00e1nyba mozdult el &#8211; k\u00f6z\u00f6lte a BDO Magyarorsz\u00e1g p\u00e9nteken az MTI-vel. <\/strong><!--more--><\/p>\n<div class=\"ads-in-post1\"><div id=\"gazdasagportal.hu_fullbanner_wideboard\"><\/div>\r\n<\/div>\n<p>    A c\u00e9g k\u00f6zlem\u00e9ny\u00e9ben ismerteti: id\u00e9nt\u0151l alapesetben egyetlen vizsg\u00e1lat sem h\u00faz\u00f3dhat egy \u00e9vn\u00e9l tov\u00e1bb. Az \u00e9szrev\u00e9telre nyitva \u00e1ll\u00f3 hat\u00e1rid\u0151 ad\u00f3ellen\u0151rz\u00e9sek eset\u00e9ben 15-r\u0151l 30 napra emelkedik, ugyanakkor jogveszt\u0151v\u00e9 v\u00e1lik. Mivel ez a jogorvoslati lehet\u0151s\u00e9g a fellebbez\u00e9ssel ellent\u00e9tben ingyenes, az &#8222;\u00faj t\u00e9ny\/k\u00f6r\u00fclm\u00e9ny tilalm\u00e1t&#8221; pedig mind a fellebbez\u00e9s, mind az \u00faj elj\u00e1r\u00e1s sor\u00e1n bevezett\u00e9k, az ad\u00f3z\u00f3knak m\u00e9g ink\u00e1bb c\u00e9lszer\u0171 \u00e9rdemben kihaszn\u00e1lniuk az \u00e9szrev\u00e9telez\u00e9si szakaszt &#8211; figyelmeztet a BDO.<br \/>\n    A felt\u00e9teles ad\u00f3b\u00edrs\u00e1g \u00faj jogint\u00e9zm\u00e9ny, e szerint, ha az ad\u00f3z\u00f3 lemond a fellebbez\u00e9sr\u0151l \u00e9s esed\u00e9kess\u00e9gig megfizeti az ad\u00f3k\u00fcl\u00f6nb\u00f6zetet, mentes\u00fcl a kiszabott ad\u00f3b\u00edrs\u00e1g 50 sz\u00e1zal\u00e9ka al\u00f3l. A tan\u00e1csad\u00f3 c\u00e9g szerint a t\u00e1rsas\u00e1goknak \u00e9rdemes \u00e1tgondolniuk azonban, hogy mikor \u00e9lnek ezzel a lehet\u0151s\u00e9ggel, mivel e kedvezm\u00e9ny ig\u00e9nybe v\u00e9tele eset\u00e9n elesnek p\u00e9ld\u00e1ul a fel\u00fcgyeleti int\u00e9zked\u00e9s lehet\u0151s\u00e9g\u00e9t\u0151l.<br \/>\n<div class=\"ads-in-post2\"><script async src=\"https:\/\/pagead2.googlesyndication.com\/pagead\/js\/adsbygoogle.js\"><\/script>\r\n<ins class=\"adsbygoogle\"\r\n     style=\"display:block\"\r\n     data-ad-format=\"fluid\"\r\n     data-ad-layout-key=\"-6t+ed+2i-1n-4w\"\r\n     data-ad-client=\"ca-pub-1959107119989764\"\r\n     data-ad-slot=\"4008251320\"><\/ins>\r\n<script>\r\n     (adsbygoogle = window.adsbygoogle || []).push({});\r\n<\/script><\/div>\n    Kib\u0151v\u00fcl a mag\u00e1nszem\u00e9lyek automatikus r\u00e9szletfizet\u00e9si kedvezm\u00e9nye is: az eddig 200 ezer forintr\u00f3l 500 ezerre emelkedik az \u00e9rt\u00e9khat\u00e1r, az id\u0151tartam pedig 6 h\u00f3napr\u00f3l 12 h\u00f3napra n\u00f6vekszik &#8211; emeli ki a BDO.<br \/>\n    Kiemelt szerepet kap a kezd\u0151 v\u00e1llalkoz\u00e1sok t\u00e1mogat\u00e1sa: az \u00faj ad\u00f3z\u00f3k az els\u0151 h\u00f3napban ingyenes t\u00e1j\u00e9koztat\u00e1st kaphatnak ad\u00f3k\u00f6telezetts\u00e9geikr\u0151l, \u00e9s hat h\u00f3napos mentor\u00e1l\u00e1sban is r\u00e9szt vehetnek.<br \/>\n    A megb\u00edzhat\u00f3 ad\u00f3z\u00f3i st\u00e1tusz a j\u00f6v\u0151ben nyilv\u00e1nos inform\u00e1ci\u00f3 lesz, az \u00e1ltal\u00e1nos forgalmi ad\u00f3 (\u00e1fa) kiutal\u00e1s\u00e1ra nyitva \u00e1ll\u00f3 hat\u00e1rid\u0151 a megb\u00edzhat\u00f3 ad\u00f3z\u00f3k eset\u00e9ben az eddigi 45 napr\u00f3l 30 napra cs\u00f6kken, nyrt. eset\u00e9n pedig 30 napr\u00f3l 20 napra.<br \/>\n    Hozz\u00e1teszik, \u00e9rdemes lesz a j\u00f6v\u0151ben fokozottan figyelemmel k\u00eds\u00e9rni a NAV honlapj\u00e1n k\u00f6zz\u00e9tett t\u00e1j\u00e9koztat\u00f3kat is, mivel az ezekben foglaltak alapj\u00e1n elj\u00e1r\u00f3k egy \u00faj, deklar\u00e1lt szab\u00e1ly szerint egy esetleges meg\u00e1llap\u00edt\u00e1s eset\u00e9n mentes\u00fclnek a jogk\u00f6vetkezm\u00e9nyek al\u00f3l.<br \/>\n    Az ad\u00f3nemeket \u00e9rint\u0151 v\u00e1ltoz\u00e1sok k\u00f6z\u00fcl egyebek mellett kiemelik, hogy t\u00f6bb term\u00e9k, illetve szolg\u00e1ltat\u00e1s \u00e1fakulcsa 5 sz\u00e1zal\u00e9kra cs\u00f6kkent.<br \/>\n    A munk\u00e1ltat\u00f3k \u00e1ltal fizetend\u0151 szoci\u00e1lis hozz\u00e1j\u00e1rul\u00e1si ad\u00f3 m\u00e9rt\u00e9ke 22-r\u0151l 19,5 sz\u00e1zal\u00e9kra m\u00e9rs\u00e9kl\u0151d\u00f6tt, valamint ezzel p\u00e1rhuzamosan a kor\u00e1bban 22 sz\u00e1zal\u00e9kos eg\u00e9szs\u00e9g\u00fcgyi hozz\u00e1j\u00e1rul\u00e1s (eho) kulcsa is.<br \/>\n    Mostant\u00f3l a mag\u00e1nszem\u00e9lyeknek az egyh\u00e1zak jav\u00e1ra tett egysz\u00e1zal\u00e9kos szja felaj\u00e1nl\u00e1sa nem csup\u00e1n az adott ad\u00f3\u00e9vre vonatkozik, hanem folytat\u00f3lagosan \u00e9rv\u00e9nyben marad annak m\u00f3dos\u00edt\u00e1s\u00e1ig, illetve visszavon\u00e1s\u00e1ig.<br \/>\n    Ingatlan b\u00e9rbead\u00e1s eset\u00e9n megsz\u0171nt az 1 milli\u00f3 forint feletti j\u00f6vedelem eset\u00e9n fizetend\u0151 14 sz\u00e1zal\u00e9kos eho. Kedvez\u0151bb ir\u00e1nyba v\u00e1ltoznak a mobilit\u00e1si c\u00e9l\u00fa lakhat\u00e1si t\u00e1mogat\u00e1s felt\u00e9telei is.<br \/>\n    A kisv\u00e1llalati ad\u00f3 (kiva) kulcsa az el\u0151z\u0151 \u00e9vi 14-r\u0151l 13 sz\u00e1zal\u00e9kra cs\u00f6kkent.<br \/>\n    B\u0151v\u00fclt a t\u00e1rsas\u00e1gi ad\u00f3n\u00e1l \u00e9rv\u00e9nyes\u00edthet\u0151 fejleszt\u00e9si ad\u00f3kedvezm\u00e9nyekkel t\u00e1mogatott beruh\u00e1z\u00e1si form\u00e1k k\u00f6re.<br \/>\n    Az ipar\u0171z\u00e9si ad\u00f3 ter\u00fclet\u00e9n a sportv\u00e1llalkoz\u00e1sok kaptak jelent\u0151s ad\u00f3k\u00f6nny\u00edt\u00e9st, amelyeknek sporttev\u00e9kenys\u00e9ggel \u00f6sszef\u00fcgg\u0151 bev\u00e9telei (p\u00e9ld\u00e1ul bel\u00e9p\u0151jegyek elad\u00e1sa, rekl\u00e1m- \u00e9s szponzori bev\u00e9telek) nem k\u00e9peznek ipar\u0171z\u00e9siad\u00f3-alapot &#8211; ismertette a BDO.<br \/>\n(MTI)<\/p>\n","protected":false},"excerpt":{"rendered":"<p>Az ad\u00f3z\u00e1s ter\u00fclet\u00e9n t\u00f6bbs\u00e9g\u00e9ben az ad\u00f3z\u00f3kat kedvez\u0151en \u00e9rint\u0151 v\u00e1ltoz\u00e1sok l\u00e9ptek \u00e9letbe janu\u00e1r elsej\u00e9t\u0151l, az ad\u00f3igazgat\u00e1si elj\u00e1r\u00e1sokra vonatkoz\u00f3 szab\u00e1lyoz\u00e1s is sok tekintetben \u00fcgyf\u00e9lbar\u00e1t ir\u00e1nyba mozdult el &#8211; k\u00f6z\u00f6lte a BDO Magyarorsz\u00e1g p\u00e9nteken az MTI-vel.<\/p>\n","protected":false},"author":1,"featured_media":0,"comment_status":"closed","ping_status":"open","sticky":false,"template":"","format":"standard","meta":[],"categories":[20,19],"tags":[],"_links":{"self":[{"href":"https:\/\/gazdasagportal.hu\/index.php\/wp-json\/wp\/v2\/posts\/101745"}],"collection":[{"href":"https:\/\/gazdasagportal.hu\/index.php\/wp-json\/wp\/v2\/posts"}],"about":[{"href":"https:\/\/gazdasagportal.hu\/index.php\/wp-json\/wp\/v2\/types\/post"}],"author":[{"embeddable":true,"href":"https:\/\/gazdasagportal.hu\/index.php\/wp-json\/wp\/v2\/users\/1"}],"replies":[{"embeddable":true,"href":"https:\/\/gazdasagportal.hu\/index.php\/wp-json\/wp\/v2\/comments?post=101745"}],"version-history":[{"count":1,"href":"https:\/\/gazdasagportal.hu\/index.php\/wp-json\/wp\/v2\/posts\/101745\/revisions"}],"predecessor-version":[{"id":101746,"href":"https:\/\/gazdasagportal.hu\/index.php\/wp-json\/wp\/v2\/posts\/101745\/revisions\/101746"}],"wp:attachment":[{"href":"https:\/\/gazdasagportal.hu\/index.php\/wp-json\/wp\/v2\/media?parent=101745"}],"wp:term":[{"taxonomy":"category","embeddable":true,"href":"https:\/\/gazdasagportal.hu\/index.php\/wp-json\/wp\/v2\/categories?post=101745"},{"taxonomy":"post_tag","embeddable":true,"href":"https:\/\/gazdasagportal.hu\/index.php\/wp-json\/wp\/v2\/tags?post=101745"}],"curies":[{"name":"wp","href":"https:\/\/api.w.org\/{rel}","templated":true}]}}