{"id":101743,"date":"2018-01-06T16:44:13","date_gmt":"2018-01-06T15:44:13","guid":{"rendered":"http:\/\/gazdasagportal.hu\/?p=101743"},"modified":"2018-01-06T09:46:52","modified_gmt":"2018-01-06T08:46:52","slug":"a-ford-a-magyarorszagi-haszonjarmu-piac-erosodeset-varja-az-iden","status":"publish","type":"post","link":"https:\/\/gazdasagportal.hu\/index.php\/a-ford-a-magyarorszagi-haszonjarmu-piac-erosodeset-varja-az-iden\/","title":{"rendered":"A Ford a magyarorsz\u00e1gi haszonj\u00e1rm\u0171 piac er\u0151s\u00f6d\u00e9s\u00e9t v\u00e1rja az id\u00e9n"},"content":{"rendered":"<p><strong>T\u00edz-tizenk\u00e9t sz\u00e1zal\u00e9kos n\u00f6veked\u00e9si potenci\u00e1lt l\u00e1t a magyarorsz\u00e1gi haszong\u00e9pj\u00e1rm\u0171 szegmensben az idei \u00e9vre a Ford Magyarorsz\u00e1g, ez alapj\u00e1n a m\u00e1rk\u00e1nak a piacit kiss\u00e9 meghalad\u00f3 er\u0151s\u00f6d\u00e9s\u00e9ben \u00e9s a kishaszonj\u00e1rm\u0171 piacon megszerzett domin\u00e1ns poz\u00edci\u00f3j\u00e1nak megtart\u00e1s\u00e1ban b\u00edzik a c\u00e9g \u00fcgyvezet\u0151je.<\/strong><!--more--><br \/>\n<div class=\"ads-in-post1\"><div id=\"gazdasagportal.hu_fullbanner_wideboard\"><\/div>\r\n<\/div>\n<p>    Szamosi Viktor p\u00e9nteken Budapesten sajt\u00f3t\u00e1j\u00e9koztat\u00f3n elmondta: v\u00e1rakoz\u00e1saik szerint a k\u00f6vetkez\u0151 k\u00e9t \u00e9vben folytat\u00f3dik az eur\u00f3pai \u00e9s a magyar aut\u00f3piac szolid n\u00f6veked\u00e9se, amelyet a lakoss\u00e1gi fogyaszt\u00e1s b\u0151v\u00fcl\u00e9se hajt. A v\u00e1ls\u00e1g \u00e9vein t\u00faljutva n\u0151 a mag\u00e1nszem\u00e9ly v\u00e1s\u00e1rl\u00f3k ar\u00e1nya, akiknek fele jelenleg m\u00e1r l\u00edzingkonstrukci\u00f3t v\u00e1laszt a finansz\u00edroz\u00e1shoz &#8211; jelezte.<br \/>\n    Kit\u00e9rt arra, hogy szak\u00e9rt\u0151i becsl\u00e9sek szerint ak\u00e1r \u00e9vi 50 ezerrel is n\u00f6vekedne a jelenleg 160 ezer darabot megk\u00f6zel\u00edt\u0151 magyarorsz\u00e1gi \u00fajj\u00e1rm\u0171-\u00e9rt\u00e9kes\u00edt\u00e9s, ha ezt ad\u00f3v\u00e1ltoz\u00e1sok \u00e9s egy\u00e9b int\u00e9zked\u00e9sek t\u00e1mogatn\u00e1k. Ilyennek nevezte egyebek k\u00f6z\u00f6tt a j\u00e1rm\u0171vek sz\u00e9n-dioxid-kibocs\u00e1t\u00e1s alap\u00fa ad\u00f3ztat\u00e1s\u00e1t, illetve az \u00e1favissza\u00e9l\u00e9sek megsz\u00fcntet\u00e9se \u00e9rdek\u00e9ben a jogszab\u00e1lyok szigor\u00fabb betartat\u00e1s\u00e1t.<br \/>\n    A Ford tavaly az els\u0151 helyen v\u00e9gzett a m\u00e1rk\u00e1k er\u0151sorrendj\u00e9ben a szem\u00e9lyg\u00e9pkocsik \u00e9s kishaszonj\u00e1rm\u0171vek egy\u00fcttes \u00e9rt\u00e9kes\u00edt\u00e9si list\u00e1j\u00e1n is, a Carinfo adatai szerint 16 033 j\u00e1rm\u0171 elad\u00e1s\u00e1val 11,77 sz\u00e1zal\u00e9kos r\u00e9sesed\u00e9st szerzett    a magyarorsz\u00e1gi \u00fajaut\u00f3piacon. Tavalyi elad\u00e1sait 6,22 sz\u00e1zal\u00e9kkal m\u00falta fel\u00fcl a m\u00e1rka.<br \/>\n<div class=\"ads-in-post2\"><script async src=\"https:\/\/pagead2.googlesyndication.com\/pagead\/js\/adsbygoogle.js\"><\/script>\r\n<ins class=\"adsbygoogle\"\r\n     style=\"display:block\"\r\n     data-ad-format=\"fluid\"\r\n     data-ad-layout-key=\"-6t+ed+2i-1n-4w\"\r\n     data-ad-client=\"ca-pub-1959107119989764\"\r\n     data-ad-slot=\"4008251320\"><\/ins>\r\n<script>\r\n     (adsbygoogle = window.adsbygoogle || []).push({});\r\n<\/script><\/div>\n    A Ford \u00e9rt\u00e9kes\u00edt\u00e9s\u00e9nek mintegy 20 sz\u00e1zal\u00e9ka kishaszonj\u00e1rm\u0171. A tavaly eladott 4661 haszonj\u00e1rm\u0171 ugyan elmarad az el\u0151z\u0151 \u00e9vi 5572 darabt\u00f3l, mindazon\u00e1ltal t\u00f6bb mint 23 sz\u00e1zal\u00e9kos r\u00e9szesed\u00e9st, ezzel els\u0151s\u00e9get eredm\u00e9nyezett a piacon. A visszaes\u00e9st a n\u00f6veked\u00e9si hitelprogram kifut\u00e1sa miatti magas b\u00e1zissal magyar\u00e1zz\u00e1k a c\u00e9g vezet\u0151i, akik az id\u00e9n m\u00e1r ak\u00e1r 10-12 sz\u00e1zal\u00e9kos n\u00f6veked\u00e9s val\u00f3sz\u00edn\u0171s\u00edtenek.<br \/>\n    A Ford 2018-ban \u00faj modellek offenz\u00edv\u00e1j\u00e1val k\u00e9sz\u00fcl a n\u00f6vekv\u0151 keresletre, t\u00edz teljesen meg\u00fajult modellel jelentkezik &#8211; jelezte Szamosi Viktor. Hozz\u00e1tette: folytatj\u00e1k a m\u00e1rkakeresked\u0151i h\u00e1l\u00f3zat b\u0151v\u00edt\u00e9s\u00e9t is, az id\u00e9n k\u00e9t \u00faj szalon nyit\u00e1sa v\u00e1rhat\u00f3 a megl\u00e9v\u0151 35 \u00e9rt\u00e9kes\u00edt\u00e9si pont \u00e9s 49 szervizpont mellett.<br \/>\n    Az \u00fcgyvezet\u0151 kit\u00e9rt arra, hogy a Ford Szentendr\u00e9n m\u0171k\u00f6dteti eur\u00f3pai szolg\u00e1ltat\u00e1si k\u00f6zpontj\u00e1t, amely mintegy 500 dolgoz\u00f3t, f\u0151leg diplom\u00e1s magyar fiatalokat foglalkoztat. A k\u00f6zpont l\u00e9tsz\u00e1ma tavaly t\u00f6bb mint 100 f\u0151vel gyarapodott.(MTI)<\/p>\n","protected":false},"excerpt":{"rendered":"<p>T\u00edz-tizenk\u00e9t sz\u00e1zal\u00e9kos n\u00f6veked\u00e9si potenci\u00e1lt l\u00e1t a magyarorsz\u00e1gi haszong\u00e9pj\u00e1rm\u0171 szegmensben az idei \u00e9vre a Ford Magyarorsz\u00e1g, ez alapj\u00e1n a m\u00e1rk\u00e1nak a piacit kiss\u00e9 meghalad\u00f3 er\u0151s\u00f6d\u00e9s\u00e9ben \u00e9s a kishaszonj\u00e1rm\u0171 piacon megszerzett domin\u00e1ns poz\u00edci\u00f3j\u00e1nak megtart\u00e1s\u00e1ban b\u00edzik a c\u00e9g \u00fcgyvezet\u0151je.<\/p>\n","protected":false},"author":1,"featured_media":0,"comment_status":"closed","ping_status":"open","sticky":false,"template":"","format":"standard","meta":[],"categories":[4,19],"tags":[],"_links":{"self":[{"href":"https:\/\/gazdasagportal.hu\/index.php\/wp-json\/wp\/v2\/posts\/101743"}],"collection":[{"href":"https:\/\/gazdasagportal.hu\/index.php\/wp-json\/wp\/v2\/posts"}],"about":[{"href":"https:\/\/gazdasagportal.hu\/index.php\/wp-json\/wp\/v2\/types\/post"}],"author":[{"embeddable":true,"href":"https:\/\/gazdasagportal.hu\/index.php\/wp-json\/wp\/v2\/users\/1"}],"replies":[{"embeddable":true,"href":"https:\/\/gazdasagportal.hu\/index.php\/wp-json\/wp\/v2\/comments?post=101743"}],"version-history":[{"count":1,"href":"https:\/\/gazdasagportal.hu\/index.php\/wp-json\/wp\/v2\/posts\/101743\/revisions"}],"predecessor-version":[{"id":101744,"href":"https:\/\/gazdasagportal.hu\/index.php\/wp-json\/wp\/v2\/posts\/101743\/revisions\/101744"}],"wp:attachment":[{"href":"https:\/\/gazdasagportal.hu\/index.php\/wp-json\/wp\/v2\/media?parent=101743"}],"wp:term":[{"taxonomy":"category","embeddable":true,"href":"https:\/\/gazdasagportal.hu\/index.php\/wp-json\/wp\/v2\/categories?post=101743"},{"taxonomy":"post_tag","embeddable":true,"href":"https:\/\/gazdasagportal.hu\/index.php\/wp-json\/wp\/v2\/tags?post=101743"}],"curies":[{"name":"wp","href":"https:\/\/api.w.org\/{rel}","templated":true}]}}