{"id":101722,"date":"2018-01-05T12:14:47","date_gmt":"2018-01-05T11:14:47","guid":{"rendered":"http:\/\/gazdasagportal.hu\/?p=101722"},"modified":"2018-01-05T12:14:47","modified_gmt":"2018-01-05T11:14:47","slug":"mit-hoz-2018-kockazatok-iparagi-szinten-a-magyar-gazdasagban","status":"publish","type":"post","link":"https:\/\/gazdasagportal.hu\/index.php\/mit-hoz-2018-kockazatok-iparagi-szinten-a-magyar-gazdasagban\/","title":{"rendered":"Mit hoz 2018: Kock\u00e1zatok ipar\u00e1gi szinten a magyar gazdas\u00e1gban"},"content":{"rendered":"<p><strong>A hazai gazdas\u00e1g n\u00f6veked\u00e9se a kedvez\u0151 glob\u00e1lis k\u00f6rnyezetben 2018-ban is megmarad, j\u00f6v\u0151re 3,5-4% k\u00f6z\u00f6tti GDP n\u00f6veked\u00e9st v\u00e1rhatunk, ami uni\u00f3s szinten kifejezetten j\u00f3 eredm\u00e9ny, a r\u00e9gi\u00f3ban azonban m\u00e1r kor\u00e1nt sem kimagasl\u00f3. A legfontosabb hazai ipar\u00e1gak k\u00fcl\u00f6nb\u00f6z\u0151 kih\u00edv\u00e1sokkal n\u00e9znek szembe, ennek megfelel\u0151en elt\u00e9r\u0151 m\u00e9rt\u00e9kben fejl\u0151dhetnek j\u00f6v\u0151re, azonban az \u00e1ltal\u00e1nos munkaer\u0151hi\u00e1ny, illetve az uni\u00f3s forr\u00e1sok el\u00e9rhet\u0151s\u00e9ge szinte mindenhol fontos t\u00e9nyez\u0151k\u00e9nt jelenik meg, ak\u00e1rcsak 2017-ben. Az Euler Hermes Hitelbiztos\u00edt\u00f3 \u00e9v v\u00e9gi elemz\u00e9s\u00e9ben 5 kiemelt ter\u00fcletet, a g\u00e9pj\u00e1rm\u0171ipart, az \u00e9p\u00edt\u0151ipart, a sz\u00e1ll\u00edtm\u00e1nyoz\u00e1st, az \u00e9lelmiszeripart \u00e9s a kiskereskedelmet vizsg\u00e1lta meg a 2017-es esem\u00e9nyek \u00e9s a 2018-as v\u00e1rakoz\u00e1sok alapj\u00e1n.<\/strong><!--more--><\/p>\n<div class=\"ads-in-post1\"><div id=\"gazdasagportal.hu_fullbanner_wideboard\"><\/div>\r\n<\/div>\n<p><strong>G\u00e9pj\u00e1rm\u0171ipar \u2013 a h\u00faz\u00f3\u00e1gazat \u00e9vek \u00f3ta<\/strong><\/p>\n<p>A g\u00e9pj\u00e1rm\u0171gy\u00e1rt\u00e1s elengedhetetlen a magyar gazdas\u00e1g sz\u00e1m\u00e1ra, teljes ipari termel\u00e9s\u00fcnk 31,5%-\u00e1t, a teljes export 13%-\u00e1t, illetve a magyar GDP 10%-\u00e1t teszi ki. A haz\u00e1nkban gy\u00e1rtott j\u00e1rm\u0171vek 95%-a k\u00e9sz\u00fcl exportra, melyb\u0151l N\u00e9metorsz\u00e1g 40%-kal veszi ki a r\u00e9sz\u00e9t. <strong>A hazai g\u00e9pj\u00e1rm\u0171gy\u00e1rt\u00e1s pozit\u00edv fejlem\u00e9nyei 2017-ben is folytat\u00f3dtak:<\/strong><strong> az Audi gy\u00e1rfejleszt\u00e9s\u00e9n k\u00edv\u00fcl a Mercedes Benz Hung\u00e1ria Kft. megl\u00e9v\u0151 \u00fczem\u00e9nek b\u0151v\u00edt\u00e9se mellett egy 1 milli\u00e1rd eur\u00f3s \u00faj \u00fczemet is l\u00e9tre k\u00edv\u00e1n hozni, illetve az Opel is hossz\u00fa t\u00e1v\u00fa beruh\u00e1z\u00e1si terveket hozott nyilv\u00e1noss\u00e1gra.<\/strong> Mindemellett a n\u00e9met alkatr\u00e9szgy\u00e1rt\u00f3 Thyssenkrupp \u00f6sszesen 135 milli\u00f3 eur\u00f3 \u00e9rt\u00e9k\u0171 beruh\u00e1z\u00e1st jelentett be, m\u00edg a hazai Ikarus az elk\u00f6vetkez\u0151 k\u00e9t \u00e9vben 1000 db aut\u00f3busz gy\u00e1rt\u00e1s\u00e1ra kapott megrendel\u00e9st Ir\u00e1nb\u00f3l. Zalaegerszegen 40 milli\u00e1rd forintos beruh\u00e1z\u00e1s keret\u00e9ben kezdt\u00e9k el \u00e9p\u00edteni azt az eur\u00f3pai szinten is egyed\u00fcl\u00e1ll\u00f3 tesztp\u00e1ly\u00e1t, mely az \u00f6nvezet\u0151 j\u00e1rm\u0171vek tesztel\u00e9s\u00e9re \u00e9s fejleszt\u00e9s\u00e9re is alkalmas lesz, a Samsung pedig felavatta az elektromosaut\u00f3-akkumul\u00e1torokat gy\u00e1rt\u00f3 \u00fczem\u00e9t. <strong>A kih\u00edv\u00e1sok a sok pozit\u00edvum ellen\u00e9re ebben a szektorban is jelen vannak: els\u0151sorban az uni\u00f3s, \u00e9s kiemelten a n\u00e9met gazdas\u00e1g esetleges lassul\u00e1sa, vagy b\u00e1rmilyen komolyabb negat\u00edv geopolitikai esem\u00e9ny okozhat probl\u00e9m\u00e1kat<\/strong>, de a szakk\u00e9pzett munkaer\u0151 hi\u00e1ny\u00e1val \u00e9s az egyre magasabb b\u00e9rig\u00e9nyekkel is meg kell k\u00fczdeni\u00fck az \u00e1gazatban tev\u00e9kenyked\u0151 c\u00e9geknek.<\/p><div id=\"gazda-3144102476\" class=\"gazda-tartalomban gazda-entity-placement\"><script async src=\"https:\/\/pagead2.googlesyndication.com\/pagead\/js\/adsbygoogle.js\"><\/script>\r\n<ins class=\"adsbygoogle\"\r\n     style=\"display:block\"\r\n     data-ad-format=\"fluid\"\r\n     data-ad-layout-key=\"-6t+ed+2i-1n-4w\"\r\n     data-ad-client=\"ca-pub-1959107119989764\"\r\n     data-ad-slot=\"4008251320\"><\/ins>\r\n<script>\r\n     (adsbygoogle = window.adsbygoogle || []).push({});\r\n<\/script><\/div>\n<div class=\"ads-in-post2\"><script async src=\"https:\/\/pagead2.googlesyndication.com\/pagead\/js\/adsbygoogle.js\"><\/script>\r\n<ins class=\"adsbygoogle\"\r\n     style=\"display:block\"\r\n     data-ad-format=\"fluid\"\r\n     data-ad-layout-key=\"-6t+ed+2i-1n-4w\"\r\n     data-ad-client=\"ca-pub-1959107119989764\"\r\n     data-ad-slot=\"4008251320\"><\/ins>\r\n<script>\r\n     (adsbygoogle = window.adsbygoogle || []).push({});\r\n<\/script><\/div>\n<strong>\u00c9p\u00edt\u0151ipar \u2013 kiemelked\u0151 teljes\u00edtm\u00e9ny, amit a munkaer\u0151hi\u00e1ny vesz\u00e9lybe sodorhat<\/strong><\/p>\n<p>A leggyorsabban n\u00f6vekv\u0151 \u00e1gazat a magyar gazdas\u00e1gban 2017-ben az \u00e9p\u00edt\u0151ipar volt, \u00e9s az Euler Hermes szak\u00e9rt\u0151i szerint ez 2018-ban is hasonl\u00f3k\u00e9ppen lehet<strong>. A szektor teljes\u00edtm\u00e9nye az el\u0151zetes becsl\u00e9sek alapj\u00e1n 25%-kal n\u0151tt 2017-ben, \u00e9s jelent\u0151s lassul\u00e1sra j\u00f6v\u0151re sem kell sz\u00e1m\u00edtanunk<\/strong>, amit els\u0151sorban az ipari \u00e9s rakt\u00e1r\u00e9p\u00fcletek \u00e9p\u00edt\u00e9se gener\u00e1lhat, de a Csal\u00e1di Otthonteremt\u00e9si Kedvezm\u00e9ny is jelent\u0151sen n\u00f6velheti a keresletet. Az \u00fat-, vas\u00fat- \u00e9s k\u00f6zm\u0171\u00e9p\u00edt\u00e9si munk\u00e1k is nagyban hozz\u00e1j\u00e1rultak a kimagasl\u00f3 eredm\u00e9nyhez, ezek azonban t\u00f6bbnyire \u2013 r\u00e9szben \u2013 uni\u00f3s finansz\u00edroz\u00e1ssal val\u00f3sultak meg, \u00edgy ezen a t\u00e9ren, a cs\u00f6kken\u0151 EU forr\u00e1sok vesz\u00e9lye miatt van ok az \u00f3vatoss\u00e1gra. <strong>A 2018-as vesz\u00e9lyek k\u00f6z\u00fcl kiemelkedik a munkaer\u0151hi\u00e1ny, mely tal\u00e1n ezt az \u00e1gazatot s\u00fajtja a legink\u00e1bb,<\/strong> de az \u00e9p\u00edt\u0151anyag-kapacit\u00e1sokat is sok esetben m\u00e1sf\u00e9l \u00e9vvel az \u00e9p\u00edtkez\u00e9s megkezd\u00e9se el\u0151tt le kell k\u00f6tni, illetve az \u00faj lak\u00f3ingatlanok cs\u00f6kkentett \u00e1fa-tartalm\u00e1nak k\u00f6lts\u00e9gvet\u00e9si szempontb\u00f3l t\u00f6rt\u00e9n\u0151 fenntarthat\u00f3s\u00e1ga is komoly k\u00e9rd\u0151jel lehet 2018-ban.<\/p>\n<p><strong>Sz\u00e1ll\u00edtm\u00e1nyoz\u00e1s \u2013 magas \u00fczemagyag\u00e1rak, kev\u00e9s sof\u0151r, koncentr\u00e1lt piac<\/strong><\/p>\n<p>Az Euler Hermes Hitelbiztos\u00edt\u00f3 sz\u00e1ll\u00edtm\u00e1nyoz\u00e1si szektorelemz\u00e9se szerint itt kifejezetten er\u0151s a piaci koncentr\u00e1ci\u00f3 \u2013 n\u00e9h\u00e1ny meghat\u00e1roz\u00f3 v\u00e1llalattal. <strong>A vas\u00fati fejleszt\u00e9sek bejelent\u00e9se hossz\u00fa t\u00e1von hathat a szektorra, de j\u00f6v\u0151re m\u00e9g biztosan megmarad a k\u00f6z\u00fati fuvaroz\u00e1s dominanci\u00e1ja<\/strong>. A fontosabb piaci szerepl\u0151k \u2013\u00a0 melyek k\u00f6z\u00fcl kiemelkedik a Waberer\u2019s \u2013 stabil p\u00e9nz\u00fcgyi helyzetben vannak, \u00e9s 2018-ra is n\u00f6veked\u00e9st \u00e9rhetnek el. <strong>Ugyanakkor a kkv-k helyzete bonyolultabb: a k\u00e9szp\u00e9nz\u00e1llom\u00e1ny, a hitellehet\u0151s\u00e9gek \u00e9s a munkaer\u0151hi\u00e1ny ter\u00e9n is nehezebb poz\u00edci\u00f3ban vannak, a m\u00e9retgazdas\u00e1goss\u00e1gi okok miatt pedig a k\u00f6lts\u00e9geik is magasabbak.<\/strong> 2017-ben a nyersolaj vil\u00e1gpiaci \u00e1ra \u2013 melynek alakul\u00e1sa a szektor sz\u00e1m\u00e1ra alapvet\u0151en hat\u00e1rozza meg a nyeres\u00e9gess\u00e9get \u2013 stabiliz\u00e1l\u00f3dott, ugyanakkor az \u00e9v utols\u00f3 r\u00e9sz\u00e9ben \u00fajb\u00f3l emelkedni kezdett, ami probl\u00e9m\u00e1t jelenthet 2018-ra. Mindez komolyan \u00e9rintheti a szektor \u00f6sszes szerepl\u0151j\u00e9t, hiszen \u00e1tlagosan a kiad\u00e1saik 50%-\u00e1t teszik ki az \u00fczemanyagk\u00f6lts\u00e9gek. R\u00e1ad\u00e1sul a r\u00e9gi\u00f3s szinten magas hazai j\u00f6ved\u00e9ki ad\u00f3kulcs cs\u00f6kkent\u00e9se nem v\u00e1rhat\u00f3, ami kieg\u00e9sz\u00fclve a szektorban jelentkez\u0151 munkaer\u0151hi\u00e1nnyal, v\u00e1rhat\u00f3an nehezebb helyzetbe hozza a hazai sz\u00e1ll\u00edtm\u00e1nyoz\u00e1si c\u00e9geket 2018-ban.<\/p>\n<p><strong>\u00c9lelmiszeripar \u2013 kisz\u00e1m\u00edthatatlan folyamatok<\/strong><\/p>\n<p>Az \u00e9lelmiszeripar \u2013 \u00e9vtizedes hagyom\u00e1nyok alapj\u00e1n \u2013 Magyarorsz\u00e1g egyik legfontosabb strat\u00e9giai \u00e1gazata, aminek eredm\u00e9nyess\u00e9g\u00e9t els\u0151sorban a mez\u0151gazdas\u00e1g adott \u00e9vi teljes\u00edtm\u00e9nye hat\u00e1roz meg. <strong>Az els\u0151sorban uni\u00f3s alapok seg\u00edts\u00e9g\u00e9vel \u2013 csak 2017-ben 2,4 milli\u00e1rd eur\u00f3 mez\u0151gazdas\u00e1gi \u00e9s vid\u00e9kfejleszt\u00e9si alap volt el\u00e9rhet\u0151 \u2013 er\u0151sen t\u00e1mogatott szektor sz\u00e1m\u00e1ra jelenleg a finansz\u00edroz\u00e1si k\u00e9rd\u00e9sekben nincs probl\u00e9ma<\/strong>. A bankok kedvez\u0151 hiteleket tudnak ny\u00fajtani a piaci szerepl\u0151knek, \u00e9s am\u00edg a jegybanki alapkamat nem v\u00e1ltozik jelent\u0151sen, addig ez \u00edgy is maradhat. <strong>Ugyanakkor, a jelenlegi uni\u00f3s k\u00f6lts\u00e9gvet\u00e9si ciklus kifut\u00e1s\u00e1ra, 2020-ra egyre ink\u00e1bb fel kellene k\u00e9sz\u00fclni\u00fck a szerepl\u0151knek,<\/strong> ez azonban egyel\u0151re nem minden \u00e1gazatban tapasztalhat\u00f3. Pozit\u00edv fejlem\u00e9ny volt 2017-ben egyes \u00e9lelmiszercsoportok \u00e1fa-cs\u00f6kkent\u00e9se, mely \u00e9l\u00e9nk\u00edtette a keresletet, \u00e9s olyan komoly beruh\u00e1z\u00e1sokat is bejelentettek, mint p\u00e9ld\u00e1ul a magyar tulajdon\u00fa Kall Ingredients 145 milli\u00f3 eur\u00f3s tiszap\u00fcsp\u00f6ki \u00fczem\u00e9nek fel\u00e9p\u00edt\u00e9se, vagy a Coca-Cola Magyarorsz\u00e1g Kft. \u00faj, 6,5 milli\u00f3 eur\u00f3s logisztikai b\u0151v\u00edt\u00e9se, melynek k\u00f6sz\u00f6nhet\u0151en Magyarorsz\u00e1g legnagyobb \u00e9lelmiszeripari-rakt\u00e1ra j\u00f6n l\u00e9tre. <strong>A legnagyobb probl\u00e9m\u00e1t \u2013 term\u00e9szetesen a kisz\u00e1m\u00edthatatlan id\u0151j\u00e1r\u00e1si t\u00e9nyez\u0151k mellett \u2013 az \u00e9vr\u0151l \u00e9vre felbukkan\u00f3 mad\u00e1rinfluenza jelenti<\/strong>, melynek k\u00f6sz\u00f6nhet\u0151en az \u00e9v els\u0151 8 h\u00f3napj\u00e1ban export-embarg\u00f3 volt \u00e9rv\u00e9nyben az \u00e9rintett magyar term\u00e9kekre. Amennyiben 2018-ban esetleg \u00fajabb j\u00e1rv\u00e1nyok jelennek meg, a sert\u00e9spestis, a mad\u00e1rinfluenza, vagy b\u00e1rmely m\u00e1s, a h\u00fasfeldolgoz\u00e1st \u00e9rint\u0151 ter\u00fcleten, komoly probl\u00e9ma lehet a teljes szektor eredm\u00e9ny\u00e9vel is.<\/p>\n<p><strong>Kiskereskedelem \u2013 n\u00f6vekv\u0151 fogyaszt\u00e1s, c\u00e9gek cs\u0151dk\u00f6zelben<\/strong><\/p>\n<p>A kiskereskedelmi forgalom n\u00f6veked\u00e9s\u00e9nek trendje Magyarorsz\u00e1gon m\u00e1r t\u00f6bb mint n\u00e9gy \u00e9ve tart, <strong>2017-ben ak\u00e1r a 4,5%-os javul\u00e1s sem el\u00e9rhetetlen, ezzel t\u00f6bb mint dupl\u00e1ja is lehet az uni\u00f3s \u00e1tlagnak<\/strong>. Mindez k\u00f6sz\u00f6nhet\u0151 els\u0151sorban a re\u00e1lb\u00e9rek 2017-es jelent\u0151s n\u00f6veked\u00e9s\u00e9nek, ami a h\u00e1ztart\u00e1sok v\u00e1s\u00e1rl\u00f3erej\u00e9t szignifik\u00e1nsan meg tudta emelni. <strong>A lakoss\u00e1gi hitelfelv\u00e9tel is lend\u00fcletet kapott 2017-ben, ami v\u00e1rhat\u00f3an 2018-ban is folytat\u00f3dhat, hacsak nem k\u00f6vetkezik be jelent\u0151s jegybanki kamatemel\u00e9s<\/strong>. Tov\u00e1bbi j\u00f3 h\u00edr a szektor sz\u00e1m\u00e1ra, hogy az e-kereskedelem ter\u00fclet\u00e9n is k\u00f6zelebb ker\u00fcl\u00fcnk a legfejlettebb orsz\u00e1gok szintj\u00e9hez. <strong>A piaci szerepl\u0151knek azonban itt is szembe kell n\u00e9zni\u00fck az egyre komolyabb munkaer\u0151hi\u00e1nnyal,<\/strong> illetve a garant\u00e1lt minim\u00e1lb\u00e9r emel\u00e9s\u00e9b\u0151l \u2013 mely nagys\u00e1grendileg 13.000 munkav\u00e1llal\u00f3t \u00e9rintett a kiskereskedelmi szektorban \u2013 k\u00f6vetkez\u0151 t\u00f6bbletkiad\u00e1sokkal. 2017-ben t\u00f6bbek k\u00f6z\u00f6tt a CBA egyik franchise partner\u00e9hez tartoz\u00f3 80 \u00fczlet bez\u00e1r\u00e1sa, vagy az \u00e9v v\u00e9g\u00e9n, t\u00f6bb, jelent\u0151s kiskereskedelmi szerepl\u0151t \u00e9rint\u0151, cs\u0151dk\u00f6zeli helyzetr\u0151l sz\u00f3l\u00f3 negat\u00edv h\u00edrek okoztak fejt\u00f6r\u00e9st a j\u00f6v\u0151 \u00e9vi kil\u00e1t\u00e1sokkal kapcsolatban. <strong>2018-ban az \u00fajabb neh\u00e9zkes b\u00e9rt\u00e1rgyal\u00e1sok \u00e9s az esetleges sztr\u00e1jkok jelenthetik a legnagyobb probl\u00e9m\u00e1t,<\/strong> de a fogyaszt\u00f3i szok\u00e1sok \u00e1talakul\u00e1sa, a tervezett v\u00e1s\u00e1rl\u00e1sok esetleges visszafog\u00e1sa-elhalaszt\u00e1sa is bajba sodorhatja azokat a c\u00e9geket, amelyek a 2017-es n\u00f6veked\u00e9st akart\u00e1k meglovagolni j\u00f6v\u0151re is.<\/p>\n<p>&nbsp;<\/p>\n<p><strong>Az Euler Hermes elemz\u00e9seir\u0151l<\/strong><\/p>\n<p>A nemzetk\u00f6zi \u00e9s hazai szinten piacvezet\u0151 hitelbiztos\u00edt\u00f3, az Euler Hermes negyed\u00e9vente k\u00e9sz\u00edti el orsz\u00e1gkock\u00e1zati elemz\u00e9s\u00e9t a vil\u00e1g minden orsz\u00e1g\u00e1r\u00f3l, melynek sor\u00e1n felm\u00e9rik egy adott orsz\u00e1g v\u00e1llalkoz\u00e1sainak eset\u00e9ben a nemfizet\u00e9s kock\u00e1zatait, ez\u00e1ltal seg\u00edts\u00e9get ny\u00fajtanak a k\u00fclkereskedelemben \u00e9rintett v\u00e1llalatoknak \u00fczleti d\u00f6nt\u00e9seik meghozatal\u00e1ban. A hitelbiztos\u00edt\u00f3 az orsz\u00e1gkock\u00e1zati elemz\u00e9seken fel\u00fcl szektorkock\u00e1zat-el\u0151rejelz\u00e9st \u00e9s egy\u00e9ni szint\u0171 c\u00e9gkock\u00e1zatot is vizsg\u00e1l. Sz\u00e1mos szektorr\u00f3l, t\u00f6bbek k\u00f6z\u00f6tt a g\u00e9pj\u00e1rm\u0171iparr\u00f3l, kereskedelemr\u0151l \u00e9s az \u00e9lelmiszeriparr\u00f3l is rendszeresen k\u00e9sz\u00edtenek elemz\u00e9st az Euler Hermes szak\u00e9rt\u0151i.<\/p>\n","protected":false},"excerpt":{"rendered":"<p>A hazai gazdas\u00e1g n\u00f6veked\u00e9se a kedvez\u0151 glob\u00e1lis k\u00f6rnyezetben 2018-ban is megmarad, j\u00f6v\u0151re 3,5-4% k\u00f6z\u00f6tti GDP n\u00f6veked\u00e9st v\u00e1rhatunk, ami uni\u00f3s szinten kifejezetten j\u00f3 eredm\u00e9ny, a r\u00e9gi\u00f3ban azonban m\u00e1r kor\u00e1nt sem kimagasl\u00f3. A legfontosabb hazai ipar\u00e1gak k\u00fcl\u00f6nb\u00f6z\u0151 kih\u00edv\u00e1sokkal n\u00e9znek szembe, ennek megfelel\u0151en elt\u00e9r\u0151 m\u00e9rt\u00e9kben fejl\u0151dhetnek j\u00f6v\u0151re, azonban az \u00e1ltal\u00e1nos munkaer\u0151hi\u00e1ny, illetve az uni\u00f3s forr\u00e1sok el\u00e9rhet\u0151s\u00e9ge szinte mindenhol &#8230;<\/p>\n","protected":false},"author":1,"featured_media":94128,"comment_status":"closed","ping_status":"open","sticky":false,"template":"","format":"standard","meta":[],"categories":[146,4,19],"tags":[],"_links":{"self":[{"href":"https:\/\/gazdasagportal.hu\/index.php\/wp-json\/wp\/v2\/posts\/101722"}],"collection":[{"href":"https:\/\/gazdasagportal.hu\/index.php\/wp-json\/wp\/v2\/posts"}],"about":[{"href":"https:\/\/gazdasagportal.hu\/index.php\/wp-json\/wp\/v2\/types\/post"}],"author":[{"embeddable":true,"href":"https:\/\/gazdasagportal.hu\/index.php\/wp-json\/wp\/v2\/users\/1"}],"replies":[{"embeddable":true,"href":"https:\/\/gazdasagportal.hu\/index.php\/wp-json\/wp\/v2\/comments?post=101722"}],"version-history":[{"count":1,"href":"https:\/\/gazdasagportal.hu\/index.php\/wp-json\/wp\/v2\/posts\/101722\/revisions"}],"predecessor-version":[{"id":101723,"href":"https:\/\/gazdasagportal.hu\/index.php\/wp-json\/wp\/v2\/posts\/101722\/revisions\/101723"}],"wp:featuredmedia":[{"embeddable":true,"href":"https:\/\/gazdasagportal.hu\/index.php\/wp-json\/wp\/v2\/media\/94128"}],"wp:attachment":[{"href":"https:\/\/gazdasagportal.hu\/index.php\/wp-json\/wp\/v2\/media?parent=101722"}],"wp:term":[{"taxonomy":"category","embeddable":true,"href":"https:\/\/gazdasagportal.hu\/index.php\/wp-json\/wp\/v2\/categories?post=101722"},{"taxonomy":"post_tag","embeddable":true,"href":"https:\/\/gazdasagportal.hu\/index.php\/wp-json\/wp\/v2\/tags?post=101722"}],"curies":[{"name":"wp","href":"https:\/\/api.w.org\/{rel}","templated":true}]}}