{"id":101634,"date":"2018-01-02T12:52:27","date_gmt":"2018-01-02T11:52:27","guid":{"rendered":"http:\/\/gazdasagportal.hu\/?p=101634"},"modified":"2018-01-02T12:52:27","modified_gmt":"2018-01-02T11:52:27","slug":"fizetesemelesi-hullamot-okozhat-a-szakemberhiany-a-kkv-knal","status":"publish","type":"post","link":"https:\/\/gazdasagportal.hu\/index.php\/fizetesemelesi-hullamot-okozhat-a-szakemberhiany-a-kkv-knal\/","title":{"rendered":"Fizet\u00e9semel\u00e9si hull\u00e1mot okozhat a szakemberhi\u00e1ny a kkv-kn\u00e1l"},"content":{"rendered":"<p><strong>A hazai kkv-k t\u00f6bbs\u00e9g\u00e9nek nem a t\u0151ke-, hanem a szakemberhi\u00e1ny okozza a legnagyobb gondot <\/strong>\u2013<strong> der\u00fcl ki a K&amp;H kkv bizalmi index kutat\u00e1s adataib\u00f3l. A c\u00e9gek h\u00e1romnegyede szembes\u00fclt m\u00e1r a munkaer\u0151hi\u00e1nyra visszavezethet\u0151 neh\u00e9zs\u00e9ggel, \u00edgy nem meglep\u0151, hogy tavaly \u00e9v elej\u00e9hez k\u00e9pest k\u00f6zel dupla annyi c\u00e9g keres \u00faj dolgoz\u00f3kat, \u00e9s soha ennyien nem k\u00e9sz\u00fcltek m\u00e9g fizet\u00e9semel\u00e9sre.<\/strong><!--more--><\/p>\n<div class=\"ads-in-post1\"><div id=\"gazdasagportal.hu_fullbanner_wideboard\"><\/div>\r\n<\/div>\n<p><strong>\u00a0<\/strong><\/p>\n<p>A KSH legfrissebb adata szerint a harmadik negyed\u00e9vben \u00faj cs\u00facsokat d\u00f6nt\u00f6get az \u00fcres \u00e1ll\u00e1shelyek sz\u00e1ma. A v\u00e1llalati szektorban csaknem 53 600 bet\u00f6ltetlen poz\u00edci\u00f3 volt, ami 30%-kal meghaladja az el\u0151z\u0151 \u00e9v azonos id\u0151szak\u00e1ban m\u00e9rt szintet, a teljes nemzetgazdas\u00e1gban pedig t\u00f6bb mint 70 ezer \u00e1ll\u00e1s \u00e1llt \u00fcresen id\u00e9n j\u00falius \u00e9s szeptember k\u00f6z\u00f6tt.<\/p>\n<p>&nbsp;<\/p><div id=\"gazda-3385882519\" class=\"gazda-tartalomban gazda-entity-placement\"><script async src=\"https:\/\/pagead2.googlesyndication.com\/pagead\/js\/adsbygoogle.js\"><\/script>\r\n<ins class=\"adsbygoogle\"\r\n     style=\"display:block\"\r\n     data-ad-format=\"fluid\"\r\n     data-ad-layout-key=\"-6t+ed+2i-1n-4w\"\r\n     data-ad-client=\"ca-pub-1959107119989764\"\r\n     data-ad-slot=\"4008251320\"><\/ins>\r\n<script>\r\n     (adsbygoogle = window.adsbygoogle || []).push({});\r\n<\/script><\/div>\n<p>\u201eA megfelel\u0151 szaktud\u00e1s\u00fa alkalmazottak megtal\u00e1l\u00e1sa tal\u00e1n soha nem volt ilyen fontos \u00e9s neh\u00e9z a v\u00e1llalkoz\u00e1sok sz\u00e1m\u00e1ra. Ezt mutatja a <strong>K&amp;H kkv bizalmi index<\/strong> kutat\u00e1sunk legut\u00f3bbi eredm\u00e9nye, amely szerint az elm\u00falt egy \u00e9vben a v\u00e1llalkoz\u00e1sok k\u00e9tharmada (67%) tal\u00e1lkozott valamilyen, a munkaer\u0151hi\u00e1nyra visszavezethet\u0151 neh\u00e9zs\u00e9ggel. Tov\u00e1bb\u00e1 a v\u00e1llalkoz\u00e1sok meg\u00edt\u00e9l\u00e9se szerint nem a t\u0151ke- vagy kereslethi\u00e1ny, hanem a munkaer\u0151- \u00e9s szakemberhi\u00e1ny okozza a legnagyobb gondot a c\u00e9gek sz\u00e1m\u00e1ra. A munkaer\u0151piac fontoss\u00e1ga teh\u00e1t egyre ink\u00e1bb fel\u00e9rt\u00e9kel\u0151dik\u201d \u2013 mondta el <strong>Kov\u00e1cs Viktor Zolt\u00e1n, a K&amp;H kkv marketing f\u0151oszt\u00e1ly vezet\u0151je.<\/strong><\/p>\n<p><strong>Munkaer\u0151 kerestetik<\/strong><\/p>\n<p>Tavaly \u00e9v elej\u00e9hez k\u00e9pest k\u00f6zel dupla annyi (36%) c\u00e9g tervez munkaer\u0151felv\u00e9telt, minden tizedik kkv pedig 4-n\u00e9l t\u00f6bb f\u0151 alkalmaz\u00e1s\u00e1ban gondolkodik\u201d \u2013 mondta el a szak\u00e9rt\u0151. Nem mindegy azonban, ki milyen szektorban keres \u00e1ll\u00e1st. M\u00edg a mez\u0151gazdas\u00e1gban \u00e9s a kereskedelemben k\u00f6zel minden negyedik (26% \u00e9s 27%), addig az iparban minden m\u00e1sodik c\u00e9g tervez l\u00e9tsz\u00e1mb\u0151v\u00edt\u00e9st.<\/p>\n<div class=\"ads-in-post2\"><script async src=\"https:\/\/pagead2.googlesyndication.com\/pagead\/js\/adsbygoogle.js\"><\/script>\r\n<ins class=\"adsbygoogle\"\r\n     style=\"display:block\"\r\n     data-ad-format=\"fluid\"\r\n     data-ad-layout-key=\"-6t+ed+2i-1n-4w\"\r\n     data-ad-client=\"ca-pub-1959107119989764\"\r\n     data-ad-slot=\"4008251320\"><\/ins>\r\n<script>\r\n     (adsbygoogle = window.adsbygoogle || []).push({});\r\n<\/script><\/div>\n&nbsp;<\/p>\n<p><strong>Cs\u00facson a b\u00e9remel\u00e9si sz\u00e1nd\u00e9k<\/strong><\/p>\n<p>\u00dagy t\u0171nik, a c\u00e9gek a munkab\u00e9rrel is igyekeznek megtartani vagy \u00e9ppen megnyerni a munkav\u00e1llal\u00f3kat, tavaly \u00e9v elej\u00e9hez k\u00e9pest ugyanis jelent\u0151sen megugrott a fizet\u00e9semel\u00e9sben gondolkod\u00f3 c\u00e9gek ar\u00e1nya. \u201eId\u00e9n a kkv-k 75%-a k\u00e9sz\u00fcl b\u00e9remel\u00e9sre, ami terveik szerint \u00e1tlagosan 9,5%-os lesz. Mindk\u00e9t adat az index t\u00f6rt\u00e9net\u00e9ben az eddigi legmagasabb \u00e9rt\u00e9k, \u00e9s azt mutatja, hogy a kkv-k m\u00e1r \u00e9rdemben reag\u00e1ltak a korm\u00e1nyzat minim\u00e1lb\u00e9r emel\u00e9si sz\u00e1nd\u00e9k\u00e1ra\u201d \u2013 mondta el Kov\u00e1cs Viktor Zolt\u00e1n. A fizet\u00e9semel\u00e9si sz\u00e1nd\u00e9k a c\u00e9g m\u00e9ret\u00e9t\u0151l \u00e9s tev\u00e9kenys\u00e9gi k\u00f6r\u00e9t\u0151l f\u00fcggetlen\u00fcl egyar\u00e1nt magas, de a mez\u0151gazdas\u00e1gban (88%) \u00e9s a k\u00f6z\u00e9pv\u00e1llalkoz\u00e1sokn\u00e1l (86%) dolgoz\u00f3k sz\u00e1m\u00edthatnak legt\u00f6bben magasabb j\u00f6vedelemre 2018-ban.<\/p>\n<p>&nbsp;<\/p>\n<p>&nbsp;<\/p>\n<p>&nbsp;<\/p>\n<p><strong>\u00a0<\/strong><\/p>\n<p>&nbsp;<\/p>\n<p><strong>\u00a0<\/strong><\/p>\n<p><strong>A K&amp;H kkv bizalmi indexr\u0151l<\/strong><\/p>\n<p>A K&amp;H \u00e9s a GfK Magyarorsz\u00e1gon els\u0151k\u00e9nt kezdte el vizsg\u00e1lni a hazai mikro-, kis- \u00e9s k\u00f6z\u00e9pv\u00e1llalkoz\u00e1sok k\u00f6vetkez\u0151 egy \u00e9vre jellemz\u0151 v\u00e1rakoz\u00e1sait. A 2004 \u00f3ta folyamatosan k\u00e9sz\u00edtett negyed\u00e9ves K&amp;H kkv bizalmi index \u00f6ssze\u00e1ll\u00edt\u00e1sa 500 magyarorsz\u00e1gi sz\u00e9khely\u0171, 2 milli\u00e1rd forint* \u00e9ves \u00e1rbev\u00e9tel alatti t\u00e1rsas\u00e1g \u00fczleti d\u00f6nt\u00e9shoz\u00f3inak megk\u00e9rdez\u00e9s\u00e9vel t\u00f6rt\u00e9nik. A kutat\u00e1s\u00e1ban a v\u00e1llalkoz\u00e1sok gazdas\u00e1gi helyzet\u00e9t legink\u00e1bb befoly\u00e1sol\u00f3 10 gazdas\u00e1gi t\u00e9nyez\u0151t \u00e9s annak v\u00e1rt v\u00e1ltoz\u00e1sait vizsg\u00e1lj\u00e1k: vev\u0151i kapcsolatok, sz\u00e1ll\u00edt\u00f3i kapcsolatok, munkaer\u0151, v\u00e1llalat p\u00e9nz\u00fcgyei, bankok, gazdas\u00e1gpolitika, k\u00f6zterhek, EU, versenyhelyzet, v\u00e1llalati hitelkamatok. A K&amp;H kkv bizalmi index a 10 r\u00e9szindex s\u00falyozott \u00e1tlaga, annak megfelel\u0151en, hogy az egyes t\u00e9nyez\u0151ket mennyire fontosnak \u00edt\u00e9lik a v\u00e1llalkoz\u00e1sok. A legut\u00f3bbi felm\u00e9r\u00e9s 2017. augusztus 28. \u2013 szeptember 12. k\u00f6z\u00f6tt t\u00f6rt\u00e9nt.<\/p>\n<p>A kutat\u00e1sban megk\u00e9rdezett v\u00e1llalkoz\u00e1sok m\u00e9ret \u00e9s \u00e1rbev\u00e9tel-kateg\u00f3ria szerint:<\/p>\n<p>mikrov\u00e1llalkoz\u00e1sok (0-100 milli\u00f3 Ft)<\/p>\n<p>kisv\u00e1llalkoz\u00e1sok (101-300 milli\u00f3 Ft)<\/p>\n<p>k\u00f6z\u00e9pv\u00e1llalkoz\u00e1sok (301 &#8211; 2 milli\u00e1rd Ft)<\/p>\n<p>* 2010 els\u0151 negyed\u00e9v\u00e9t megel\u0151z\u0151en 700 milli\u00f3 forint<\/p>\n<p>&nbsp;<\/p>\n<p><strong>A K&amp;H Csoport<\/strong><\/p>\n<p>Az orsz\u00e1g egyik vezet\u0151 \u00e9s orsz\u00e1gosan t\u00f6bb mint 4100 munkat\u00e1rsat foglalkoztat\u00f3 p\u00e9nzint\u00e9zetek\u00e9nt a K&amp;H c\u00e9lja, hogy \u00fcgyfelei ig\u00e9nyeit minden id\u0151ben magas szinten el\u00e9g\u00edtse ki, \u00e9s a lehet\u0151 legteljesebb term\u00e9kpalett\u00e1t ny\u00fajtsa sz\u00e1mukra. A K&amp;H orsz\u00e1gszerte 208 lakoss\u00e1gi fi\u00f3kot m\u0171k\u00f6dtet, \u00e9s mintegy 1 milli\u00f3 lakoss\u00e1gi, kkv \u00e9s v\u00e1llalati \u00fcgyfel\u00e9nek k\u00edn\u00e1l p\u00e9nz\u00fcgyi szolg\u00e1ltat\u00e1sokat. A magyar gazdas\u00e1g m\u0171k\u00f6d\u00e9s\u00e9t t\u00f6bb mint 1 800 milli\u00e1rd forintnyi kihelyezett hitel- \u00e9s hiteljelleg\u0171 \u00e1llom\u00e1nnyal seg\u00edti h\u00e1ztart\u00e1sok, kisv\u00e1llalkoz\u00e1sok, v\u00e1llalatok \u00e9s \u00f6nkorm\u00e1nyzatok finansz\u00edroz\u00e1s\u00e1n kereszt\u00fcl. A K&amp;H 2017. szeptember 30-\u00e1n a Magyar \u00c1llam \u00e1ltal kibocs\u00e1tott instrumentumok 624 milli\u00e1rd forintos \u00e1llom\u00e1ny\u00e1val rendelkezett. A c\u00e9gcsoport teljes tev\u00e9kenys\u00e9ge hozz\u00e1vet\u0151legesen 4000 magyar besz\u00e1ll\u00edt\u00f3nak \u00e9s mintegy 700 banki \u00e9s biztos\u00edt\u00e1si \u00fcgyn\u00f6knek biztos\u00edt rendszeres megrendel\u00e9seket \u00e9s tev\u00e9kenys\u00e9get.<\/p>\n<p><strong>\u00a0<\/strong><\/p>\n<p>&nbsp;<\/p>\n<p><strong>\u00a0<\/strong><\/p>\n<p><strong>K&amp;H Bank<\/strong><\/p>\n<ol start=\"2017\">\n<li><u> III. negyed\u00e9v\u00e9nek v\u00e9g\u00e9n:<\/u><\/li>\n<\/ol>\n<p>saj\u00e1t t\u0151ke (IFRS konszolid\u00e1lt, nem audit\u00e1lt):<strong> 255 milli\u00e1rd forint<\/strong><\/p>\n<p>m\u00e9rlegf\u0151\u00f6sszeg (IFRS konszolid\u00e1lt, nem audit\u00e1lt):<strong> 2 926 milli\u00e1rd forint<\/strong><\/p>\n<p>ad\u00f3z\u00e1s ut\u00e1ni eredm\u00e9ny (IFRS konszolid\u00e1lt, nem audit\u00e1lt): <strong>32,2 milli\u00e1rd forint<\/strong><\/p>\n<p><strong>\u00a0<\/strong><\/p>\n<p><strong>K&amp;H Biztos\u00edt\u00f3<\/strong><\/p>\n<ol start=\"2017\">\n<li><u> III. negyed\u00e9v\u00e9nek v\u00e9g\u00e9n:<\/u><\/li>\n<\/ol>\n<p>saj\u00e1t t\u0151ke (IFRS, nem audit\u00e1lt): <strong>13,2 milli\u00e1rd forint<\/strong><\/p>\n<p>m\u00e9rlegf\u0151\u00f6sszeg (IFRS, nem audit\u00e1lt): <strong>164,4 milli\u00e1rd forint<\/strong><\/p>\n<p>biztos\u00edt\u00e1stechnikai eredm\u00e9ny (IFRS t, nem audit\u00e1lt): <strong>3,47 milli\u00e1rd forint<\/strong><\/p>\n<p>ad\u00f3z\u00e1s ut\u00e1ni eredm\u00e9ny (IFRS, nem audit\u00e1lt): <strong>2,06 milli\u00e1rd forint<\/strong><\/p>\n<p><strong>\u00a0<\/strong><\/p>\n","protected":false},"excerpt":{"rendered":"<p>A hazai kkv-k t\u00f6bbs\u00e9g\u00e9nek nem a t\u0151ke-, hanem a szakemberhi\u00e1ny okozza a legnagyobb gondot \u2013 der\u00fcl ki a K&amp;H kkv bizalmi index kutat\u00e1s adataib\u00f3l. A c\u00e9gek h\u00e1romnegyede szembes\u00fclt m\u00e1r a munkaer\u0151hi\u00e1nyra visszavezethet\u0151 neh\u00e9zs\u00e9ggel, \u00edgy nem meglep\u0151, hogy tavaly \u00e9v elej\u00e9hez k\u00e9pest k\u00f6zel dupla annyi c\u00e9g keres \u00faj dolgoz\u00f3kat, \u00e9s soha ennyien nem k\u00e9sz\u00fcltek m\u00e9g fizet\u00e9semel\u00e9sre.<\/p>\n","protected":false},"author":1,"featured_media":90148,"comment_status":"closed","ping_status":"open","sticky":false,"template":"","format":"standard","meta":[],"categories":[146,4,19],"tags":[],"_links":{"self":[{"href":"https:\/\/gazdasagportal.hu\/index.php\/wp-json\/wp\/v2\/posts\/101634"}],"collection":[{"href":"https:\/\/gazdasagportal.hu\/index.php\/wp-json\/wp\/v2\/posts"}],"about":[{"href":"https:\/\/gazdasagportal.hu\/index.php\/wp-json\/wp\/v2\/types\/post"}],"author":[{"embeddable":true,"href":"https:\/\/gazdasagportal.hu\/index.php\/wp-json\/wp\/v2\/users\/1"}],"replies":[{"embeddable":true,"href":"https:\/\/gazdasagportal.hu\/index.php\/wp-json\/wp\/v2\/comments?post=101634"}],"version-history":[{"count":1,"href":"https:\/\/gazdasagportal.hu\/index.php\/wp-json\/wp\/v2\/posts\/101634\/revisions"}],"predecessor-version":[{"id":101635,"href":"https:\/\/gazdasagportal.hu\/index.php\/wp-json\/wp\/v2\/posts\/101634\/revisions\/101635"}],"wp:featuredmedia":[{"embeddable":true,"href":"https:\/\/gazdasagportal.hu\/index.php\/wp-json\/wp\/v2\/media\/90148"}],"wp:attachment":[{"href":"https:\/\/gazdasagportal.hu\/index.php\/wp-json\/wp\/v2\/media?parent=101634"}],"wp:term":[{"taxonomy":"category","embeddable":true,"href":"https:\/\/gazdasagportal.hu\/index.php\/wp-json\/wp\/v2\/categories?post=101634"},{"taxonomy":"post_tag","embeddable":true,"href":"https:\/\/gazdasagportal.hu\/index.php\/wp-json\/wp\/v2\/tags?post=101634"}],"curies":[{"name":"wp","href":"https:\/\/api.w.org\/{rel}","templated":true}]}}