{"id":101607,"date":"2017-12-31T21:14:08","date_gmt":"2017-12-31T20:14:08","guid":{"rendered":"http:\/\/gazdasagportal.hu\/?p=101607"},"modified":"2017-12-31T19:52:17","modified_gmt":"2017-12-31T18:52:17","slug":"tartos-suru-kod-majd-akar-10-celsius-fok","status":"publish","type":"post","link":"https:\/\/gazdasagportal.hu\/index.php\/tartos-suru-kod-majd-akar-10-celsius-fok\/","title":{"rendered":"Tart\u00f3s, s\u0171r\u0171 k\u00f6d, majd ak\u00e1r 10 Celsius-fok"},"content":{"rendered":"<p><strong>Az \u00faj \u00e9v els\u0151 napjaiban sem v\u00e1rhat\u00f3 leh\u0171l\u00e9s: n\u00e9hol a leghidegebb \u00f3r\u00e1kban is fagypont feletti, napk\u00f6zben t\u00f6bbfel\u00e9 10 Celsius-fok k\u00f6r\u00fcl lesznek a maximumok. Emellett a h\u00e9ten t\u00f6bbsz\u00f6r v\u00e1rhat\u00f3 csapad\u00e9k, es\u0151, n\u00e9hol h\u00f3 is &#8211; der\u00fcl ki az Orsz\u00e1gos Meteorol\u00f3giai Szolg\u00e1latnak vas\u00e1rnap az MTI-hez eljuttatott orsz\u00e1gos, k\u00f6z\u00e9pt\u00e1v\u00fa el\u0151rejelz\u00e9s\u00e9b\u0151l.<\/strong><!--more--><\/p>\n<div class=\"ads-in-post1\"><div id=\"gazdasagportal.hu_fullbanner_wideboard\"><\/div>\r\n<\/div>\n<p>    A tart\u00f3s, s\u0171r\u0171 k\u00f6d vesz\u00e9lye miatt a f\u0151v\u00e1rosra \u00e9s Pest, tov\u00e1bb\u00e1 h\u00e1rom \u00e9szakkeleti megy\u00e9re figyelmeztet\u00e9st adott ki \u00daj\u00e9v napj\u00e1ra a meteorol\u00f3giai szolg\u00e1lat. Azt \u00edrt\u00e1k: vas\u00e1rnap est\u00e9t\u0151l els\u0151sorban az \u00c9szaki-k\u00f6z\u00e9phegys\u00e9g v\u00f6lgyeiben, az Alf\u00f6ld \u00e9szaki perem\u00e9n kiterjedtebb, m\u00e1shol (Alf\u00f6ld, Kisalf\u00f6ld, Baranya) foltokban s\u0171r\u0171 k\u00f6d v\u00e1rhat\u00f3. N\u00e9hol szit\u00e1l\u00e1s is el\u0151fordulhat fagypont k\u00f6zeli h\u0151m\u00e9rs\u00e9klet mellett. H\u00e9tf\u0151n napk\u00f6zben mindenhol &#8211; legk\u00e9s\u0151bb az \u00c9szaki-k\u00f6z\u00e9phegys\u00e9g t\u00e9rs\u00e9g\u00e9ben &#8211; javulnak a l\u00e1t\u00e1si viszonyok, megsz\u0171nik a k\u00f6d, de est\u00e9t\u0151l ism\u00e9t n\u00f6vekszik a k\u00f6dhajlam.<br \/>\n<div class=\"ads-in-post2\"><script async src=\"https:\/\/pagead2.googlesyndication.com\/pagead\/js\/adsbygoogle.js\"><\/script>\r\n<ins class=\"adsbygoogle\"\r\n     style=\"display:block\"\r\n     data-ad-format=\"fluid\"\r\n     data-ad-layout-key=\"-6t+ed+2i-1n-4w\"\r\n     data-ad-client=\"ca-pub-1959107119989764\"\r\n     data-ad-slot=\"4008251320\"><\/ins>\r\n<script>\r\n     (adsbygoogle = window.adsbygoogle || []).push({});\r\n<\/script><\/div>\n    Az el\u0151rejelz\u00e9s szerint h\u00e9tf\u0151n, janu\u00e1r elsej\u00e9n a k\u00f6d feloszl\u00e1sa ut\u00e1na is p\u00e1r\u00e1s marad a leveg\u0151. Csak r\u00f6vid napos id\u0151szakok lehetnek, \u00e9szakkeleten, \u00e9szakon, valamint d\u00e9lnyugaton, nyugaton es\u0151, z\u00e1por is kialakulhat. Helyenk\u00e9nt meger\u0151s\u00f6dik a sz\u00e9l is. A legalacsonyabb h\u0151m\u00e9rs\u00e9klet m\u00ednusz 1 \u00e9s plusz 5 fok k\u00f6z\u00f6tt val\u00f3sz\u00edn\u0171. Napk\u00f6zben \u00e1ltal\u00e1ban 7-12 fokig, de \u00e9szakkeleten csak 3-6 fokig melegszik a leveg\u0151.<br \/>\n    Kedden is meger\u0151s\u00f6dik a sz\u00e9l \u00e9s eleinte t\u00f6bbfel\u00e9, d\u00e9lut\u00e1n a Dun\u00e1t\u00f3l keletre lehet es\u0151. A minimumh\u0151m\u00e9rs\u00e9klet m\u00ednusz 1 \u00e9s plusz 5 fok k\u00f6z\u00f6tt val\u00f3sz\u00edn\u0171, a nappali maximumok 3-8 fok k\u00f6z\u00f6tt alakulnak.<br \/>\n    Szerd\u00e1n reggel a Tisz\u00e1nt\u00falon m\u00e9g lehet n\u00e9hol es\u0151, majd \u00e1tmeneti sz\u00fcnet ut\u00e1n d\u00e9lut\u00e1n nyugat fel\u0151l egyre t\u00f6bbfel\u00e9 \u00fajra elered az es\u0151, az \u00c9szaki-k\u00f6z\u00e9phegys\u00e9gben havas es\u0151, h\u00f3 is lehet. A sz\u00e9l meger\u0151s\u00f6dik, az Alpokalj\u00e1n viharos sz\u00e9ll\u00f6k\u00e9sek is lehetnek. A leghidegebb \u00f3r\u00e1kban m\u00ednusz 3 \u00e9s plusz 3, napk\u00f6zben plusz 2-9 fok k\u00f6z\u00f6tt alakul a h\u0151m\u00e9rs\u00e9klet.<br \/>\n    Cs\u00fct\u00f6rt\u00f6k\u00f6n reggel m\u00e9g t\u00f6bb helyen, egyre ink\u00e1bb keleten eshet az es\u0151, az orsz\u00e1g \u00e9szakkeleti harmad\u00e1n havas es\u0151, h\u00f3 is, napk\u00f6zben m\u00e1r csak n\u00e9hol lehet z\u00e1por, esetleg h\u00f3z\u00e1por. Emellett er\u0151s, helyenk\u00e9nt viharos lesz a sz\u00e9l. A legalacsonyabb h\u0151m\u00e9rs\u00e9klet m\u00ednusz 1 \u00e9s plusz 4, a legmagasabb h\u0151m\u00e9rs\u00e9klet 5-10 fok k\u00f6z\u00f6tt val\u00f3sz\u00edn\u0171.<br \/>\n    P\u00e9nteken helyenk\u00e9nt &#8211; f\u0151leg reggel, kora d\u00e9lel\u0151tt &#8211; k\u00f6dre is sz\u00e1m\u00edtani lehet. Elsz\u00f3rtan es\u0151, \u00e9szakkeleten havas es\u0151, a hegyekben havaz\u00e1s is kialakulhat. A minimumh\u0151m\u00e9rs\u00e9klet m\u00ednusz 3 \u00e9s plusz 3 fok k\u00f6z\u00f6tt v\u00e1rhat\u00f3. Napk\u00f6zben t\u00f6bbnyire 6-11, \u00e9szakkeleten 2-5 fokig melegszik a leveg\u0151.<br \/>\n    Szombaton a sz\u00e9lcsendesebb t\u00e1jakon &#8211; f\u0151k\u00e9nt \u00e9szakkeleten &#8211; tart\u00f3sabban is megmaradhat a k\u00f6d, vas\u00e1rnap napos, illetve a kev\u00e9sb\u00e9 szeles t\u00e1jakon er\u0151sebben felh\u0151s, k\u00f6d\u00f6s id\u0151re van kil\u00e1t\u00e1s. Csapad\u00e9k egyik nap sem val\u00f3sz\u00edn\u0171. A minimumh\u0151m\u00e9rs\u00e9klet szombaton \u00e9s vas\u00e1rnap jellemz\u0151en m\u00ednusz 2 \u00e9s plusz 5 fok k\u00f6z\u00f6tt alakul, de vas\u00e1rnap a szeles t\u00e1jakon 6-7 fok k\u00f6r\u00fcli \u00e9rt\u00e9kek is lehetnek. A nappali maximumok mindk\u00e9t nap 8-13 fok k\u00f6z\u00f6tt alakulnak, de a felh\u0151s t\u00e1jakon, illetve az orsz\u00e1g \u00e9szakkeleti harmad\u00e1n csak 3-6 fokig melegedhet a leveg\u0151.(MTI)<\/p>\n","protected":false},"excerpt":{"rendered":"<p>Az \u00faj \u00e9v els\u0151 napjaiban sem v\u00e1rhat\u00f3 leh\u0171l\u00e9s: n\u00e9hol a leghidegebb \u00f3r\u00e1kban is fagypont feletti, napk\u00f6zben t\u00f6bbfel\u00e9 10 Celsius-fok k\u00f6r\u00fcl lesznek a maximumok. Emellett a h\u00e9ten t\u00f6bbsz\u00f6r v\u00e1rhat\u00f3 csapad\u00e9k, es\u0151, n\u00e9hol h\u00f3 is &#8211; der\u00fcl ki az Orsz\u00e1gos Meteorol\u00f3giai Szolg\u00e1latnak vas\u00e1rnap az MTI-hez eljuttatott orsz\u00e1gos, k\u00f6z\u00e9pt\u00e1v\u00fa el\u0151rejelz\u00e9s\u00e9b\u0151l.<\/p>\n","protected":false},"author":1,"featured_media":0,"comment_status":"closed","ping_status":"open","sticky":false,"template":"","format":"standard","meta":[],"categories":[4],"tags":[],"_links":{"self":[{"href":"https:\/\/gazdasagportal.hu\/index.php\/wp-json\/wp\/v2\/posts\/101607"}],"collection":[{"href":"https:\/\/gazdasagportal.hu\/index.php\/wp-json\/wp\/v2\/posts"}],"about":[{"href":"https:\/\/gazdasagportal.hu\/index.php\/wp-json\/wp\/v2\/types\/post"}],"author":[{"embeddable":true,"href":"https:\/\/gazdasagportal.hu\/index.php\/wp-json\/wp\/v2\/users\/1"}],"replies":[{"embeddable":true,"href":"https:\/\/gazdasagportal.hu\/index.php\/wp-json\/wp\/v2\/comments?post=101607"}],"version-history":[{"count":1,"href":"https:\/\/gazdasagportal.hu\/index.php\/wp-json\/wp\/v2\/posts\/101607\/revisions"}],"predecessor-version":[{"id":101608,"href":"https:\/\/gazdasagportal.hu\/index.php\/wp-json\/wp\/v2\/posts\/101607\/revisions\/101608"}],"wp:attachment":[{"href":"https:\/\/gazdasagportal.hu\/index.php\/wp-json\/wp\/v2\/media?parent=101607"}],"wp:term":[{"taxonomy":"category","embeddable":true,"href":"https:\/\/gazdasagportal.hu\/index.php\/wp-json\/wp\/v2\/categories?post=101607"},{"taxonomy":"post_tag","embeddable":true,"href":"https:\/\/gazdasagportal.hu\/index.php\/wp-json\/wp\/v2\/tags?post=101607"}],"curies":[{"name":"wp","href":"https:\/\/api.w.org\/{rel}","templated":true}]}}