{"id":101597,"date":"2017-12-31T16:05:12","date_gmt":"2017-12-31T15:05:12","guid":{"rendered":"http:\/\/gazdasagportal.hu\/?p=101597"},"modified":"2017-12-31T16:05:12","modified_gmt":"2017-12-31T15:05:12","slug":"az-eximbank-vezerigazgatoja-halt-meg-ausztriaban-a-flachaui-sipalyan","status":"publish","type":"post","link":"https:\/\/gazdasagportal.hu\/index.php\/az-eximbank-vezerigazgatoja-halt-meg-ausztriaban-a-flachaui-sipalyan\/","title":{"rendered":"Az Eximbank vez\u00e9rigazgat\u00f3ja halt meg Ausztri\u00e1ban, a flachaui s\u00edp\u00e1ly\u00e1n"},"content":{"rendered":"<p><strong>Urb\u00e1n Zolt\u00e1n, az Eximbank vez\u00e9rigazgat\u00f3ja halt meg Ausztri\u00e1ban szombaton &#8211; er\u0151s\u00edtette meg az Origo \u00e9rtes\u00fcl\u00e9s\u00e9t vas\u00e1rnap a K\u00fclgazdas\u00e1gi \u00e9s K\u00fcl\u00fcgyminiszt\u00e9rium (KKM) sajt\u00f3f\u0151oszt\u00e1lya az MTI-nek. A Magyar Banksz\u00f6vets\u00e9g f\u0151titk\u00e1ra k\u00f6zlem\u00e9nyben fejezte ki megrend\u00fcl\u00e9s\u00e9t.<\/strong><!--more--><\/p>\n<div class=\"ads-in-post1\"><div id=\"gazdasagportal.hu_fullbanner_wideboard\"><\/div>\r\n<\/div>\n<p>    Az APA osztr\u00e1k h\u00edr\u00fcgyn\u00f6ks\u00e9g sz\u00e1molt be arr\u00f3l, hogy holtan tal\u00e1ltak egy magyart szombat d\u00e9lut\u00e1n Flachau im Pongau egyik s\u00edp\u00e1ly\u00e1j\u00e1n. A f\u00e9rfi \u00fajra\u00e9leszt\u00e9s\u00e9re tett k\u00eds\u00e9rletek sikertelenek voltak.<br \/>\n    A magyar s\u00edel\u0151re a felvon\u00f3kn\u00e1l tal\u00e1ltak r\u00e1 t\u00e1rsai, akik \u00e9rtes\u00edtett\u00e9k a p\u00e1lyament\u0151ket. Anton Santner, a Snow Space Salzburg s\u00edparadicsom sz\u00f3viv\u0151je elmondta, hogy a ment\u0151csapatok k\u00e9t percen bel\u00fcl a helysz\u00ednen voltak. N\u00e9h\u00e1ny perc m\u00falva egy orvos is meg\u00e9rkezett, de m\u00e1r nem tudt\u00e1k megmenteni a f\u00e9rfit.<br \/>\n<div class=\"ads-in-post2\"><script async src=\"https:\/\/pagead2.googlesyndication.com\/pagead\/js\/adsbygoogle.js\"><\/script>\r\n<ins class=\"adsbygoogle\"\r\n     style=\"display:block\"\r\n     data-ad-format=\"fluid\"\r\n     data-ad-layout-key=\"-6t+ed+2i-1n-4w\"\r\n     data-ad-client=\"ca-pub-1959107119989764\"\r\n     data-ad-slot=\"4008251320\"><\/ins>\r\n<script>\r\n     (adsbygoogle = window.adsbygoogle || []).push({});\r\n<\/script><\/div>\n<p>    Urb\u00e1n Zolt\u00e1nt a K\u00fclgazdas\u00e1gi es K\u00fcl\u00fcgyminiszt\u00e9rium saj\u00e1t halottj\u00e1nak tekinti.<br \/>\n    A Magyar Banksz\u00f6vets\u00e9g f\u0151titk\u00e1ra az MTI-hez eljuttatott k\u00f6zlem\u00e9ny\u00e9ben megrend\u00fcl\u00e9s\u00e9nek adott hangot.<br \/>\n    Kov\u00e1cs Levente azt \u00edrta: Urb\u00e1n Zolt\u00e1n csaknem h\u00e1rom \u00e9vtizeden \u00e1t akt\u00edv r\u00e9szese volt a magyar gazdas\u00e1g fejleszt\u00e9s\u00e9nek, melyet hazai \u00e9s nemzetk\u00f6zi banki szerepv\u00e1llal\u00e1ssal seg\u00edtett. &#8222;Emberi tisztess\u00e9g, szakmai al\u00e1zat, bar\u00e1ti seg\u00edt\u0151k\u00e9szs\u00e9g k\u00eds\u00e9rte v\u00e9gig \u00e9let\u00e9t.&#8221;<br \/>\n    Urb\u00e1n Zolt\u00e1n 1960-ban sz\u00fcletett, 1990 \u00f3ta dolgozott a bankszakm\u00e1ban. 1997-2001 k\u00f6z\u00f6tt a Hypo Vereinsbank Hung\u00e1ria \u00fcgyvezet\u0151 igazgat\u00f3ja, 2001-2002 k\u00f6z\u00f6tt a Magyar Fejleszt\u00e9si Bank vez\u00e9rigazgat\u00f3-helyettese, majd 2003-2004 k\u00f6z\u00f6tt a Dresdner Bank Hungaria \u00fcgyvezet\u0151 igazgat\u00f3ja volt. 2010-t\u0151l ism\u00e9t az MFB Zrt. vez\u00e9rigazgat\u00f3-helyettesek\u00e9nt dolgozott, majd 2014. janu\u00e1rban kinevezt\u00e9k a Garantiqa Hitelgarancia Zrt. vez\u00e9rigazgat\u00f3j\u00e1v\u00e1.<br \/>\n    2015. janu\u00e1rban vette \u00e1t az Exim (Magyar Export-Import Bank Zrt. \u00e9s Magyar Exporthitel Biztos\u00edt\u00f3 Zrt. int\u00e9zm\u00e9nyp\u00e1ros) ir\u00e1ny\u00edt\u00e1s\u00e1t. A magyar korm\u00e1ny deleg\u00e1ltjak\u00e9nt az Eur\u00f3pai Beruh\u00e1z\u00e1si Bank igazgat\u00f3s\u00e1g\u00e1nak is tagja volt.<br \/>\n(MTI)<\/p>\n","protected":false},"excerpt":{"rendered":"<p>Urb\u00e1n Zolt\u00e1n, az Eximbank vez\u00e9rigazgat\u00f3ja halt meg Ausztri\u00e1ban szombaton &#8211; er\u0151s\u00edtette meg az Origo \u00e9rtes\u00fcl\u00e9s\u00e9t vas\u00e1rnap a K\u00fclgazdas\u00e1gi \u00e9s K\u00fcl\u00fcgyminiszt\u00e9rium (KKM) sajt\u00f3f\u0151oszt\u00e1lya az MTI-nek. A Magyar Banksz\u00f6vets\u00e9g f\u0151titk\u00e1ra k\u00f6zlem\u00e9nyben fejezte ki megrend\u00fcl\u00e9s\u00e9t.<\/p>\n","protected":false},"author":1,"featured_media":0,"comment_status":"closed","ping_status":"open","sticky":false,"template":"","format":"standard","meta":[],"categories":[4,19],"tags":[],"_links":{"self":[{"href":"https:\/\/gazdasagportal.hu\/index.php\/wp-json\/wp\/v2\/posts\/101597"}],"collection":[{"href":"https:\/\/gazdasagportal.hu\/index.php\/wp-json\/wp\/v2\/posts"}],"about":[{"href":"https:\/\/gazdasagportal.hu\/index.php\/wp-json\/wp\/v2\/types\/post"}],"author":[{"embeddable":true,"href":"https:\/\/gazdasagportal.hu\/index.php\/wp-json\/wp\/v2\/users\/1"}],"replies":[{"embeddable":true,"href":"https:\/\/gazdasagportal.hu\/index.php\/wp-json\/wp\/v2\/comments?post=101597"}],"version-history":[{"count":1,"href":"https:\/\/gazdasagportal.hu\/index.php\/wp-json\/wp\/v2\/posts\/101597\/revisions"}],"predecessor-version":[{"id":101598,"href":"https:\/\/gazdasagportal.hu\/index.php\/wp-json\/wp\/v2\/posts\/101597\/revisions\/101598"}],"wp:attachment":[{"href":"https:\/\/gazdasagportal.hu\/index.php\/wp-json\/wp\/v2\/media?parent=101597"}],"wp:term":[{"taxonomy":"category","embeddable":true,"href":"https:\/\/gazdasagportal.hu\/index.php\/wp-json\/wp\/v2\/categories?post=101597"},{"taxonomy":"post_tag","embeddable":true,"href":"https:\/\/gazdasagportal.hu\/index.php\/wp-json\/wp\/v2\/tags?post=101597"}],"curies":[{"name":"wp","href":"https:\/\/api.w.org\/{rel}","templated":true}]}}