{"id":101595,"date":"2017-12-31T11:11:26","date_gmt":"2017-12-31T10:11:26","guid":{"rendered":"http:\/\/gazdasagportal.hu\/?p=101595"},"modified":"2017-12-31T08:12:15","modified_gmt":"2017-12-31T07:12:15","slug":"heti-makronaptar-keves-adat-jelenik-meg-az-ujev-elso-heteben","status":"publish","type":"post","link":"https:\/\/gazdasagportal.hu\/index.php\/heti-makronaptar-keves-adat-jelenik-meg-az-ujev-elso-heteben\/","title":{"rendered":"Heti makronapt\u00e1r &#8211; Kev\u00e9s adat jelenik meg az \u00faj\u00e9v els\u0151 het\u00e9ben"},"content":{"rendered":"<p><strong>Kev\u00e9s adat jelenik meg 2018 els\u0151 het\u00e9ben, csaknem \u00fcres a makronapt\u00e1r, a munkaer\u0151piaci adatok mellett az ipari termel\u0151i \u00e1rakr\u00f3l k\u00f6z\u00f6lnek statisztik\u00e1t.<\/strong><!--more--><\/p>\n<div class=\"ads-in-post1\"><div id=\"gazdasagportal.hu_fullbanner_wideboard\"><\/div>\r\n<\/div>\n<p>    Szerd\u00e1n k\u00f6zli a K\u00f6zponti Statisztikai Hivatal (KSH) a korm\u00e1nyzati szektor egyenleg\u00e9nek 2017 harmadik negyed\u00e9v\u00e9re vonatkoz\u00f3 adatait. A korm\u00e1nyzati szektor az el\u0151zetes adatok szerint 270,5 milli\u00e1rd forint t\u00f6bblettel z\u00e1rta az idei els\u0151 f\u00e9l \u00e9vet, ez a GDP 1,5 sz\u00e1zal\u00e9ka volt, az el\u0151z\u0151 \u00e9v azonos id\u0151szak\u00e1hoz k\u00e9pest 183,9 milli\u00e1rd forinttal, GDP-ar\u00e1nyosan 1,0 sz\u00e1zal\u00e9kponttal magasabb. A korm\u00e1nyzati szektor bev\u00e9tele 8322,2 milli\u00e1rd, kiad\u00e1sa 8051,7 milli\u00e1rd forint volt az els\u0151 f\u00e9l \u00e9vben.<br \/>\n<div class=\"ads-in-post2\"><script async src=\"https:\/\/pagead2.googlesyndication.com\/pagead\/js\/adsbygoogle.js\"><\/script>\r\n<ins class=\"adsbygoogle\"\r\n     style=\"display:block\"\r\n     data-ad-format=\"fluid\"\r\n     data-ad-layout-key=\"-6t+ed+2i-1n-4w\"\r\n     data-ad-client=\"ca-pub-1959107119989764\"\r\n     data-ad-slot=\"4008251320\"><\/ins>\r\n<script>\r\n     (adsbygoogle = window.adsbygoogle || []).push({});\r\n<\/script><\/div>\n    Cs\u00fct\u00f6rt\u00f6k\u00f6n a szeptember-novemberi munkaer\u0151piaci adatokat k\u00f6zli a KSH. Az el\u0151z\u0151 g\u00f6rd\u00fcl\u0151 negyed\u00e9vben, augusztus-okt\u00f3berben a munkan\u00e9lk\u00fcliek \u00e1tlagos l\u00e9tsz\u00e1ma az egy \u00e9vvel kor\u00e1bbihoz k\u00e9pest 36 ezerrel, 183 ezerre, a munkan\u00e9lk\u00fclis\u00e9gi r\u00e1ta 0,8 sz\u00e1zal\u00e9kponttal, 4,0 sz\u00e1zal\u00e9kra cs\u00f6kkent az augusztus-okt\u00f3beri h\u00e1rom h\u00f3napos id\u0151szakban, a harmadik negyed\u00e9vnek megfelel\u0151 el\u0151z\u0151 h\u00e1rom h\u00f3napos id\u0151szakban jelentett 4,1 sz\u00e1zal\u00e9kot k\u00f6vet\u0151en. Az augusztus-okt\u00f3beri h\u00e1rom h\u00f3napos id\u0151szakban a foglalkoztatottak \u00e1tlagos l\u00e9tsz\u00e1ma 4 milli\u00f3 445 ezer volt, 41 ezerrel t\u00f6bb, mint egy \u00e9vvel kor\u00e1bban. A 15-64 \u00e9vesek foglalkoztat\u00e1si r\u00e1t\u00e1ja 1,4 sz\u00e1zal\u00e9kponttal 68,7 sz\u00e1zal\u00e9kra emelkedett.<br \/>\n    P\u00e9nteken az ipari termel\u0151i \u00e1rak novemberi alakul\u00e1s\u00e1t k\u00f6zli a KSH. Okt\u00f3berben az ipari termel\u0151i \u00e1rak 4,5 sz\u00e1zal\u00e9kkal haladt\u00e1k meg az egy \u00e9vvel kor\u00e1bbiakat a szeptemberi 4,1 sz\u00e1zal\u00e9k ut\u00e1n, az el\u0151z\u0151 h\u00f3naphoz k\u00e9pest 1,0 sz\u00e1zal\u00e9kkal n\u0151ttek. J\u00faliusban m\u00e9g csak 1,2, augusztusban pedig 2,4 sz\u00e1zal\u00e9kos volt a termel\u0151i \u00e1rak \u00e9ves emelked\u00e9se.<br \/>\n(MTI)<\/p>\n","protected":false},"excerpt":{"rendered":"<p>Kev\u00e9s adat jelenik meg 2018 els\u0151 het\u00e9ben, csaknem \u00fcres a makronapt\u00e1r, a munkaer\u0151piaci adatok mellett az ipari termel\u0151i \u00e1rakr\u00f3l k\u00f6z\u00f6lnek statisztik\u00e1t.<\/p>\n","protected":false},"author":1,"featured_media":0,"comment_status":"closed","ping_status":"open","sticky":false,"template":"","format":"standard","meta":[],"categories":[19],"tags":[],"_links":{"self":[{"href":"https:\/\/gazdasagportal.hu\/index.php\/wp-json\/wp\/v2\/posts\/101595"}],"collection":[{"href":"https:\/\/gazdasagportal.hu\/index.php\/wp-json\/wp\/v2\/posts"}],"about":[{"href":"https:\/\/gazdasagportal.hu\/index.php\/wp-json\/wp\/v2\/types\/post"}],"author":[{"embeddable":true,"href":"https:\/\/gazdasagportal.hu\/index.php\/wp-json\/wp\/v2\/users\/1"}],"replies":[{"embeddable":true,"href":"https:\/\/gazdasagportal.hu\/index.php\/wp-json\/wp\/v2\/comments?post=101595"}],"version-history":[{"count":1,"href":"https:\/\/gazdasagportal.hu\/index.php\/wp-json\/wp\/v2\/posts\/101595\/revisions"}],"predecessor-version":[{"id":101596,"href":"https:\/\/gazdasagportal.hu\/index.php\/wp-json\/wp\/v2\/posts\/101595\/revisions\/101596"}],"wp:attachment":[{"href":"https:\/\/gazdasagportal.hu\/index.php\/wp-json\/wp\/v2\/media?parent=101595"}],"wp:term":[{"taxonomy":"category","embeddable":true,"href":"https:\/\/gazdasagportal.hu\/index.php\/wp-json\/wp\/v2\/categories?post=101595"},{"taxonomy":"post_tag","embeddable":true,"href":"https:\/\/gazdasagportal.hu\/index.php\/wp-json\/wp\/v2\/tags?post=101595"}],"curies":[{"name":"wp","href":"https:\/\/api.w.org\/{rel}","templated":true}]}}