{"id":101589,"date":"2017-12-31T07:27:28","date_gmt":"2017-12-31T06:27:28","guid":{"rendered":"http:\/\/gazdasagportal.hu\/?p=101589"},"modified":"2017-12-31T07:27:28","modified_gmt":"2017-12-31T06:27:28","slug":"igy-kozlekedhetsz-szilveszterkor-sok-a-valtozas","status":"publish","type":"post","link":"https:\/\/gazdasagportal.hu\/index.php\/igy-kozlekedhetsz-szilveszterkor-sok-a-valtozas\/","title":{"rendered":"\u00cdgy k\u00f6zlekedhetsz szilveszterkor, sok a v\u00e1ltoz\u00e1s"},"content":{"rendered":"<p><strong>V\u00e1ltozik a k\u00f6z\u00f6ss\u00e9gi k\u00f6zleked\u00e9si rend az \u00e9v utols\u00f3 napj\u00e1n: ma \u00e9jjel a Budapesti K\u00f6zleked\u00e9si K\u00f6zpont (BKK) s\u0171r\u00edti az \u00e9jszakai j\u00e1ratokat, a M\u00c1V pedig t\u00f6bb kocsival ind\u00edtja az InterCity vonatokat.<\/strong><!--more--><\/p>\n<div class=\"ads-in-post1\"><div id=\"gazdasagportal.hu_fullbanner_wideboard\"><\/div>\r\n<\/div>\n<p>    A BKK k\u00f6zlem\u00e9nye szerint szilveszter \u00e9jszaka az el\u0151z\u0151 \u00e9vekt\u0151l elt\u00e9r\u0151en a 2-es, a 3-as \u00e9s a 4-es metr\u00f3 utols\u00f3 szerelv\u00e9nye \u00e9jjel 1 \u00f3rakor indul a v\u00e9g\u00e1llom\u00e1sokr\u00f3l, ezekre a belv\u00e1rosi meg\u00e1ll\u00f3kban k\u00f6r\u00fclbel\u00fcl negyed 2-kor lehet m\u00e9g felsz\u00e1llni.<br \/>\n    Emellett l\u00e9nyegesen s\u0171r\u0171bben k\u00f6zlekednek az \u00e9jszakai j\u00e1ratok, n\u00e9h\u00e1ny vonalon csukl\u00f3s aut\u00f3busszal. Eg\u00e9sz \u00e9jjel 3-5 percenk\u00e9nt k\u00f6zlekedik a 4-es \u00e9s a 6-os villamos. A szok\u00e1sos menetrendj\u00fckh\u00f6z k\u00e9pest k\u00e9tszer-h\u00e1romszor s\u0171r\u0171bben j\u00e1rnak a belv\u00e1rost el\u00e9r\u0151 907-es, 908-as, 909-es, 914-914A, 922-es, 923-as, 931-es, 941-es, 950-950A, 956-os, 960-as, 973-as, 979-979A \u00e9s a 990-es \u00e9jszakai buszok, az \u00e9jszak\u00e1nk\u00e9nt egy\u00e9bk\u00e9nt n\u00e9h\u00e1nyszor indul\u00f3 916-os, 934-es \u00e9s 940-es j\u00e1ratok pedig eg\u00e9sz \u00e9jszaka k\u00f6zlekednek.<br \/>\n<div class=\"ads-in-post2\"><script async src=\"https:\/\/pagead2.googlesyndication.com\/pagead\/js\/adsbygoogle.js\"><\/script>\r\n<ins class=\"adsbygoogle\"\r\n     style=\"display:block\"\r\n     data-ad-format=\"fluid\"\r\n     data-ad-layout-key=\"-6t+ed+2i-1n-4w\"\r\n     data-ad-client=\"ca-pub-1959107119989764\"\r\n     data-ad-slot=\"4008251320\"><\/ins>\r\n<script>\r\n     (adsbygoogle = window.adsbygoogle || []).push({});\r\n<\/script><\/div>\n    Janu\u00e1r 1-j\u00e9n a vas\u00e1rnapi, 2-\u00e1n pedig az iskolasz\u00fcnetben \u00e9rv\u00e9nyes menetrend szerint k\u00f6zlekednek a j\u00e1ratok.<br \/>\n    A M\u00c1V k\u00f6zl\u00e9se szerint az \u00fcnnepek alatt v\u00e1rhat\u00f3 utasforgalmi ig\u00e9nyekhez igazodva \u00e9s a helyfoglal\u00e1sok figyelembev\u00e9tel\u00e9vel a lehet\u0151s\u00e9gekhez k\u00e9pest az InterCity vonatokhoz pluszkocsikat is kapcsolnak. December 31-\u00e9n, szilveszterkor az \u00fcnnepnapi, janu\u00e1r 1-j\u00e9n a vas\u00e1rnapi \u00fctem szerint k\u00f6zlekednek a vonatok. Janu\u00e1r 2-\u00e1n, kedden m\u00e1r a munkanapokon megszokott m\u00f3don indulnak a vonatok.(MTI)<\/p>\n","protected":false},"excerpt":{"rendered":"<p>V\u00e1ltozik a k\u00f6z\u00f6ss\u00e9gi k\u00f6zleked\u00e9si rend az \u00e9v utols\u00f3 napj\u00e1n: ma \u00e9jjel a Budapesti K\u00f6zleked\u00e9si K\u00f6zpont (BKK) s\u0171r\u00edti az \u00e9jszakai j\u00e1ratokat, a M\u00c1V pedig t\u00f6bb kocsival ind\u00edtja az InterCity vonatokat.<\/p>\n","protected":false},"author":1,"featured_media":0,"comment_status":"closed","ping_status":"open","sticky":false,"template":"","format":"standard","meta":[],"categories":[4],"tags":[],"_links":{"self":[{"href":"https:\/\/gazdasagportal.hu\/index.php\/wp-json\/wp\/v2\/posts\/101589"}],"collection":[{"href":"https:\/\/gazdasagportal.hu\/index.php\/wp-json\/wp\/v2\/posts"}],"about":[{"href":"https:\/\/gazdasagportal.hu\/index.php\/wp-json\/wp\/v2\/types\/post"}],"author":[{"embeddable":true,"href":"https:\/\/gazdasagportal.hu\/index.php\/wp-json\/wp\/v2\/users\/1"}],"replies":[{"embeddable":true,"href":"https:\/\/gazdasagportal.hu\/index.php\/wp-json\/wp\/v2\/comments?post=101589"}],"version-history":[{"count":1,"href":"https:\/\/gazdasagportal.hu\/index.php\/wp-json\/wp\/v2\/posts\/101589\/revisions"}],"predecessor-version":[{"id":101590,"href":"https:\/\/gazdasagportal.hu\/index.php\/wp-json\/wp\/v2\/posts\/101589\/revisions\/101590"}],"wp:attachment":[{"href":"https:\/\/gazdasagportal.hu\/index.php\/wp-json\/wp\/v2\/media?parent=101589"}],"wp:term":[{"taxonomy":"category","embeddable":true,"href":"https:\/\/gazdasagportal.hu\/index.php\/wp-json\/wp\/v2\/categories?post=101589"},{"taxonomy":"post_tag","embeddable":true,"href":"https:\/\/gazdasagportal.hu\/index.php\/wp-json\/wp\/v2\/tags?post=101589"}],"curies":[{"name":"wp","href":"https:\/\/api.w.org\/{rel}","templated":true}]}}