{"id":101583,"date":"2017-12-30T21:04:15","date_gmt":"2017-12-30T20:04:15","guid":{"rendered":"http:\/\/gazdasagportal.hu\/?p=101583"},"modified":"2017-12-30T21:04:16","modified_gmt":"2017-12-30T20:04:16","slug":"riasztast-adtak-ki-tobb-megyeben-onos-eso-miatt","status":"publish","type":"post","link":"https:\/\/gazdasagportal.hu\/index.php\/riasztast-adtak-ki-tobb-megyeben-onos-eso-miatt\/","title":{"rendered":"Riaszt\u00e1st adtak ki t\u00f6bb megy\u00e9ben \u00f3nos es\u0151 miatt"},"content":{"rendered":"<p><strong>Az \u00f3nos es\u0151 vesz\u00e9lye miatt t\u00f6bb megy\u00e9re figyelmeztet\u00e9st adott ki a meteorol\u00f3giai szolg\u00e1lat szombaton. Az el\u0151rejelz\u00e9s szerint vas\u00e1rnap, szilveszter napj\u00e1n ism\u00e9t enyhe id\u0151 v\u00e1rhat\u00f3.<\/strong><!--more--><\/p>\n<p><!--more--><\/p>\n<div class=\"ads-in-post1\"><div id=\"gazdasagportal.hu_fullbanner_wideboard\"><\/div>\r\n<\/div>\n<p>    Az Orsz\u00e1gos Meteorol\u00f3giai Szolg\u00e1lat az MTI-hez eljuttatott vesz\u00e9lyjelz\u00e9s\u00e9ben azt \u00edrta: szombat est\u00e9t\u0151l \u00e9szakon (eleinte Dunazug hegyvid\u00e9k, Fej\u00e9r \u00e9s Pest \u00e9szaki r\u00e9sze, N\u00f3gr\u00e1d t\u00e9rs\u00e9g\u00e9ben, majd hajnalban, reggel \u00e1ltal\u00e1ban \u00c9szak-Magyarorsz\u00e1gon, esetleg az Alf\u00f6ld \u00e9szaki perem\u00e9n, Tisz\u00e1nt\u00fal \u00e9szaki r\u00e9sz\u00e9n) kisebb mennyis\u00e9g\u0171 \u00f3nos es\u0151 is v\u00e1rhat\u00f3 az egy\u00e9b, vegyes form\u00e1j\u00fa csapad\u00e9k (es\u0151, havas es\u0151, fagyott es\u0151, h\u00f3) mellett. Vas\u00e1rnap d\u00e9lel\u0151tt v\u00e1rhat\u00f3an \u00e9szakkeleten is mindenhol fagypont f\u00f6l\u00e9 emelkedik a h\u0151m\u00e9rs\u00e9klet.<br \/>\n<div class=\"ads-in-post2\"><script async src=\"https:\/\/pagead2.googlesyndication.com\/pagead\/js\/adsbygoogle.js\"><\/script>\r\n<ins class=\"adsbygoogle\"\r\n     style=\"display:block\"\r\n     data-ad-format=\"fluid\"\r\n     data-ad-layout-key=\"-6t+ed+2i-1n-4w\"\r\n     data-ad-client=\"ca-pub-1959107119989764\"\r\n     data-ad-slot=\"4008251320\"><\/ins>\r\n<script>\r\n     (adsbygoogle = window.adsbygoogle || []).push({});\r\n<\/script><\/div>\n    \u00c9szakkeleten (f\u0151k\u00e9nt Borsod \u00e9szaki r\u00e9sze, Heves-Borsodi-dombs\u00e1g, N\u00f3gr\u00e1d, Szabolcs \u00e9szaki r\u00e9sze) az id\u0151szak nagyobb r\u00e9sz\u00e9ben korl\u00e1tozottabb l\u00e1t\u00e1si viszonyokra lehet sz\u00e1m\u00edtani, reggelig n\u00e9hol \u00f3nos szit\u00e1l\u00e1ssal &#8211; tett\u00e9k hozz\u00e1.<br \/>\n    Az \u00f3nos es\u0151 vesz\u00e9lye miatt Budapestre \u00e9s Pest, tov\u00e1bb\u00e1 Borsod-Aba\u00faj-Zempl\u00e9n, Hajd\u00fa-Bihar, Heves, J\u00e1sz-Nagykun-Szolnok, Kom\u00e1rom-Esztergom, N\u00f3gr\u00e1d \u00e9s Szabolcs-Szatm\u00e1r-Bereg megy\u00e9re adtak els\u0151fok\u00fa figyelmeztet\u00e9st.<br \/>\n    Kiemelt\u00e9k ugyanakkor, hogy vas\u00e1rnap k\u00e9s\u0151 est\u00e9t\u0151l \u00c9szak-Magyarorsz\u00e1gon, az Alf\u00f6ld \u00e9szaki perem\u00e9n m\u00e1r t\u00f6bb helyen is s\u0171r\u0171 k\u00f6d k\u00e9pz\u0151dhet.<br \/>\n    A meteorol\u00f3giai szolg\u00e1lat Facebook-oldal\u00e1n azt \u00edrta: szilveszter napj\u00e1n m\u00e9g t\u00f6bbfel\u00e9 eshet (f\u0151k\u00e9nt \u00e9szakkeleten vegyes halmaz\u00e1llapot\u00fa csapad\u00e9k is), vas\u00e1rnap este azonban ink\u00e1bb m\u00e1r csak az \u00e9szakkeleti hat\u00e1rvid\u00e9ken lehet kisebb csapad\u00e9k.<br \/>\n    Az el\u0151rejelz\u00e9s szerint vas\u00e1rnap a legalacsonyabb h\u0151m\u00e9rs\u00e9klet m\u00ednusz 4 \u00e9s plusz 3 Celsius-fok k\u00f6z\u00f6tt alakul, keleten az alacsonyabb \u00e9rt\u00e9kekkel. A legmagasabb nappali h\u0151m\u00e9rs\u00e9klet \u00e1ltal\u00e1ban 6-14 fok k\u00f6z\u00f6tt val\u00f3sz\u00edn\u0171, de az orsz\u00e1g \u00e9szakkeleti harmad\u00e1n csup\u00e1n 1-5 fokig melegszik a leveg\u0151.(MTI)<\/p>\n","protected":false},"excerpt":{"rendered":"<p>Az \u00f3nos es\u0151 vesz\u00e9lye miatt t\u00f6bb megy\u00e9re figyelmeztet\u00e9st adott ki a meteorol\u00f3giai szolg\u00e1lat szombaton. Az el\u0151rejelz\u00e9s szerint vas\u00e1rnap, szilveszter napj\u00e1n ism\u00e9t enyhe id\u0151 v\u00e1rhat\u00f3.<\/p>\n","protected":false},"author":1,"featured_media":0,"comment_status":"closed","ping_status":"open","sticky":false,"template":"","format":"standard","meta":[],"categories":[4],"tags":[],"_links":{"self":[{"href":"https:\/\/gazdasagportal.hu\/index.php\/wp-json\/wp\/v2\/posts\/101583"}],"collection":[{"href":"https:\/\/gazdasagportal.hu\/index.php\/wp-json\/wp\/v2\/posts"}],"about":[{"href":"https:\/\/gazdasagportal.hu\/index.php\/wp-json\/wp\/v2\/types\/post"}],"author":[{"embeddable":true,"href":"https:\/\/gazdasagportal.hu\/index.php\/wp-json\/wp\/v2\/users\/1"}],"replies":[{"embeddable":true,"href":"https:\/\/gazdasagportal.hu\/index.php\/wp-json\/wp\/v2\/comments?post=101583"}],"version-history":[{"count":1,"href":"https:\/\/gazdasagportal.hu\/index.php\/wp-json\/wp\/v2\/posts\/101583\/revisions"}],"predecessor-version":[{"id":101584,"href":"https:\/\/gazdasagportal.hu\/index.php\/wp-json\/wp\/v2\/posts\/101583\/revisions\/101584"}],"wp:attachment":[{"href":"https:\/\/gazdasagportal.hu\/index.php\/wp-json\/wp\/v2\/media?parent=101583"}],"wp:term":[{"taxonomy":"category","embeddable":true,"href":"https:\/\/gazdasagportal.hu\/index.php\/wp-json\/wp\/v2\/categories?post=101583"},{"taxonomy":"post_tag","embeddable":true,"href":"https:\/\/gazdasagportal.hu\/index.php\/wp-json\/wp\/v2\/tags?post=101583"}],"curies":[{"name":"wp","href":"https:\/\/api.w.org\/{rel}","templated":true}]}}