{"id":101579,"date":"2017-12-31T04:52:46","date_gmt":"2017-12-31T03:52:46","guid":{"rendered":"http:\/\/gazdasagportal.hu\/?p=101579"},"modified":"2017-12-30T18:57:55","modified_gmt":"2017-12-30T17:57:55","slug":"riasztottak-a-gripeneket-egy-utasszallito-repulogep-miatt","status":"publish","type":"post","link":"https:\/\/gazdasagportal.hu\/index.php\/riasztottak-a-gripeneket-egy-utasszallito-repulogep-miatt\/","title":{"rendered":"Riasztott\u00e1k  a honv\u00e9ds\u00e9g Gripen vad\u00e1szg\u00e9peit egy utassz\u00e1ll\u00edt\u00f3 rep\u00fcl\u0151g\u00e9p miatt"},"content":{"rendered":"<p><strong>Riasztott\u00e1k a honv\u00e9ds\u00e9g Gripen vad\u00e1szg\u00e9peit szombat d\u00e9lel\u0151tt, miut\u00e1n egy Boeing 748 t\u00edpus\u00fa utassz\u00e1ll\u00edt\u00f3 rep\u00fcl\u0151g\u00e9p Magyarorsz\u00e1g l\u00e9gter\u00e9hez k\u00f6zeledve nem l\u00e9tes\u00edtett kapcsolatot id\u0151ben a polg\u00e1ri l\u00e9gi ir\u00e1ny\u00edt\u00e1ssal.<\/strong><!--more--><\/p>\n<div class=\"ads-in-post2\"><script async src=\"https:\/\/pagead2.googlesyndication.com\/pagead\/js\/adsbygoogle.js\"><\/script>\r\n<ins class=\"adsbygoogle\"\r\n     style=\"display:block\"\r\n     data-ad-format=\"fluid\"\r\n     data-ad-layout-key=\"-6t+ed+2i-1n-4w\"\r\n     data-ad-client=\"ca-pub-1959107119989764\"\r\n     data-ad-slot=\"4008251320\"><\/ins>\r\n<script>\r\n     (adsbygoogle = window.adsbygoogle || []).push({});\r\n<\/script><\/div>\n<p>    A Honv\u00e9delmi Miniszt\u00e9rium az MTI-hez eljuttatott k\u00f6zlem\u00e9ny\u00e9ben ismertette: az Egyes\u00fclt \u00c1llamokb\u00f3l Bahreinbe tart\u00f3 utassz\u00e1ll\u00edt\u00f3 10 \u00f3ra 29 perckor l\u00e9pett be Szlov\u00e1kia fel\u0151l Magyarorsz\u00e1g l\u00e9gter\u00e9be. A rep\u00fcl\u0151g\u00e9p a rep\u00fcl\u00e9si tervt\u0151l nem t\u00e9rt el, azonban csak a hat\u00e1r \u00e1tl\u00e9p\u00e9se ut\u00e1n vette fel a kapcsolatot a polg\u00e1ri l\u00e9gi ir\u00e1ny\u00edt\u00e1ssal, ez\u00e9rt riasztott\u00e1k a Gripen l\u00e9gv\u00e9delmi k\u00e9sz\u00fclts\u00e9get.<br \/>\n    A riaszt\u00e1s ut\u00e1n a Gripenek visszat\u00e9rtek a kecskem\u00e9ti rep\u00fcl\u0151b\u00e1zisra. A civil rep\u00fcl\u0151g\u00e9p Magyarorsz\u00e1g l\u00e9gter\u00e9b\u0151l kil\u00e9pve folytatta \u00fatj\u00e1t Bahrein fel\u00e9 &#8211; k\u00f6z\u00f6lte a szakt\u00e1rca.(MTI)<\/p>\n<div class=\"ads-in-post1\"><div id=\"gazdasagportal.hu_fullbanner_wideboard\"><\/div>\r\n<\/div>\n","protected":false},"excerpt":{"rendered":"<p>Riasztott\u00e1k a honv\u00e9ds\u00e9g Gripen vad\u00e1szg\u00e9peit szombat d\u00e9lel\u0151tt, miut\u00e1n egy Boeing 748 t\u00edpus\u00fa utassz\u00e1ll\u00edt\u00f3 rep\u00fcl\u0151g\u00e9p Magyarorsz\u00e1g l\u00e9gter\u00e9hez k\u00f6zeledve nem l\u00e9tes\u00edtett kapcsolatot id\u0151ben a polg\u00e1ri l\u00e9gi ir\u00e1ny\u00edt\u00e1ssal.<\/p>\n","protected":false},"author":1,"featured_media":0,"comment_status":"closed","ping_status":"open","sticky":false,"template":"","format":"standard","meta":[],"categories":[4],"tags":[],"_links":{"self":[{"href":"https:\/\/gazdasagportal.hu\/index.php\/wp-json\/wp\/v2\/posts\/101579"}],"collection":[{"href":"https:\/\/gazdasagportal.hu\/index.php\/wp-json\/wp\/v2\/posts"}],"about":[{"href":"https:\/\/gazdasagportal.hu\/index.php\/wp-json\/wp\/v2\/types\/post"}],"author":[{"embeddable":true,"href":"https:\/\/gazdasagportal.hu\/index.php\/wp-json\/wp\/v2\/users\/1"}],"replies":[{"embeddable":true,"href":"https:\/\/gazdasagportal.hu\/index.php\/wp-json\/wp\/v2\/comments?post=101579"}],"version-history":[{"count":2,"href":"https:\/\/gazdasagportal.hu\/index.php\/wp-json\/wp\/v2\/posts\/101579\/revisions"}],"predecessor-version":[{"id":101582,"href":"https:\/\/gazdasagportal.hu\/index.php\/wp-json\/wp\/v2\/posts\/101579\/revisions\/101582"}],"wp:attachment":[{"href":"https:\/\/gazdasagportal.hu\/index.php\/wp-json\/wp\/v2\/media?parent=101579"}],"wp:term":[{"taxonomy":"category","embeddable":true,"href":"https:\/\/gazdasagportal.hu\/index.php\/wp-json\/wp\/v2\/categories?post=101579"},{"taxonomy":"post_tag","embeddable":true,"href":"https:\/\/gazdasagportal.hu\/index.php\/wp-json\/wp\/v2\/tags?post=101579"}],"curies":[{"name":"wp","href":"https:\/\/api.w.org\/{rel}","templated":true}]}}