{"id":101573,"date":"2017-12-30T13:46:50","date_gmt":"2017-12-30T12:46:50","guid":{"rendered":"http:\/\/gazdasagportal.hu\/?p=101573"},"modified":"2017-12-30T12:27:56","modified_gmt":"2017-12-30T11:27:56","slug":"az-uj-kozigazgatasi-perrendtartas-szelesiti-a-birosaghoz-fordulas-lehetoseget","status":"publish","type":"post","link":"https:\/\/gazdasagportal.hu\/index.php\/az-uj-kozigazgatasi-perrendtartas-szelesiti-a-birosaghoz-fordulas-lehetoseget\/","title":{"rendered":"Az \u00faj k\u00f6zigazgat\u00e1si perrendtart\u00e1s sz\u00e9les\u00edti a b\u00edr\u00f3s\u00e1ghoz fordul\u00e1s lehet\u0151s\u00e9g\u00e9t"},"content":{"rendered":"<p><strong>Az \u00faj k\u00f6zigazgat\u00e1si perrendtart\u00e1s jelent\u0151sen sz\u00e9les\u00edti a b\u00edr\u00f3s\u00e1ghoz fordul\u00e1s lehet\u0151s\u00e9g\u00e9t \u00e9s a k\u00f6zigazgat\u00e1si b\u00edr\u00f3i d\u00f6nt\u00e9sek v\u00e9grehajt\u00e1sa ter\u00e9n megnyitja az utat a k\u00f6zigazgat\u00e1si szervet, illetve ak\u00e1r szem\u00e9ly szerint annak vezet\u0151j\u00e9t s\u00fajt\u00f3 b\u00edrs\u00e1gol\u00e1s el\u0151tt.<\/strong><!--more--><\/p>\n<div class=\"ads-in-post1\"><div id=\"gazdasagportal.hu_fullbanner_wideboard\"><\/div>\r\n<\/div>\n<p>    A Magyarorsz\u00e1gon el\u0151sz\u00f6r \u00f6n\u00e1ll\u00f3 t\u00f6rv\u00e9nyben szab\u00e1lyozott k\u00f6zigazgat\u00e1si perrendtart\u00e1s janu\u00e1r 1-jei \u00e9letbe l\u00e9p\u00e9se nyom\u00e1n nem csup\u00e1n a hat\u00f3s\u00e1gok d\u00f6nt\u00e9sei, hat\u00e1rozatai t\u00e1madhat\u00f3k meg b\u00edr\u00f3s\u00e1gon, hanem az \u00e1ltal\u00e1ban k\u00f6zigazgat\u00e1si feladatokat ell\u00e1t\u00f3 szervek k\u00f6zigazgat\u00e1si cselekm\u00e9nye, amely a polg\u00e1rok jogait, k\u00f6telezetts\u00e9geit \u00e9rinti. A k\u00f6zigazgat\u00e1si szerv nem cselekv\u00e9se, azaz mulaszt\u00e1sa miatt is ind\u00edthat\u00f3 per.<br \/>\n    F\u0151szab\u00e1lyk\u00e9nt a k\u00f6zigazgat\u00e1si cselekm\u00e9nyt\u0151l, illetve a tudom\u00e1sszerz\u00e9st\u0151l sz\u00e1m\u00edtott 30 napon bel\u00fcl lehet majd pert ind\u00edtani.<br \/>\n    Az \u00faj elj\u00e1r\u00e1si t\u00f6rv\u00e9ny szerint a v\u00e9grehajt\u00e1sra is nagyobb r\u00e1l\u00e1t\u00e1suk lesz a b\u00edr\u00f3s\u00e1goknak. Teljes\u00edt\u00e9si b\u00edrs\u00e1got szabhatnak ki, nemcsak a k\u00f6zigazgat\u00e1si szervre, hanem a vezet\u0151j\u00e9re is.<br \/>\n<div class=\"ads-in-post2\"><script async src=\"https:\/\/pagead2.googlesyndication.com\/pagead\/js\/adsbygoogle.js\"><\/script>\r\n<ins class=\"adsbygoogle\"\r\n     style=\"display:block\"\r\n     data-ad-format=\"fluid\"\r\n     data-ad-layout-key=\"-6t+ed+2i-1n-4w\"\r\n     data-ad-client=\"ca-pub-1959107119989764\"\r\n     data-ad-slot=\"4008251320\"><\/ins>\r\n<script>\r\n     (adsbygoogle = window.adsbygoogle || []).push({});\r\n<\/script><\/div>\n    \u00d6n\u00e1ll\u00f3 magyar k\u00f6zigazgat\u00e1si perrendtart\u00e1s kor\u00e1bban nem l\u00e9tezett, az erre vonatkoz\u00f3 szab\u00e1lyok eddig a polg\u00e1ri perrendtart\u00e1s egyik fejezet\u00e9t alkott\u00e1k.<br \/>\n    A magyar k\u00f6zigazgat\u00e1si b\u00edr\u00e1skod\u00e1s 1883-ban j\u00f6tt l\u00e9tre, a m\u00e1sodik vil\u00e1gh\u00e1bor\u00fa ut\u00e1ni kommunista hatalom\u00e1tv\u00e9telt k\u00f6vet\u0151en felsz\u00e1molt\u00e1k a hat\u00f3s\u00e1gi d\u00f6nt\u00e9sek elleni b\u00edr\u00f3s\u00e1ghoz fordul\u00e1s jog\u00e1t. A k\u00f6zigazgat\u00e1si b\u00edr\u00e1skod\u00e1s 1991-ben sz\u00fcletett \u00fajj\u00e1 Magyarorsz\u00e1gon. Az ad\u00f3hat\u00f3s\u00e1gi, \u00e9p\u00edt\u00e9s\u00fcgyi vagy k\u00f6zbeszerz\u00e9si d\u00f6nt\u00e9sekt\u0151l a m\u00e9diahat\u00f3s\u00e1gi, vagy versenyhivatali \u00fcgyeken \u00e1t a k\u00f6rnyezetv\u00e9delmi hat\u00f3s\u00e1gi hat\u00e1rozatokig mintegy k\u00e9tsz\u00e1z \u00fcgycsoportban lehet b\u00edr\u00f3s\u00e1ghoz fordulni a hat\u00f3s\u00e1gi hat\u00e1rozatok ellen.(MTI)<\/p>\n","protected":false},"excerpt":{"rendered":"<p>Az \u00faj k\u00f6zigazgat\u00e1si perrendtart\u00e1s jelent\u0151sen sz\u00e9les\u00edti a b\u00edr\u00f3s\u00e1ghoz fordul\u00e1s lehet\u0151s\u00e9g\u00e9t \u00e9s a k\u00f6zigazgat\u00e1si b\u00edr\u00f3i d\u00f6nt\u00e9sek v\u00e9grehajt\u00e1sa ter\u00e9n megnyitja az utat a k\u00f6zigazgat\u00e1si szervet, illetve ak\u00e1r szem\u00e9ly szerint annak vezet\u0151j\u00e9t s\u00fajt\u00f3 b\u00edrs\u00e1gol\u00e1s el\u0151tt.<\/p>\n","protected":false},"author":1,"featured_media":0,"comment_status":"closed","ping_status":"open","sticky":false,"template":"","format":"standard","meta":[],"categories":[4],"tags":[],"_links":{"self":[{"href":"https:\/\/gazdasagportal.hu\/index.php\/wp-json\/wp\/v2\/posts\/101573"}],"collection":[{"href":"https:\/\/gazdasagportal.hu\/index.php\/wp-json\/wp\/v2\/posts"}],"about":[{"href":"https:\/\/gazdasagportal.hu\/index.php\/wp-json\/wp\/v2\/types\/post"}],"author":[{"embeddable":true,"href":"https:\/\/gazdasagportal.hu\/index.php\/wp-json\/wp\/v2\/users\/1"}],"replies":[{"embeddable":true,"href":"https:\/\/gazdasagportal.hu\/index.php\/wp-json\/wp\/v2\/comments?post=101573"}],"version-history":[{"count":1,"href":"https:\/\/gazdasagportal.hu\/index.php\/wp-json\/wp\/v2\/posts\/101573\/revisions"}],"predecessor-version":[{"id":101574,"href":"https:\/\/gazdasagportal.hu\/index.php\/wp-json\/wp\/v2\/posts\/101573\/revisions\/101574"}],"wp:attachment":[{"href":"https:\/\/gazdasagportal.hu\/index.php\/wp-json\/wp\/v2\/media?parent=101573"}],"wp:term":[{"taxonomy":"category","embeddable":true,"href":"https:\/\/gazdasagportal.hu\/index.php\/wp-json\/wp\/v2\/categories?post=101573"},{"taxonomy":"post_tag","embeddable":true,"href":"https:\/\/gazdasagportal.hu\/index.php\/wp-json\/wp\/v2\/tags?post=101573"}],"curies":[{"name":"wp","href":"https:\/\/api.w.org\/{rel}","templated":true}]}}