{"id":101571,"date":"2017-12-30T12:53:45","date_gmt":"2017-12-30T11:53:45","guid":{"rendered":"http:\/\/gazdasagportal.hu\/?p=101571"},"modified":"2017-12-30T12:24:35","modified_gmt":"2017-12-30T11:24:35","slug":"tobb-elelmiszer-afaja-is-csokken-januartol","status":"publish","type":"post","link":"https:\/\/gazdasagportal.hu\/index.php\/tobb-elelmiszer-afaja-is-csokken-januartol\/","title":{"rendered":"T\u00f6bb \u00e9lelmiszer \u00e1f\u00e1ja is cs\u00f6kken janu\u00e1rt\u00f3l"},"content":{"rendered":"<p><strong>Janu\u00e1rt\u00f3l folytat\u00f3dik az alapvet\u0151 \u00e9lelmiszerek \u00e1ltal\u00e1nos forgalmi ad\u00f3j\u00e1nak (\u00e1fa) cs\u00f6kkent\u00e9se &#8211; eml\u00e9keztetett a F\u00f6ldm\u0171vel\u00e9s\u00fcgyi Miniszt\u00e9rium (FM) parlamenti \u00e1llamtitk\u00e1ra az M1 aktu\u00e1lis csatorna szombati m\u0171sor\u00e1ban.<\/strong><!--more--><\/p>\n<div class=\"ads-in-post2\"><script async src=\"https:\/\/pagead2.googlesyndication.com\/pagead\/js\/adsbygoogle.js\"><\/script>\r\n<ins class=\"adsbygoogle\"\r\n     style=\"display:block\"\r\n     data-ad-format=\"fluid\"\r\n     data-ad-layout-key=\"-6t+ed+2i-1n-4w\"\r\n     data-ad-client=\"ca-pub-1959107119989764\"\r\n     data-ad-slot=\"4008251320\"><\/ins>\r\n<script>\r\n     (adsbygoogle = window.adsbygoogle || []).push({});\r\n<\/script><\/div>\n<p>    Nagy Istv\u00e1n elmondta, hogy az int\u00e9zked\u00e9s k\u00e9t nagy term\u00e9kk\u00f6rt \u00e9rint. A sert\u00e9s eset\u00e9ben a v\u00e1g\u00f3h\u00eddi mell\u00e9kterm\u00e9kek \u00e9s a sert\u00e9sbels\u0151s\u00e9gek \u00e1f\u00e1ja m\u00e9rs\u00e9kl\u0151dik 5 sz\u00e1zal\u00e9kra, a fogyaszt\u00e1si c\u00e9l\u00fa hal ad\u00f3kulcsa pedig szint\u00e9n erre a szintre cs\u00f6kken.<br \/>\n    Azt szeretn\u00e9k, hogy a sert\u00e9sre teljes m\u00e9rt\u00e9kben az 5 sz\u00e1zal\u00e9kos \u00e1fa vonatkozzon, a hal bevon\u00e1s\u00e1val pedig tov\u00e1bb b\u0151v\u00edten\u00e9k a csal\u00e1dok lehet\u0151s\u00e9g\u00e9t a sp\u00f3rol\u00e1sra &#8211; jelentette ki.<br \/>\n    Az \u00e1llamtitk\u00e1r hangs\u00falyozta, hogy a hal nagyon eg\u00e9szs\u00e9ges, gy\u00f3gy\u00edtja a sz\u00edv- \u00e9s \u00e9rrendszeri betegs\u00e9geket. A t\u00e1rca ez\u00e9rt n\u00f6veln\u00e9 magyar fogyaszt\u00e1st, amely elmarad a nyugat-eur\u00f3pait\u00f3l &#8211; k\u00f6z\u00f6lte.<br \/>\n    Nagy Istv\u00e1n szerint az int\u00e9zked\u00e9s a magyar termel\u0151ket is seg\u00edti.(MTI)<\/p>\n","protected":false},"excerpt":{"rendered":"<p>Janu\u00e1rt\u00f3l folytat\u00f3dik az alapvet\u0151 \u00e9lelmiszerek \u00e1ltal\u00e1nos forgalmi ad\u00f3j\u00e1nak (\u00e1fa) cs\u00f6kkent\u00e9se &#8211; eml\u00e9keztetett a F\u00f6ldm\u0171vel\u00e9s\u00fcgyi Miniszt\u00e9rium (FM) parlamenti \u00e1llamtitk\u00e1ra az M1 aktu\u00e1lis csatorna szombati m\u0171sor\u00e1ban.<\/p>\n","protected":false},"author":1,"featured_media":0,"comment_status":"closed","ping_status":"open","sticky":false,"template":"","format":"standard","meta":[],"categories":[4,19],"tags":[],"_links":{"self":[{"href":"https:\/\/gazdasagportal.hu\/index.php\/wp-json\/wp\/v2\/posts\/101571"}],"collection":[{"href":"https:\/\/gazdasagportal.hu\/index.php\/wp-json\/wp\/v2\/posts"}],"about":[{"href":"https:\/\/gazdasagportal.hu\/index.php\/wp-json\/wp\/v2\/types\/post"}],"author":[{"embeddable":true,"href":"https:\/\/gazdasagportal.hu\/index.php\/wp-json\/wp\/v2\/users\/1"}],"replies":[{"embeddable":true,"href":"https:\/\/gazdasagportal.hu\/index.php\/wp-json\/wp\/v2\/comments?post=101571"}],"version-history":[{"count":1,"href":"https:\/\/gazdasagportal.hu\/index.php\/wp-json\/wp\/v2\/posts\/101571\/revisions"}],"predecessor-version":[{"id":101572,"href":"https:\/\/gazdasagportal.hu\/index.php\/wp-json\/wp\/v2\/posts\/101571\/revisions\/101572"}],"wp:attachment":[{"href":"https:\/\/gazdasagportal.hu\/index.php\/wp-json\/wp\/v2\/media?parent=101571"}],"wp:term":[{"taxonomy":"category","embeddable":true,"href":"https:\/\/gazdasagportal.hu\/index.php\/wp-json\/wp\/v2\/categories?post=101571"},{"taxonomy":"post_tag","embeddable":true,"href":"https:\/\/gazdasagportal.hu\/index.php\/wp-json\/wp\/v2\/tags?post=101571"}],"curies":[{"name":"wp","href":"https:\/\/api.w.org\/{rel}","templated":true}]}}