{"id":101569,"date":"2017-12-30T12:21:08","date_gmt":"2017-12-30T11:21:08","guid":{"rendered":"http:\/\/gazdasagportal.hu\/?p=101569"},"modified":"2017-12-30T12:21:08","modified_gmt":"2017-12-30T11:21:08","slug":"tobb-ujdonsag-lesz-jovore-az-autopalyas-dijfizetesben","status":"publish","type":"post","link":"https:\/\/gazdasagportal.hu\/index.php\/tobb-ujdonsag-lesz-jovore-az-autopalyas-dijfizetesben\/","title":{"rendered":"T\u00f6bb \u00fajdons\u00e1g lesz j\u00f6v\u0151re az aut\u00f3p\u00e1ly\u00e1s d\u00edjfizet\u00e9sben"},"content":{"rendered":"<p><strong>Sok \u00fajdons\u00e1got hoz a j\u00f6v\u0151 \u00e9v az aut\u00f3p\u00e1ly\u00e1s d\u00edjfizet\u00e9sben &#8211; k\u00f6z\u00f6lte a Nemzeti Fejleszt\u00e9si Miniszt\u00e9rium (NFM) \u00e9s a Nemzeti \u00datd\u00edjfizet\u00e9si Szolg\u00e1ltat\u00f3 (N\u00daSZ) Zrt. az MTI-hez eljuttatott k\u00f6z\u00f6s k\u00f6zlem\u00e9ny\u00e9ben szombaton.<\/strong><!--more--><\/p>\n<div class=\"ads-in-post1\"><div id=\"gazdasagportal.hu_fullbanner_wideboard\"><\/div>\r\n<\/div>\n<p>    Janu\u00e1r elsej\u00e9t\u0151l sok \u00faj, az aut\u00f3sok k\u00f6lts\u00e9geit \u00e9s adminisztr\u00e1ci\u00f3s terheit cs\u00f6kkent\u0151 el\u0151\u00edr\u00e1s l\u00e9p hat\u00e1lyba az e-matric\u00e1s rendszerben. Az \u00fcgyint\u00e9z\u00e9st jelent\u0151sen megk\u00f6nny\u00edt\u0151 egyes rendelkez\u00e9seket a m\u00e1r folyamatban l\u00e9v\u0151 \u00fcgyekre is alkalmazni kell majd.<br \/>\n    Az egyik legfontosabb int\u00e9zked\u00e9s lehet\u0151v\u00e9 teszi, hogy a v\u00e9letlen\u00fcl d\u00edjk\u00f6teles \u00fatszakaszra t\u00e9ved\u0151 aut\u00f3sok az utaz\u00e1s megkezd\u00e9se ut\u00e1n v\u00e1s\u00e1rolj\u00e1k meg az e-matric\u00e1t. Az \u00faj el\u0151\u00edr\u00e1s szerint a fizet\u0151s h\u00e1l\u00f3zatra l\u00e9p\u00e9st\u0151l sz\u00e1m\u00edtva hatvan perc \u00e1ll az \u00fathaszn\u00e1l\u00f3k rendelkez\u00e9s\u00e9re a jogosults\u00e1g megv\u00e1lt\u00e1s\u00e1hoz.<br \/>\n    Az e-matric\u00e1kat a tov\u00e1bbiakban is \u00e9rdemes m\u00e1r indul\u00e1s el\u0151tt beszerezni ak\u00e1r szem\u00e9lyesen, ak\u00e1r elektronikus \u00faton. A j\u00f3hiszem\u0171 mulaszt\u00f3k azonban a j\u00f6v\u0151ben mentes\u00fclhetnek a p\u00f3td\u00edjaz\u00e1s al\u00f3l, ha a megfelel\u0151 jogosults\u00e1got a d\u00edjk\u00f6teles \u00fatra hajt\u00e1st k\u00f6vet\u0151 egy \u00f3r\u00e1n bel\u00fcl megveszik.<br \/>\n    A kor\u00e1bbi szab\u00e1lyoz\u00e1s szerint a jogosulatlan \u00fathaszn\u00e1lat\u00e9rt kiszabott 14 875 forintos alapp\u00f3td\u00edj m\u00e1r harminc nap ut\u00e1n 59 500 forintra n\u0151tt. A m\u00f3dos\u00edt\u00e1ssal e t\u00fcrelmi id\u0151 a k\u00e9tszeres\u00e9re, hatvan napra hosszabbodik. Ha a j\u00e1rm\u0171 az arra egy\u00e9bk\u00e9nt ir\u00e1nyad\u00f3 d\u00edjkateg\u00f3ri\u00e1hoz k\u00e9pest alacsonyabb d\u00edjkateg\u00f3ri\u00e1ba tartoz\u00f3, \u00e9rv\u00e9nyes jogosults\u00e1ggal rendelkezik, csak a &#8211; hatvan napon bel\u00fcli rendez\u00e9s eset\u00e9n &#8211; 7500 forintos k\u00fcl\u00f6nb\u00f6zeti p\u00f3td\u00edjat kell kifizetni.<br \/>\n<div class=\"ads-in-post2\"><script async src=\"https:\/\/pagead2.googlesyndication.com\/pagead\/js\/adsbygoogle.js\"><\/script>\r\n<ins class=\"adsbygoogle\"\r\n     style=\"display:block\"\r\n     data-ad-format=\"fluid\"\r\n     data-ad-layout-key=\"-6t+ed+2i-1n-4w\"\r\n     data-ad-client=\"ca-pub-1959107119989764\"\r\n     data-ad-slot=\"4008251320\"><\/ins>\r\n<script>\r\n     (adsbygoogle = window.adsbygoogle || []).push({});\r\n<\/script><\/div>\n    Ha az \u00fathaszn\u00e1l\u00f3nak a jogosulatlan \u00fathaszn\u00e1lat \u00e9s az els\u0151 felsz\u00f3l\u00edt\u00e1s k\u00e9zhezv\u00e9tele k\u00f6z\u00f6tt eltelt id\u0151ben kett\u0151n\u00e9l t\u00f6bb p\u00f3td\u00edjfizet\u00e9si k\u00f6telezetts\u00e9ge keletkezett, a p\u00f3td\u00edj maximaliz\u00e1l\u00e1s\u00e1t k\u00e9rheti k\u00e9t, a j\u00e1rm\u0171re ir\u00e1nyad\u00f3 alapp\u00f3td\u00edj vagy k\u00fcl\u00f6nb\u00f6zeti p\u00f3td\u00edj \u00f6sszeg\u00e9re.<br \/>\n    A k\u00e9relem beny\u00fajt\u00e1s\u00e1ra a kor\u00e1bbi tizen\u00f6ttel szemben hetven\u00f6t nap \u00e1ll az \u00fczemben tart\u00f3 rendelkez\u00e9s\u00e9re. A k\u00e9relem egy rendsz\u00e1mra egy napt\u00e1ri \u00e9vben t\u00f6bbsz\u00f6r is beny\u00fajthat\u00f3.<br \/>\n    A rendszer \u00fczemeltet\u0151je a j\u00f6v\u0151ben a p\u00f3td\u00edjfizet\u00e9sre k\u00f6telezett term\u00e9szetes szem\u00e9ly k\u00e9relm\u00e9re r\u00e9szletfizet\u00e9st enged\u00e9lyezhet, ha az egy\u00f6sszeg\u0171 rendez\u00e9s jelent\u0151s anyagi terhet r\u00f3na a mulaszt\u00f3ra.<br \/>\n    Azt \u00edrt\u00e1k, hogy 2018 a csal\u00e1dok \u00e9ve lesz, ez\u00e9rt a D2 j\u00e1rm\u0171kateg\u00f3ri\u00e1ba tartoz\u00f3 szem\u00e9lyg\u00e9pkocsira regisztr\u00e1ci\u00f3 ut\u00e1n ig\u00e9nybe vehet\u0151 kedvezm\u00e9ny janu\u00e1rt\u00f3l m\u00e1r nemcsak a n\u00e9gy, hanem a h\u00e1rom gyermeket nevel\u0151 csal\u00e1dok sz\u00e1m\u00e1ra is el\u00e9rhet\u0151v\u00e9 v\u00e1lik.<br \/>\n    A motorosok a k\u00edn\u00e1latb\u00f3l eddig hi\u00e1nyz\u00f3 kedvezm\u00e9nyes havi matric\u00e1t v\u00e1s\u00e1rolhatnak j\u00e1rm\u0171v\u00fckre. A m\u00e1r m\u00e1just\u00f3l el\u00e9rhet\u0151 \u00faj term\u00e9k \u00e1ra az 1470 forintos heti jogosults\u00e1ghoz k\u00e9pest mind\u00f6ssze 2500 forint lesz.<br \/>\n    A tov\u00e1bbi kedvez\u0151 v\u00e1ltoz\u00e1sokr\u00f3l r\u00e9szletes t\u00e1j\u00e9koztat\u00e1s tal\u00e1lhat\u00f3 a N\u00daSZ Zrt. honlapj\u00e1n, a www.nemzetiutdij.hu oldalon &#8211; olvashat\u00f3 a k\u00f6zlem\u00e9nyben.<br \/>\n    Azt \u00edrt\u00e1k, hogy hatodik \u00e9ve v\u00e1ltozatlanok a sztr\u00e1dahaszn\u00e1lat d\u00edjai, 2017-ben is n\u00e9pszer\u0171 volt az \u00e9ves jogosults\u00e1g el\u0151v\u00e1s\u00e1rl\u00e1si lehet\u0151s\u00e9ge, egyre jobban fogynak a megyei matric\u00e1k. Janu\u00e1r elsej\u00e9t\u0151l \u00fcgyf\u00e9lbar\u00e1t m\u00f3don v\u00e1ltozik sok el\u0151\u00edr\u00e1s, a motorosok m\u00e1r m\u00e1just\u00f3l kedvezm\u00e9nyes havi matric\u00e1t vehetnek.<br \/>\n    A 2012 \u00f3ta v\u00e1ltozatlan d\u00edjak j\u00f6v\u0151re sem emelkednek, a k\u00f6zleked\u0151k a tov\u00e1bbiakban is a hat \u00e9ve megszokott \u00e1rakon v\u00e1s\u00e1rolhatj\u00e1k meg az ismert matricat\u00edpusokat. A fizet\u0151s utak k\u00f6re az id\u00e9n decemberben \u00e1tadott k\u00e9t \u00faj szakasszal, az M85 Csorna elker\u00fcl\u0151 befejez\u0151 \u00fctem\u00e9vel \u00e9s az M35 Debrecen ut\u00e1ni folytat\u00e1s\u00e1val b\u0151v\u00fcl.<br \/>\n    Id\u00e9n is keresett term\u00e9keknek bizonyultak a megyei matric\u00e1k, amelyekb\u0151l a mai napig orsz\u00e1gszerte \u00f6sszesen t\u00f6bb mint 1,7 milli\u00f3 fogyott 9,3 milli\u00e1rd forint \u00e9rt\u00e9kben.<br \/>\n    &#8222;A rendk\u00edv\u00fcl kedvez\u0151 \u00e1r\u00fa e-matrica t\u00edpus n\u00e9pszer\u0171s\u00e9g\u00e9t j\u00f3l mutatja, hogy az el\u0151z\u0151 \u00e9vihez k\u00e9pest 13,7 sz\u00e1zal\u00e9kkal t\u00f6bb kelt el bel\u0151le&#8221; &#8211; fogalmaztak.<br \/>\n    Szombathely gyorsforgalmi bek\u00f6t\u00e9s\u00e9vel el\u0151sz\u00f6r v\u00e1lthattak Vas megyei matric\u00e1t a k\u00f6zleked\u0151k, az els\u0151 esztend\u0151ben ebb\u0151l t\u00f6bb mint 36 ezret \u00e9rt\u00e9kes\u00edtettek.<br \/>\n    A tavaly bevezetett \u00e9s rendk\u00edv\u00fcl n\u00e9pszer\u0171nek bizonyult k\u00e9nyelmi szolg\u00e1ltat\u00e1s id\u00e9n az \u00e9v teljes utols\u00f3 h\u00f3napj\u00e1ban el\u00e9rhet\u0151 volt, az aut\u00f3sok m\u00e1r december elsej\u00e9t\u0151l beszerezhetik a 2018-as \u00e9ves orsz\u00e1gos \u00e9s megyei e-matric\u00e1kat. A N\u00daSZ Zrt. kimutat\u00e1sai alapj\u00e1n eddig \u00f6sszesen t\u00f6bb mint 94 ezer \u00fathaszn\u00e1lati jogosults\u00e1g kelt el az \u00e9rv\u00e9nyess\u00e9gi id\u0151 kezdete el\u0151tt 1,58 milli\u00e1rd forint \u00e9rt\u00e9kben.<br \/>\n(MTI)<\/p>\n","protected":false},"excerpt":{"rendered":"<p>Sok \u00fajdons\u00e1got hoz a j\u00f6v\u0151 \u00e9v az aut\u00f3p\u00e1ly\u00e1s d\u00edjfizet\u00e9sben &#8211; k\u00f6z\u00f6lte a Nemzeti Fejleszt\u00e9si Miniszt\u00e9rium (NFM) \u00e9s a Nemzeti \u00datd\u00edjfizet\u00e9si Szolg\u00e1ltat\u00f3 (N\u00daSZ) Zrt. az MTI-hez eljuttatott k\u00f6z\u00f6s k\u00f6zlem\u00e9ny\u00e9ben szombaton.<\/p>\n","protected":false},"author":1,"featured_media":0,"comment_status":"closed","ping_status":"open","sticky":false,"template":"","format":"standard","meta":[],"categories":[4,19],"tags":[],"_links":{"self":[{"href":"https:\/\/gazdasagportal.hu\/index.php\/wp-json\/wp\/v2\/posts\/101569"}],"collection":[{"href":"https:\/\/gazdasagportal.hu\/index.php\/wp-json\/wp\/v2\/posts"}],"about":[{"href":"https:\/\/gazdasagportal.hu\/index.php\/wp-json\/wp\/v2\/types\/post"}],"author":[{"embeddable":true,"href":"https:\/\/gazdasagportal.hu\/index.php\/wp-json\/wp\/v2\/users\/1"}],"replies":[{"embeddable":true,"href":"https:\/\/gazdasagportal.hu\/index.php\/wp-json\/wp\/v2\/comments?post=101569"}],"version-history":[{"count":1,"href":"https:\/\/gazdasagportal.hu\/index.php\/wp-json\/wp\/v2\/posts\/101569\/revisions"}],"predecessor-version":[{"id":101570,"href":"https:\/\/gazdasagportal.hu\/index.php\/wp-json\/wp\/v2\/posts\/101569\/revisions\/101570"}],"wp:attachment":[{"href":"https:\/\/gazdasagportal.hu\/index.php\/wp-json\/wp\/v2\/media?parent=101569"}],"wp:term":[{"taxonomy":"category","embeddable":true,"href":"https:\/\/gazdasagportal.hu\/index.php\/wp-json\/wp\/v2\/categories?post=101569"},{"taxonomy":"post_tag","embeddable":true,"href":"https:\/\/gazdasagportal.hu\/index.php\/wp-json\/wp\/v2\/tags?post=101569"}],"curies":[{"name":"wp","href":"https:\/\/api.w.org\/{rel}","templated":true}]}}