{"id":101563,"date":"2017-12-30T09:03:17","date_gmt":"2017-12-30T08:03:17","guid":{"rendered":"http:\/\/gazdasagportal.hu\/?p=101563"},"modified":"2017-12-30T09:03:17","modified_gmt":"2017-12-30T08:03:17","slug":"evertekelo-amerikaban-a-2017-es-esztendo-donald-trumprol-szolt","status":"publish","type":"post","link":"https:\/\/gazdasagportal.hu\/index.php\/evertekelo-amerikaban-a-2017-es-esztendo-donald-trumprol-szolt\/","title":{"rendered":"\u00c9v\u00e9rt\u00e9kel\u0151 &#8211; Amerik\u00e1ban a 2017-es esztend\u0151 Donald Trumpr\u00f3l sz\u00f3lt"},"content":{"rendered":"<p><strong>Ha a tavalyi a rejt\u0151zk\u00f6d\u0151 v\u00e1laszt\u00f3k \u00e9ve volt az Egyes\u00fclt \u00c1llamokban, akkor a most elm\u00fal\u00f3ban l\u00e9v\u0151 esztend\u0151 k\u00e9ts\u00e9gtelen\u00fcl Donald Trumpr\u00f3l, az orsz\u00e1g 45. eln\u00f6k\u00e9r\u0151l sz\u00f3lt. B\u00e1r nem sikertelen eln\u00f6k, meg\u00edt\u00e9l\u00e9se ellentmond\u00e1sos.<\/strong><!--more--><\/p>\n<div class=\"ads-in-post1\"><div id=\"gazdasagportal.hu_fullbanner_wideboard\"><\/div>\r\n<\/div>\n<p>        Ronald Reagan \u00f3ta nem volt a Feh\u00e9r H\u00e1znak olyan lak\u00f3ja, aki ennyire megosztotta volna a politikusokat \u00e9s a politikai elitet, mint a politik\u00e1ba a gazdas\u00e1gi \u00e9letb\u0151l \u00e9rkezett Donald Trump. N\u00e9pszer\u0171s\u00e9ge a felm\u00e9r\u00e9sekben alacsony: 39 \u00e9s 43 sz\u00e1zal\u00e9k k\u00f6z\u00f6tt ingadozik. A republik\u00e1nusok azonban a decemberben tartott alabamai szen\u00e1torv\u00e1laszt\u00e1st lesz\u00e1m\u00edtva &#8211; ahol a demokrat\u00e1k jel\u00f6ltje nyert -, febru\u00e1r \u00f3ta n\u00e9gy kongresszusi id\u0151k\u00f6zi v\u00e1laszt\u00e1son is gy\u0151zelmet arattak. Ez elemz\u0151k szerint azt jelenti, hogy ha Trump szem\u00e9ly\u00e9t sokan nem is kedvelik, de a vezet\u0151 \u00e9s ismert demokrata p\u00e1rti politikusokra m\u00e9g kev\u00e9sb\u00e9 voksoln\u00e1nak.<br \/>\n    Az \u00fajonnan v\u00e1lasztott amerikai eln\u00f6k\u00f6k hagyom\u00e1nyosan a hatalomra ker\u00fcl\u00e9s\u00fck els\u0151 esztendej\u00e9ben fogadtatj\u00e1k el a nagy \u00e9s legemblematikusabb reformokat, hiszen az els\u0151 \u00e9v t\u00f6bbnyire az \u00faj eln\u00f6k ir\u00e1nt tan\u00fas\u00edtott t\u00fcrelem id\u0151szaka. Trumpnak szinte egyetlen percig sem volt r\u00e9sze ebben. R\u00e1ad\u00e1sul kapcsolata a demokrata ellenz\u00e9kkel igencsak neh\u00e9zkes, \u00e9s a kongresszus mindk\u00e9t h\u00e1z\u00e1ban t\u00f6bbs\u00e9gben l\u00e9v\u0151 republik\u00e1nusokkal sem teljess\u00e9ggel harmonikus. Ezzel is magyar\u00e1zhat\u00f3, hogy a v\u00e1laszt\u00e1si kamp\u00e1ny\u00e1ban meghirdetett nagy t\u00f6rv\u00e9nyhoz\u00e1si programok k\u00f6z\u00fcl eddig csup\u00e1n egyet, a k\u00e9ts\u00e9gtelen\u00fcl nagyon jelent\u0151s ad\u00f3reformot siker\u00fclt elfogadtatnia. Az eln\u00f6k szerint ez \u00e9l\u00e9nk\u00edti majd a gazdas\u00e1got \u00e9s hozz\u00e1j\u00e1rul \u00faj munkahelyek teremt\u00e9s\u00e9hez, \u00e1m ellenz\u00e9ki demokrata p\u00e1rti t\u00f6rv\u00e9nyhoz\u00f3k \u00fagy v\u00e9lik, hogy az ad\u00f3cs\u00f6kkent\u00e9sek jobb\u00e1ra a tehet\u0151seket seg\u00edtik, nem n\u00f6velik l\u00e9nyegesen a k\u00f6lts\u00e9gvet\u00e9si bev\u00e9teleket, viszont v\u00e9gs\u0151 soron emelhetik az \u00e1llamh\u00e1ztart\u00e1si hi\u00e1ny\u00e1t.         Eddig kudarcot vallott viszont az Obamacare n\u00e9ven ismertt\u00e9 v\u00e1lt eg\u00e9szs\u00e9gbiztos\u00edt\u00e1si reform megsz\u00fcntet\u00e9se \u00e9s \u00faj t\u00f6rv\u00e9ny elfogadtat\u00e1sa &#8211; igaz, csup\u00e1n egyetlen republik\u00e1nus politikus, John McCain szen\u00e1tor voksa miatt -, mik\u00e9nt v\u00e1rat mag\u00e1ra a bev\u00e1ndorl\u00e1s \u00e1tfog\u00f3 reformja is. Az ezermilli\u00e1rdos infrastruktur\u00e1lis fejleszt\u00e9sekr\u0151l egyel\u0151re nem esik sz\u00f3, az amerikai-mexik\u00f3i hat\u00e1ron \u00e9p\u00edtend\u0151 falnak m\u00e9g csup\u00e1n a protot\u00edpusai k\u00e9sz\u00fclnek.<br \/>\n<div class=\"ads-in-post2\"><script async src=\"https:\/\/pagead2.googlesyndication.com\/pagead\/js\/adsbygoogle.js\"><\/script>\r\n<ins class=\"adsbygoogle\"\r\n     style=\"display:block\"\r\n     data-ad-format=\"fluid\"\r\n     data-ad-layout-key=\"-6t+ed+2i-1n-4w\"\r\n     data-ad-client=\"ca-pub-1959107119989764\"\r\n     data-ad-slot=\"4008251320\"><\/ins>\r\n<script>\r\n     (adsbygoogle = window.adsbygoogle || []).push({});\r\n<\/script><\/div>\n    Elemz\u0151k azonban felh\u00edvj\u00e1k a figyelmet: hiba lenne mindebb\u0151l azt a k\u00f6vetkeztet\u00e9st levonni, hogy az eln\u00f6k sikertelen. David Brady, a Stanford Egyetem politol\u00f3gus-professzora a minap az amerikai k\u00f6zszolg\u00e1lati r\u00e1di\u00f3ban (NPR) azt hangs\u00falyozta, hogy Trump jelent\u0151s m\u00e9rt\u00e9kben megv\u00e1ltoztatta az amerikai politikacsin\u00e1l\u00e1st \u00e9s az amerikai t\u00e1rsadalom mindennapjait is. Folyamatos \u00e9s indulatos mikroblog-bejegyz\u00e9seivel, riv\u00e1lisai nyilv\u00e1nos inzult\u00e1l\u00e1s\u00e1val a politiz\u00e1l\u00e1s eddigi m\u00f3dj\u00e1t, eln\u00f6ki rendeleteivel pedig az amerikaiak mindennapjait v\u00e1ltoztatta meg. P\u00e9ld\u00e1ul az el\u0151z\u0151 eln\u00f6k, Barack Obama \u00e1ltal az \u00e1llami iskol\u00e1k kisdi\u00e1kjainak k\u00f6telez\u0151en el\u0151\u00edrt &#8222;semleges nem\u0171&#8221; mosd\u00f3k l\u00e9tes\u00edt\u00e9s\u00e9r\u0151l sz\u00f3l\u00f3 eln\u00f6ki rendelet elt\u00f6rl\u00e9s\u00e9vel \u00f3ri\u00e1si n\u00e9pszer\u0171s\u00e9get szerzett, vagy az egyes orsz\u00e1gokb\u00f3l t\u00f6rt\u00e9n\u0151 bev\u00e1ndorl\u00e1s \u00e1tmeneti id\u0151re t\u00f6rt\u00e9n\u0151 felf\u00fcggeszt\u00e9s\u00e9t &#8211; amelyet harmadj\u00e1ra is \u00e1tfogalmazott eln\u00f6ki rendelettel \u00e9rt el &#8211; az amerikaiak t\u00f6bbs\u00e9ge \u00f6r\u00f6mmel fogadta. Ezek l\u00e1that\u00f3 \u00e9s \u00e9rz\u00e9kelhet\u0151 k\u00f6vetkezm\u00e9nyekkel j\u00e1r\u00f3 d\u00f6nt\u00e9sek voltak. Kev\u00e9sb\u00e9 l\u00e1that\u00f3, \u00e1m a t\u00e1rsadalom j\u00f6v\u0151j\u00e9t jelent\u0151sen befoly\u00e1solja, hogy a konzervat\u00edv Neil Gorsuch szem\u00e9ly\u00e9ben  siker\u00fclt elfogadtatnia az alkotm\u00e1nyb\u00edr\u00f3s\u00e1g \u00faj b\u00edr\u00e1j\u00e1t, \u00e9s a sz\u00f6vets\u00e9gi ker\u00fcleti \u00e9s fellebbviteli b\u00edr\u00f3s\u00e1gokon kiterjedt \u00e9s gyors \u00fctem\u0171 szem\u00e9lycser\u00e9k folynak.<br \/>\n    Donald Trump megv\u00e1ltoztatta az Egyes\u00fclt \u00c1llamok nemzetk\u00f6zi im\u00e1zs\u00e1t is. Az &#8222;Amerika az els\u0151&#8221; jelszava jegy\u00e9ben Washington visszavonult a multilateralizmust\u00f3l. Politik\u00e1j\u00e1t egyes elemz\u0151k elszigetel\u0151d\u0151nek nevezik, m\u00e1sok viszont hazafiasnak. Trump mindj\u00e1rt a beiktat\u00e1sa ut\u00e1n felmondta a Csendes-\u00f3ce\u00e1ni Partners\u00e9g (TPP) nev\u0171 szabadkereskedelmi meg\u00e1llapod\u00e1sban val\u00f3 amerikai r\u00e9szv\u00e9telt, megkezdte az \u00c9szak-amerikai Szabadkereskedelmi Egyezm\u00e9ny (NAFTA) \u00fajrat\u00e1rgyal\u00e1s\u00e1t, bejelentette, hogy Washington kil\u00e9p a p\u00e1rizsi kl\u00edmaegyezm\u00e9nyb\u0151l, az ENSZ Oktat\u00e1si, Tudom\u00e1nyos \u00e9s Kultur\u00e1lis Szervezet\u00e9t (UNESCO) m\u00e1r el is hagyta, \u00e9s a Kereskedelmi Vil\u00e1gszervezetben (WTO) is alig akt\u00edv. James Mattis v\u00e9delmi miniszter, Rex Tillerson k\u00fcl\u00fcgyminiszter \u00e9s Herbert McMaster nemzetbiztons\u00e1gi tan\u00e1csad\u00f3 ugyan folyamatosan megpr\u00f3b\u00e1lja fenntartani az Egyes\u00fclt \u00c1llamok glob\u00e1lis szerepv\u00e1llal\u00e1s\u00e1t, \u00e1m Twitter-bejegyz\u00e9seivel vagy nyilv\u00e1nos megjegyz\u00e9seivel az eln\u00f6k gyakran al\u00e1\u00e1ssa helyzet\u00fcket.         Els\u0151sorban az \u00c9szak-Kore\u00e1val folytatand\u00f3 politik\u00e1ban \u00e9rz\u00e9kelhet\u0151 az eln\u00f6k \u00e9s csapata k\u00f6z\u00f6tt l\u00e1tsz\u00f3lagos v\u00e9lem\u00e9nyk\u00fcl\u00f6nbs\u00e9g. Mik\u00f6zben Trump gyakori sz\u00f3csat\u00e1t v\u00edv, &#8222;haraggal \u00e9s t\u0171zzel&#8221; fenyegeti az \u00e1zsiai orsz\u00e1g kommunista vezet\u00e9s\u00e9t \u00e9s \u00c9szak-Korea pusztul\u00e1s\u00e1t \u00e9s lerombol\u00e1s\u00e1t \u00edg\u00e9ri, a k\u00fcl\u00fcgyminiszter folyamatosan a Washington \u00e9s Phenjan k\u00f6z\u00f6tti p\u00e1rbesz\u00e9d fontoss\u00e1g\u00e1t hangs\u00falyozza. Val\u00f3sz\u00edn\u0171, hogy a h\u00e1tt\u00e9rben ez a &#8222;re\u00e1lpolitikai&#8221; megk\u00f6zel\u00edt\u00e9s \u00e9rv\u00e9nyes\u00fcl: nyilv\u00e1noss\u00e1gra ker\u00fclt, hogy az amerikai k\u00fcl\u00fcgyminiszt\u00e9rium munkat\u00e1rsai k\u00f6zvetlen t\u00e1rgyal\u00e1sokat folytatnak phenjani tiszts\u00e9gvisel\u0151kkel.         Egys\u00e9ges volt az amerikai korm\u00e1nyzat az Ukrajn\u00e1nak sz\u00e1ll\u00edtand\u00f3, hal\u00e1lt okoz\u00f3 fegyverek \u00fcgy\u00e9ben &#8211; ezt a szen\u00e1tus enged\u00e9lyezte is -, valamint Jeruzs\u00e1lem Izrael f\u0151v\u00e1rosak\u00e9nt t\u00f6rt\u00e9n\u0151 elismer\u00e9s\u00e9ben.<br \/>\n    A Trump-eln\u00f6ks\u00e9g els\u0151 \u00e9v\u00e9t v\u00e9g\u00fcl &#8211; de nem utols\u00f3 sorban &#8211; alapvet\u0151en meghat\u00e1rozza az a t\u00f6bb sz\u00e1lon is foly\u00f3 vizsg\u00e1lat, amely azt igyekszik kider\u00edteni: a Trump-kamp\u00e1nyt\u00f6rzs munkat\u00e1rsai &#8222;\u00f6sszej\u00e1tottak-e&#8221; orosz korm\u00e1nyzati tiszts\u00e9gvisel\u0151kkel a tavalyi eln\u00f6kv\u00e1laszt\u00e1si kamp\u00e1nyban az\u00e9rt, hogy Donald Trump nyerje a v\u00e1laszt\u00e1st. A vizsg\u00e1latok eddig bizony\u00edt\u00e9kot nem mutattak fel, de arra \u00e9rz\u00e9kelhet\u0151en alkalmasak, hogy az eln\u00f6k legitimit\u00e1s\u00e1t megk\u00e9rd\u0151jelez\u0151 l\u00e9gk\u00f6rt alak\u00edtsanak ki. Az orosz-amerikai viszony ek\u00f6zben tov\u00e1bb romlott.(MTI)<\/p>\n","protected":false},"excerpt":{"rendered":"<p>Ha a tavalyi a rejt\u0151zk\u00f6d\u0151 v\u00e1laszt\u00f3k \u00e9ve volt az Egyes\u00fclt \u00c1llamokban, akkor a most elm\u00fal\u00f3ban l\u00e9v\u0151 esztend\u0151 k\u00e9ts\u00e9gtelen\u00fcl Donald Trumpr\u00f3l, az orsz\u00e1g 45. eln\u00f6k\u00e9r\u0151l sz\u00f3lt. B\u00e1r nem sikertelen eln\u00f6k, meg\u00edt\u00e9l\u00e9se ellentmond\u00e1sos.<\/p>\n","protected":false},"author":1,"featured_media":0,"comment_status":"closed","ping_status":"open","sticky":false,"template":"","format":"standard","meta":[],"categories":[13],"tags":[],"_links":{"self":[{"href":"https:\/\/gazdasagportal.hu\/index.php\/wp-json\/wp\/v2\/posts\/101563"}],"collection":[{"href":"https:\/\/gazdasagportal.hu\/index.php\/wp-json\/wp\/v2\/posts"}],"about":[{"href":"https:\/\/gazdasagportal.hu\/index.php\/wp-json\/wp\/v2\/types\/post"}],"author":[{"embeddable":true,"href":"https:\/\/gazdasagportal.hu\/index.php\/wp-json\/wp\/v2\/users\/1"}],"replies":[{"embeddable":true,"href":"https:\/\/gazdasagportal.hu\/index.php\/wp-json\/wp\/v2\/comments?post=101563"}],"version-history":[{"count":1,"href":"https:\/\/gazdasagportal.hu\/index.php\/wp-json\/wp\/v2\/posts\/101563\/revisions"}],"predecessor-version":[{"id":101564,"href":"https:\/\/gazdasagportal.hu\/index.php\/wp-json\/wp\/v2\/posts\/101563\/revisions\/101564"}],"wp:attachment":[{"href":"https:\/\/gazdasagportal.hu\/index.php\/wp-json\/wp\/v2\/media?parent=101563"}],"wp:term":[{"taxonomy":"category","embeddable":true,"href":"https:\/\/gazdasagportal.hu\/index.php\/wp-json\/wp\/v2\/categories?post=101563"},{"taxonomy":"post_tag","embeddable":true,"href":"https:\/\/gazdasagportal.hu\/index.php\/wp-json\/wp\/v2\/tags?post=101563"}],"curies":[{"name":"wp","href":"https:\/\/api.w.org\/{rel}","templated":true}]}}