{"id":101557,"date":"2017-12-30T04:04:51","date_gmt":"2017-12-30T03:04:51","guid":{"rendered":"http:\/\/gazdasagportal.hu\/?p=101557"},"modified":"2017-12-29T22:06:15","modified_gmt":"2017-12-29T21:06:15","slug":"ismet-rendkivuli-ovintezkedeseket-vezetnek-be-a-nemet-nagyvarosokban-szilveszterre","status":"publish","type":"post","link":"https:\/\/gazdasagportal.hu\/index.php\/ismet-rendkivuli-ovintezkedeseket-vezetnek-be-a-nemet-nagyvarosokban-szilveszterre\/","title":{"rendered":"Ism\u00e9t rendk\u00edv\u00fcli \u00f3vint\u00e9zked\u00e9seket vezetnek be a n\u00e9met nagyv\u00e1rosokban szilveszterre"},"content":{"rendered":"<p><strong>Ism\u00e9t rendk\u00edv\u00fcli \u00f3vint\u00e9zked\u00e9seket vezetnek be vezetnek be szilveszterkor a n\u00e9met nagyv\u00e1rosokban a terrorvesz\u00e9ly miatt, \u00e9s a n\u0151k elleni zaklat\u00e1sok elker\u00fcl\u00e9s\u00e9re.<\/strong><!--more--><\/p>\n<div class=\"ads-in-post1\"><div id=\"gazdasagportal.hu_fullbanner_wideboard\"><\/div>\r\n<\/div>\n<p>    A &#8222;n\u0151k N\u00e9metorsz\u00e1gban \u00f6n\u00e1ll\u00f3an d\u00f6ntenek arr\u00f3l, hogy ki \u00e9rhet hozz\u00e1juk vagy \u00f6lelheti \u00e1t \u0151ket, \u00e9s arr\u00f3l is, hogy mit akarnak, vagy mit nem akarnak megtenni&#8221;, aki pedig ezt a jogukat megs\u00e9rti, &#8222;a jog\u00e1llami rendszer alapj\u00e1n a rend\u0151rs\u00e9g \u00e9s az igazs\u00e1gszolg\u00e1ltat\u00e1s k\u00f6vetkezetes fell\u00e9p\u00e9s\u00e9vel szembes\u00fcl, \u00e9s b\u00fcntet\u00e9st kap&#8221; &#8211; \u00e1ll a Frankfurtban \u00e9s a Hessen tartom\u00e1nyi nagyv\u00e1ros t\u00e9rs\u00e9g\u00e9ben m\u0171k\u00f6d\u0151 menek\u00fcltsz\u00e1ll\u00e1sokon terjesztett t\u00f6bb nyelv\u0171 sz\u00f3r\u00f3lapokon, amelyekkel a rend\u0151rs\u00e9g a t\u00f6bbi k\u00f6z\u00f6tt a n\u0151k \u00e9s f\u00e9rfiak egyenjog\u00fas\u00e1g\u00e1r\u00f3l, a nemi \u00f6nrendelkez\u00e9si jogr\u00f3l \u00e9s a t\u0171zij\u00e1t\u00e9kok haszn\u00e1lat\u00e1t szab\u00e1lyoz\u00f3 el\u0151\u00edr\u00e1sokr\u00f3l t\u00e1j\u00e9koztatja az otthonok lak\u00f3it.<br \/>\n    A rend\u0151rs\u00e9g a 2015 szilveszter\u00e9n K\u00f6lnben \u00e9s sz\u00e1mos m\u00e1s nagyv\u00e1rosban t\u00f6bbnyire \u00e9szak-afrikai mened\u00e9kk\u00e9r\u0151k \u00e1ltal t\u00f6megesen elk\u00f6vetett zaklat\u00e1sok megism\u00e9tl\u0151d\u00e9s\u00e9t igyekszik elker\u00fclni a felvil\u00e1gos\u00edt\u00f3 munk\u00e1val.<br \/>\n    Berlinben az id\u00e9n \u00e1tveszik a m\u00fcncheni Oktoberfesten sikerrel alkalmazott megold\u00e1st, nagym\u00e9ret\u0171 s\u00e1trakb\u00f3l \u00e1ll\u00f3 biztons\u00e1gi \u00f6vezetet alak\u00edtanak ki n\u0151knek a vil\u00e1g legnagyobb szilveszteri bulijak\u00e9nt is emlegetett belv\u00e1rosi szabadt\u00e9ri rendezv\u00e9ny ter\u00fclet\u00e9n. A n\u00e9met f\u0151v\u00e1ros jelk\u00e9pek\u00e9nt sz\u00e1mon tartott Brandenburgi kapun\u00e1l fel\u00e1ll\u00edtott s\u00e1torban a v\u00e1rosi kr\u00edzisintervenci\u00f3s szolg\u00e1lat szakemberei ny\u00fajtanak seg\u00edts\u00e9get az esetleg szexu\u00e1lis zaklat\u00e1s \u00e1ldozat\u00e1ul es\u0151 n\u0151knek.<br \/>\n    M\u00fcnchenben az idei Oktoberfesten nagyj\u00e1b\u00f3l 200-an kerest\u00e9k fel a biztons\u00e1gi \u00f6vezetet, \u00e9s 23 n\u0151 feljelent\u00e9st tett zaklat\u00e1s miatt. Tavaly a berlini szilveszteri n\u00e9p\u00fcnnep\u00e9ly ut\u00e1n szint\u00e9n 23 n\u0151 fordult a rend\u0151rs\u00e9ghez moleszt\u00e1l\u00e1s, szexu\u00e1lis zaklat\u00e1s miatt.<br \/>\n<div class=\"ads-in-post2\"><script async src=\"https:\/\/pagead2.googlesyndication.com\/pagead\/js\/adsbygoogle.js\"><\/script>\r\n<ins class=\"adsbygoogle\"\r\n     style=\"display:block\"\r\n     data-ad-format=\"fluid\"\r\n     data-ad-layout-key=\"-6t+ed+2i-1n-4w\"\r\n     data-ad-client=\"ca-pub-1959107119989764\"\r\n     data-ad-slot=\"4008251320\"><\/ins>\r\n<script>\r\n     (adsbygoogle = window.adsbygoogle || []).push({});\r\n<\/script><\/div>\n    A n\u0151k v\u00e9delme mellett a terrorvesz\u00e9ly kezel\u00e9se a m\u00e1sik kiemelt hat\u00f3s\u00e1gi feladat a n\u00e9met nagyv\u00e1rosokban. A szabadt\u00e9ri rendezv\u00e9nyek biztons\u00e1g\u00e1r\u00f3l minden\u00fctt nagy er\u0151kkel igyekeznek gondoskodni. Hessen tartom\u00e1nyban p\u00e9ld\u00e1ul mind a h\u00e9t rend\u0151r-f\u0151kapit\u00e1nys\u00e1gon k\u00e9szenl\u00e9tbe helyeznek k\u00fcl\u00f6nleges bevet\u00e9si egys\u00e9geket, hogy sz\u00fcks\u00e9g eset\u00e9n id\u0151vesztes\u00e9g n\u00e9lk\u00fcl akci\u00f3ba l\u00e9phessenek.<br \/>\n    A legt\u00f6bb nagyv\u00e1rosban kordonokkal veszik k\u00f6r\u00fcl a rendezv\u00e9nyek ter\u00fclet\u00e9t, a szigor\u00faan ellen\u0151rz\u00f6tt bej\u00e1ratokn\u00e1l pedig beton terel\u0151 elemeket helyeznek el a teheraut\u00f3s, kamionos t\u00e1mad\u00e1sok elh\u00e1r\u00edt\u00e1s\u00e1ra. Frankfurtban p\u00e9ld\u00e1ul a helyi rend\u0151rs\u00e9g t\u00e1j\u00e9koztat\u00e1sa szerint 400 tonna betont haszn\u00e1ltak fel ilyen eszk\u00f6z\u00f6k el\u0151\u00e1ll\u00edt\u00e1s\u00e1ra.<br \/>\n    A legnagyobb k\u00e9sz\u00fclts\u00e9g az id\u00e9n is Berlinben lesz. A v\u00e1ros k\u00f6zpontj\u00e1t \u00e1tszel\u0151 J\u00fanius 17. sug\u00e1r\u00fatnak a Brandenburgi kapu \u00e9s Tiergarten parkban \u00e1ll\u00f3 Gy\u0151zelmi oszlop k\u00f6z\u00f6tti k\u00e9t kilom\u00e9teres szakasz\u00e1n 23. alkalommal rendeznek \u00e9vb\u00facs\u00faztat\u00f3t, amelyen v\u00e1rhat\u00f3an ism\u00e9t t\u00f6bb sz\u00e1zezren vesznek r\u00e9szt. A biztons\u00e1gi el\u0151\u00edr\u00e1sokat m\u00e1r a 2015. novemberi p\u00e1rizsi terrormer\u00e9nylet ut\u00e1n szigor\u00edtott\u00e1k. Palackot, eserny\u0151t, vesz\u00e9lyes eszk\u00f6z\u00f6ket kor\u00e1bban sem engedtek be, 2015 \u00f3ta pedig nagyobb t\u00e1sk\u00e1val, h\u00e1tizs\u00e1kkal, kofferrel sem lehet bemenni.<br \/>\n    A berlini rend\u0151rs\u00e9g nem k\u00f6z\u00f6lte, hogy mekkora er\u0151vel biztos\u00edtj\u00e1k a rendezv\u00e9nyt. Tavaly a bej\u00e1ratokhoz vezet\u0151 utc\u00e1kat p\u00e1nc\u00e9lozott j\u00e1rm\u0171vekkel z\u00e1rt\u00e1k le, a t\u00f6megben g\u00e9pkarab\u00e9llyal felszerelt rend\u0151r\u00f6k mozogtak. V\u00e1rhat\u00f3an az id\u00e9n is t\u00f6bb sz\u00e1z egyenruh\u00e1s \u00e9s civil ruh\u00e1s rend\u0151r teljes\u00edt majd szolg\u00e1latot. A szervez\u0151k 600 biztons\u00e1gi embert mozg\u00f3s\u00edtanak.<br \/>\n    K\u00f6lnben 1400 rend\u0151rt vez\u00e9nyelnek a f\u0151p\u00e1lyaudvar \u00e9s a d\u00f3m t\u00e9rs\u00e9g\u00e9be, ahol k\u00e9t \u00e9ve legkevesebb ezer n\u0151t t\u00e1madtak meg szilveszter \u00e9jjel. A 2015 szilvesztere ut\u00e1n telep\u00edtett t\u00e9rfigyel\u0151 kamer\u00e1s rendszert az id\u00e9n tov\u00e1bb b\u0151v\u00edtett\u00e9k, \u00e9s tov\u00e1bb jav\u00edtott\u00e1k a belv\u00e1rosi utc\u00e1k \u00e9s terek k\u00f6zvil\u00e1g\u00edt\u00e1s\u00e1n, hogy elej\u00e9t vegy\u00e9k a moleszt\u00e1l\u00e1soknak.<br \/>\n    M\u00e1shol, p\u00e9ld\u00e1ul D\u00fcsseldorfban \u00e9s Bielefeldben a szilveszteri t\u0171zij\u00e1t\u00e9kok haszn\u00e1lat\u00e1t is megtiltott\u00e1k azokban a negyedekben, amelyekben a legnagyobb t\u00f6megre sz\u00e1m\u00edtanak a hat\u00f3s\u00e1gok. Berlin belv\u00e1ros\u00e1ban k\u00fcl\u00f6n \u00f6vezeteket jel\u00f6lnek ki a december 29-t\u0151l 31-ig leg\u00e1lisan \u00e1rus\u00edthat\u00f3 t\u0171zij\u00e1t\u00e9kok, minirak\u00e9t\u00e1k felenged\u00e9s\u00e9re.<br \/>\n    Az \u00fagynevezett m\u00e1sodik pirotechnikai oszt\u00e1lyba tartoz\u00f3 eszk\u00f6z\u00f6ket, vagyis szilveszteri t\u0171zij\u00e1t\u00e9kokat \u00e9s pet\u00e1rd\u00e1kat elvileg csak szilveszterkor 18 \u00f3r\u00e1t\u00f3l \u00faj\u00e9v reggel\u00e9ig, 6 \u00f3r\u00e1ig lehet m\u0171k\u00f6d\u00e9sbe hozni, de a szab\u00e1ly megszeg\u00e9s\u00e9t nem nagyon b\u00fcntetik, \u00edgy m\u00e1r p\u00e9nteken is robban\u00e1sokt\u00f3l hangos sok n\u00e9met telep\u00fcl\u00e9s.<br \/>\n    A hat\u00f3s\u00e1gok ink\u00e1bb az enged\u00e9lyezettn\u00e9l nagyobb robban\u00f3anyag-tartalm\u00fa &#8211; rendszerint Lengyelorsz\u00e1gb\u00f3l csemp\u00e9szett, \u00e9s ez\u00e9rt &#8222;lengyel pet\u00e1rd\u00e1nak&#8221; is nevezett &#8211; eszk\u00f6z\u00f6k haszn\u00e1lat\u00e1t pr\u00f3b\u00e1lja visszaszor\u00edtani, egyebek k\u00f6z\u00f6tt fokozott hat\u00e1rellen\u0151rz\u00e9ssel \u00e9s az illeg\u00e1lis eszk\u00f6z\u00f6k vesz\u00e9lyess\u00e9g\u00e9r\u0151l sz\u00f3l\u00f3 ismeretek terjeszt\u00e9s\u00e9vel.<br \/>\n    A t\u0171zij\u00e1t\u00e9kok n\u00e9metorsz\u00e1gi n\u00e9pszer\u0171s\u00e9g\u00e9t mutatja, hogy a leg\u00e1lis forgalmaz\u00e1sukkal foglalkoz\u00f3 v\u00e1llalkoz\u00e1sok bev\u00e9tele az ut\u00f3bbi 6 \u00e9vben 20 sz\u00e1zal\u00e9kkal n\u00f6vekedett, tavaly 137 milli\u00f3 eur\u00f3t (42,7 milli\u00e1rd forint) tett ki.<br \/>\n    Sok k\u00f3rh\u00e1z s\u00fcrg\u0151ss\u00e9gi oszt\u00e1ly\u00e1n \u00e9s a t\u0171zolt\u00f3s\u00e1gon meger\u0151s\u00edtett \u00fcgyeletet tartanak, \u00e9s vannak szervezetek, amelyek a k\u00e1rok megel\u0151z\u00e9s\u00e9re t\u00f6rekednek. \u00cdgy t\u00f6bb berlini ker\u00fcletben az \u00e9v utols\u00f3 napjain nem kell fizetni a parkol\u00e1s\u00e9rt, mert kor\u00e1bban gyakran el\u0151fordult, hogy pet\u00e1rd\u00e1t robbantottak parkol\u00f3\u00f3r\u00e1kban, amelyek jav\u00edt\u00e1sa nagyobb k\u00f6lts\u00e9g, mint a bev\u00e9telkies\u00e9s, ez\u00e9rt ink\u00e1bb lez\u00e1rj\u00e1k a parkol\u00f3\u00f3r\u00e1kat.(MTI)<\/p>\n","protected":false},"excerpt":{"rendered":"<p>Ism\u00e9t rendk\u00edv\u00fcli \u00f3vint\u00e9zked\u00e9seket vezetnek be vezetnek be szilveszterkor a n\u00e9met nagyv\u00e1rosokban a terrorvesz\u00e9ly miatt, \u00e9s a n\u0151k elleni zaklat\u00e1sok elker\u00fcl\u00e9s\u00e9re.<\/p>\n","protected":false},"author":1,"featured_media":0,"comment_status":"closed","ping_status":"open","sticky":false,"template":"","format":"standard","meta":[],"categories":[12],"tags":[],"_links":{"self":[{"href":"https:\/\/gazdasagportal.hu\/index.php\/wp-json\/wp\/v2\/posts\/101557"}],"collection":[{"href":"https:\/\/gazdasagportal.hu\/index.php\/wp-json\/wp\/v2\/posts"}],"about":[{"href":"https:\/\/gazdasagportal.hu\/index.php\/wp-json\/wp\/v2\/types\/post"}],"author":[{"embeddable":true,"href":"https:\/\/gazdasagportal.hu\/index.php\/wp-json\/wp\/v2\/users\/1"}],"replies":[{"embeddable":true,"href":"https:\/\/gazdasagportal.hu\/index.php\/wp-json\/wp\/v2\/comments?post=101557"}],"version-history":[{"count":1,"href":"https:\/\/gazdasagportal.hu\/index.php\/wp-json\/wp\/v2\/posts\/101557\/revisions"}],"predecessor-version":[{"id":101558,"href":"https:\/\/gazdasagportal.hu\/index.php\/wp-json\/wp\/v2\/posts\/101557\/revisions\/101558"}],"wp:attachment":[{"href":"https:\/\/gazdasagportal.hu\/index.php\/wp-json\/wp\/v2\/media?parent=101557"}],"wp:term":[{"taxonomy":"category","embeddable":true,"href":"https:\/\/gazdasagportal.hu\/index.php\/wp-json\/wp\/v2\/categories?post=101557"},{"taxonomy":"post_tag","embeddable":true,"href":"https:\/\/gazdasagportal.hu\/index.php\/wp-json\/wp\/v2\/tags?post=101557"}],"curies":[{"name":"wp","href":"https:\/\/api.w.org\/{rel}","templated":true}]}}