{"id":101547,"date":"2017-12-29T16:12:16","date_gmt":"2017-12-29T15:12:16","guid":{"rendered":"http:\/\/gazdasagportal.hu\/?p=101547"},"modified":"2017-12-29T16:12:16","modified_gmt":"2017-12-29T15:12:16","slug":"kreml-az-ev-fo-csalodasa-az-orosz-amerikai-kapcsolatok-allapota-volt","status":"publish","type":"post","link":"https:\/\/gazdasagportal.hu\/index.php\/kreml-az-ev-fo-csalodasa-az-orosz-amerikai-kapcsolatok-allapota-volt\/","title":{"rendered":"Kreml: az \u00e9v f\u0151 csal\u00f3d\u00e1sa az orosz-amerikai kapcsolatok \u00e1llapota volt"},"content":{"rendered":"<p><strong>Az orosz-amerikai kapcsolatok \u00e1llapota teljes joggal lehet az \u00e9v f\u0151 csal\u00f3d\u00e1sa &#8211; v\u00e9lekedett Dmitrij Peszkov, a Kreml sz\u00f3viv\u0151je p\u00e9nteken \u00fajs\u00e1g\u00edr\u00f3knak nyilatkozva.<\/strong><!--more--><\/p>\n<div class=\"ads-in-post1\"><div id=\"gazdasagportal.hu_fullbanner_wideboard\"><\/div>\r\n<\/div>\n<p>    Hozz\u00e1f\u0171zte, hogy Washingtonnak a Moszkv\u00e1val szemben k\u00e9pviselt \u00e1ll\u00e1spontja sajn\u00e1latos. Eml\u00e9keztetett r\u00e1, hogy Vlagyimir Putyin eln\u00f6k t\u00f6bb alkalommal is kifejezte Oroszorsz\u00e1g k\u00e9szs\u00e9g\u00e9t arra, hogy a k\u00f6lcs\u00f6n\u00f6s tisztelet \u00e9s bizalom alapj\u00e1n k\u00f6lcs\u00f6n\u00f6sen el\u0151ny\u00f6s kapcsolatokat \u00e9p\u00edtsen ki minden orsz\u00e1ggal, k\u00f6zt\u00fck az eur\u00f3pai orsz\u00e1gokkal \u00e9s az Egyes\u00fclt \u00c1llamokkal is.<br \/>\n    &#8222;De ahogy mondj\u00e1k, a tang\u00f3t ketten t\u00e1ncolj\u00e1k&#8221; &#8211; mondta.<br \/>\n    A sz\u00f3viv\u0151 sajn\u00e1lkoz\u00e1s\u00e1t fejezte ki amiatt is, hogy a leveg\u0151ben l\u00f3g az ukrajnai rendez\u00e9sr\u0151l megk\u00f6t\u00f6tt minszki meg\u00e1llapod\u00e1sok v\u00e9grehajt\u00e1sa. An\u00e9lk\u00fcl, hogy ez\u00fattal is megnevezte volna Kijevet, azt hangoztatta, ismeretes Moszkva \u00e1ll\u00e1spontja, hogy &#8222;kinek a hib\u00e1j\u00e1b\u00f3l \u00e9s kinek az ellenkez\u00e9se miatt&#8221; van a k\u00e9sleked\u00e9s.<br \/>\n<div class=\"ads-in-post2\"><script async src=\"https:\/\/pagead2.googlesyndication.com\/pagead\/js\/adsbygoogle.js\"><\/script>\r\n<ins class=\"adsbygoogle\"\r\n     style=\"display:block\"\r\n     data-ad-format=\"fluid\"\r\n     data-ad-layout-key=\"-6t+ed+2i-1n-4w\"\r\n     data-ad-client=\"ca-pub-1959107119989764\"\r\n     data-ad-slot=\"4008251320\"><\/ins>\r\n<script>\r\n     (adsbygoogle = window.adsbygoogle || []).push({});\r\n<\/script><\/div>\n    Peszkov \u00fagy v\u00e9lekedett, hogy az egyes\u00fclt \u00e1llamokbeli &#8222;oroszellenes hiszt\u00e9ria&#8221;, valamint az amerikai tiszts\u00e9gvisel\u0151k \u00e9s az Oroszorsz\u00e1g k\u00e9pvisel\u0151i k\u00f6z\u00f6tti \u00e1ll\u00edt\u00f3lagos \u00f6sszej\u00e1tsz\u00e1s \u00fcgy\u00e9ben folytatott nyomoz\u00e1s \u00e1rt a k\u00e9toldal\u00fa viszonynak. A sz\u00f3viv\u0151 Donald Trump amerikai eln\u00f6knek arra a kijelent\u00e9s\u00e9re reag\u00e1lt, amely szerint rossz f\u00e9nyt vet az Egyes\u00fclt \u00c1llamokra Robert Mueller k\u00fcl\u00f6nleges \u00fcgy\u00e9sz nyomoz\u00e1sa a v\u00e1laszt\u00e1si Trump-kam\u00e1nyst\u00e1b \u00e9s az oroszok k\u00f6z\u00f6tti felt\u00e9telezett egy\u00fcttm\u0171k\u00f6d\u00e9s \u00fcgy\u00e9ben, ez\u00e9rt azt jobb lenne miel\u0151bb lez\u00e1rni.<br \/>\n    A sz\u00f3viv\u0151 azt is elmondta, hogy Putyin eln\u00f6k &#8222;hagyom\u00e1nyosan&#8221; otthon\u00e1ban, csal\u00e1di \u00e9s bar\u00e1ti k\u00f6rben k\u00f6sz\u00f6nti majd az \u00faj\u00e9vet.(MTI)<\/p>\n","protected":false},"excerpt":{"rendered":"<p>Az orosz-amerikai kapcsolatok \u00e1llapota teljes joggal lehet az \u00e9v f\u0151 csal\u00f3d\u00e1sa &#8211; v\u00e9lekedett Dmitrij Peszkov, a Kreml sz\u00f3viv\u0151je p\u00e9nteken \u00fajs\u00e1g\u00edr\u00f3knak nyilatkozva.<\/p>\n","protected":false},"author":1,"featured_media":0,"comment_status":"closed","ping_status":"open","sticky":false,"template":"","format":"standard","meta":[],"categories":[12],"tags":[],"_links":{"self":[{"href":"https:\/\/gazdasagportal.hu\/index.php\/wp-json\/wp\/v2\/posts\/101547"}],"collection":[{"href":"https:\/\/gazdasagportal.hu\/index.php\/wp-json\/wp\/v2\/posts"}],"about":[{"href":"https:\/\/gazdasagportal.hu\/index.php\/wp-json\/wp\/v2\/types\/post"}],"author":[{"embeddable":true,"href":"https:\/\/gazdasagportal.hu\/index.php\/wp-json\/wp\/v2\/users\/1"}],"replies":[{"embeddable":true,"href":"https:\/\/gazdasagportal.hu\/index.php\/wp-json\/wp\/v2\/comments?post=101547"}],"version-history":[{"count":1,"href":"https:\/\/gazdasagportal.hu\/index.php\/wp-json\/wp\/v2\/posts\/101547\/revisions"}],"predecessor-version":[{"id":101548,"href":"https:\/\/gazdasagportal.hu\/index.php\/wp-json\/wp\/v2\/posts\/101547\/revisions\/101548"}],"wp:attachment":[{"href":"https:\/\/gazdasagportal.hu\/index.php\/wp-json\/wp\/v2\/media?parent=101547"}],"wp:term":[{"taxonomy":"category","embeddable":true,"href":"https:\/\/gazdasagportal.hu\/index.php\/wp-json\/wp\/v2\/categories?post=101547"},{"taxonomy":"post_tag","embeddable":true,"href":"https:\/\/gazdasagportal.hu\/index.php\/wp-json\/wp\/v2\/tags?post=101547"}],"curies":[{"name":"wp","href":"https:\/\/api.w.org\/{rel}","templated":true}]}}