{"id":101541,"date":"2017-12-29T11:52:07","date_gmt":"2017-12-29T10:52:07","guid":{"rendered":"http:\/\/gazdasagportal.hu\/?p=101541"},"modified":"2017-12-29T11:37:23","modified_gmt":"2017-12-29T10:37:23","slug":"az-mnb-udvozli-az-esma-kezdemenyezeset-a-spekulativ-termekekkel-szemben","status":"publish","type":"post","link":"https:\/\/gazdasagportal.hu\/index.php\/az-mnb-udvozli-az-esma-kezdemenyezeset-a-spekulativ-termekekkel-szemben\/","title":{"rendered":"Az MNB \u00fcdv\u00f6zli az ESMA kezdem\u00e9nyez\u00e9s\u00e9t a spekulat\u00edv term\u00e9kekkel szemben"},"content":{"rendered":"<p><strong>A fogyaszt\u00f3i \u00e9rdekek v\u00e9delm\u00e9ben bizonyos spekulat\u00edv &#8222;befektet\u00e9si&#8221; term\u00e9kek (p\u00e9ld\u00e1ul bin\u00e1ris opci\u00f3k, CFD \u00fcgyletek) korl\u00e1toz\u00e1s\u00e1ra \u00e9s betilt\u00e1s\u00e1ra vonatkoz\u00f3 l\u00e9p\u00e9sekre k\u00e9sz\u00fcl j\u00f6v\u0151re az Eur\u00f3pai \u00c9rt\u00e9kpap\u00edr-piaci Hat\u00f3s\u00e1g (ESMA) &#8211; k\u00f6z\u00f6lte az MTI-vel a Magyar Nemzeti Bank (MNB) jelezve azt is, hogy \u00fcdv\u00f6zlik a kezdem\u00e9nyez\u00e9st.<\/strong><!--more--><\/p>\n<div class=\"ads-in-post1\"><div id=\"gazdasagportal.hu_fullbanner_wideboard\"><\/div>\r\n<\/div>\n<p>    Az MNB felid\u00e9zte: az ESMA nemr\u00e9g k\u00f6zz\u00e9tett nyilatkozat\u00e1ban jelezte, hogy a janu\u00e1r 3-\u00e1n hat\u00e1lyba l\u00e9p\u0151, a p\u00e9nz\u00fcgyi eszk\u00f6z\u00f6k piacair\u00f3l sz\u00f3l\u00f3 rendelet (MiFIR) felhatalmaz\u00e1sa alapj\u00e1n bizonyos, a lakoss\u00e1gi fogyaszt\u00f3k sz\u00e1m\u00e1ra kiemelten kock\u00e1zatos, spekulat\u00edv term\u00e9keket \u00e9rint\u0151en intervenci\u00f3s l\u00e9p\u00e9sek bevezet\u00e9s\u00e9t tervezi.<br \/>\n    Az \u00faj, egys\u00e9ges szab\u00e1lyoz\u00e1s alapj\u00e1n a nemzeti hat\u00f3s\u00e1gok saj\u00e1t tag\u00e1llamukat \u00e9rint\u0151en, az ESMA viszont az Eur\u00f3pai Uni\u00f3 teljes ter\u00fclet\u00e9re kiterjed\u0151 hat\u00e1llyal korl\u00e1tozhat vagy tilthat be egy-egy spekulat\u00edv term\u00e9ket. Az ESMA \u00e1ltal elrendelt term\u00e9kintervenci\u00f3 legfeljebb 3 h\u00f3napra sz\u00f3lhat, azonban a felt\u00e9telek fenn\u00e1ll\u00e1sa eset\u00e9n ak\u00e1r t\u00f6bbsz\u00f6r is meg\u00faj\u00edthat\u00f3.<br \/>\n<div class=\"ads-in-post2\"><script async src=\"https:\/\/pagead2.googlesyndication.com\/pagead\/js\/adsbygoogle.js\"><\/script>\r\n<ins class=\"adsbygoogle\"\r\n     style=\"display:block\"\r\n     data-ad-format=\"fluid\"\r\n     data-ad-layout-key=\"-6t+ed+2i-1n-4w\"\r\n     data-ad-client=\"ca-pub-1959107119989764\"\r\n     data-ad-slot=\"4008251320\"><\/ins>\r\n<script>\r\n     (adsbygoogle = window.adsbygoogle || []).push({});\r\n<\/script><\/div>\n    Az ESMA a bin\u00e1ris opci\u00f3k eset\u00e9ben betiltan\u00e1, a CFD \u00fcgyletekn\u00e9l pedig felt\u00e9telekhez k\u00f6tn\u00e9 a lakoss\u00e1gi \u00fcgyfelek r\u00e9sz\u00e9re t\u00f6rt\u00e9n\u0151 rekl\u00e1moz\u00e1s\u00e1t, forgalmaz\u00e1s\u00e1t. A CFD-kel \u00e9s a rolling spot forex \u00fcgyletekkel kapcsolatban t\u0151ke\u00e1tt\u00e9tel limiteket hat\u00e1rozna meg, az \u00fcgyf\u00e9lvesztes\u00e9g m\u00e9rs\u00e9kl\u00e9se \u00e9rdek\u00e9ben bevezetn\u00e9 az automatikus z\u00e1r\u00e1s szab\u00e1ly\u00e1t \u00e9s a &#8222;negat\u00edv egyenleg&#8221; v\u00e9delm\u00e9t. El\u0151\u00edrn\u00e1 tov\u00e1bb\u00e1, hogy az \u00fcgyfeleket figyelmeztess\u00e9k a kock\u00e1zatokr\u00f3l, \u00e9s korl\u00e1tozn\u00e1 az \u00fcgyfelek r\u00e9sz\u00e9re ny\u00fajthat\u00f3, a keresked\u00e9s\u00e9t \u00f6szt\u00f6nz\u0151 el\u0151ny\u00f6ket is.<br \/>\n    A jegybank k\u00f6z\u00f6lte: az ESMA el\u0151rel\u00e1that\u00f3lag 2018 janu\u00e1rj\u00e1ban egy r\u00f6vid nyilv\u00e1nos konzult\u00e1ci\u00f3t tart a t\u00e9m\u00e1ban.<br \/>\n    Az \u00e9rintett term\u00e9kek az Eur\u00f3pai Uni\u00f3 t\u00f6bb tag\u00e1llam\u00e1hoz hasonl\u00f3an, Magyarorsz\u00e1gon is jellemz\u0151en hat\u00e1ron \u00e1tny\u00fal\u00f3 befektet\u00e9si szolg\u00e1ltat\u00f3kn\u00e1l \u00e9rhet\u0151k el, \u00edgy k\u00fcl\u00f6n\u00f6sen fontos az egys\u00e9ges eur\u00f3pai int\u00e9zked\u00e9s &#8211; v\u00e9lekedett az MNB.(MTI)<\/p>\n","protected":false},"excerpt":{"rendered":"<p>A fogyaszt\u00f3i \u00e9rdekek v\u00e9delm\u00e9ben bizonyos spekulat\u00edv &#8222;befektet\u00e9si&#8221; term\u00e9kek (p\u00e9ld\u00e1ul bin\u00e1ris opci\u00f3k, CFD \u00fcgyletek) korl\u00e1toz\u00e1s\u00e1ra \u00e9s betilt\u00e1s\u00e1ra vonatkoz\u00f3 l\u00e9p\u00e9sekre k\u00e9sz\u00fcl j\u00f6v\u0151re az Eur\u00f3pai \u00c9rt\u00e9kpap\u00edr-piaci Hat\u00f3s\u00e1g (ESMA) &#8211; k\u00f6z\u00f6lte az MTI-vel a Magyar Nemzeti Bank (MNB) jelezve azt is, hogy \u00fcdv\u00f6zlik a kezdem\u00e9nyez\u00e9st.<\/p>\n","protected":false},"author":1,"featured_media":0,"comment_status":"closed","ping_status":"open","sticky":false,"template":"","format":"standard","meta":[],"categories":[19],"tags":[],"_links":{"self":[{"href":"https:\/\/gazdasagportal.hu\/index.php\/wp-json\/wp\/v2\/posts\/101541"}],"collection":[{"href":"https:\/\/gazdasagportal.hu\/index.php\/wp-json\/wp\/v2\/posts"}],"about":[{"href":"https:\/\/gazdasagportal.hu\/index.php\/wp-json\/wp\/v2\/types\/post"}],"author":[{"embeddable":true,"href":"https:\/\/gazdasagportal.hu\/index.php\/wp-json\/wp\/v2\/users\/1"}],"replies":[{"embeddable":true,"href":"https:\/\/gazdasagportal.hu\/index.php\/wp-json\/wp\/v2\/comments?post=101541"}],"version-history":[{"count":1,"href":"https:\/\/gazdasagportal.hu\/index.php\/wp-json\/wp\/v2\/posts\/101541\/revisions"}],"predecessor-version":[{"id":101542,"href":"https:\/\/gazdasagportal.hu\/index.php\/wp-json\/wp\/v2\/posts\/101541\/revisions\/101542"}],"wp:attachment":[{"href":"https:\/\/gazdasagportal.hu\/index.php\/wp-json\/wp\/v2\/media?parent=101541"}],"wp:term":[{"taxonomy":"category","embeddable":true,"href":"https:\/\/gazdasagportal.hu\/index.php\/wp-json\/wp\/v2\/categories?post=101541"},{"taxonomy":"post_tag","embeddable":true,"href":"https:\/\/gazdasagportal.hu\/index.php\/wp-json\/wp\/v2\/tags?post=101541"}],"curies":[{"name":"wp","href":"https:\/\/api.w.org\/{rel}","templated":true}]}}