{"id":101511,"date":"2017-12-28T09:58:14","date_gmt":"2017-12-28T08:58:14","guid":{"rendered":"http:\/\/gazdasagportal.hu\/?p=101511"},"modified":"2017-12-28T09:29:19","modified_gmt":"2017-12-28T08:29:19","slug":"vegyesen-alakult-a-forintarfolyam-21","status":"publish","type":"post","link":"https:\/\/gazdasagportal.hu\/index.php\/vegyesen-alakult-a-forintarfolyam-21\/","title":{"rendered":"Vegyesen alakult a forint\u00e1rfolyam"},"content":{"rendered":"<p><strong>Vegyesen alakult cs\u00fct\u00f6rt\u00f6kre virrad\u00f3ra a forint \u00e1rfolyama a f\u0151bb deviz\u00e1kkal szemben a nemzetk\u00f6zi devizapiacon.<\/strong><!--more--><\/p>\n<div class=\"ads-in-post2\"><script async src=\"https:\/\/pagead2.googlesyndication.com\/pagead\/js\/adsbygoogle.js\"><\/script>\r\n<ins class=\"adsbygoogle\"\r\n     style=\"display:block\"\r\n     data-ad-format=\"fluid\"\r\n     data-ad-layout-key=\"-6t+ed+2i-1n-4w\"\r\n     data-ad-client=\"ca-pub-1959107119989764\"\r\n     data-ad-slot=\"4008251320\"><\/ins>\r\n<script>\r\n     (adsbygoogle = window.adsbygoogle || []).push({});\r\n<\/script><\/div>\n<p>    A forint a szerdai er\u0151s\u00f6d\u00e9s ut\u00e1n az eur\u00f3val \u00e9s a doll\u00e1rral szemben tov\u00e1bb er\u0151s\u00f6d\u00f6tt, a sv\u00e1jci frankkal szemben kiss\u00e9 korrig\u00e1lta nyeres\u00e9g\u00e9t.<br \/>\n    Az eur\u00f3t a p\u00e9ntek esti 310,64 forint ut\u00e1n cs\u00fct\u00f6rt\u00f6k reggel f\u00e9l nyolckor 310,38 forinton jegyezt\u00e9k. A doll\u00e1r jegyz\u00e9se 261,08-r\u00f3l 260,15 forintra cs\u00f6kkent, a sv\u00e1jci frank\u00e9 pedig 264,63 forintr\u00f3l 264,73-ra emelkedett.<br \/>\n    Az eur\u00f3 er\u0151s\u00f6d\u00f6tt a doll\u00e1rral szemben, jegyz\u00e9se a szerda esti 1,1899 doll\u00e1rr\u00f3l 1,1929 doll\u00e1rra ment fel.(MTI)<br \/>\n<div class=\"ads-in-post1\"><div id=\"gazdasagportal.hu_fullbanner_wideboard\"><\/div>\r\n<\/div>\n","protected":false},"excerpt":{"rendered":"<p>Vegyesen alakult cs\u00fct\u00f6rt\u00f6kre virrad\u00f3ra a forint \u00e1rfolyama a f\u0151bb deviz\u00e1kkal szemben a nemzetk\u00f6zi devizapiacon.<\/p>\n","protected":false},"author":1,"featured_media":0,"comment_status":"closed","ping_status":"open","sticky":false,"template":"","format":"standard","meta":[],"categories":[10],"tags":[],"_links":{"self":[{"href":"https:\/\/gazdasagportal.hu\/index.php\/wp-json\/wp\/v2\/posts\/101511"}],"collection":[{"href":"https:\/\/gazdasagportal.hu\/index.php\/wp-json\/wp\/v2\/posts"}],"about":[{"href":"https:\/\/gazdasagportal.hu\/index.php\/wp-json\/wp\/v2\/types\/post"}],"author":[{"embeddable":true,"href":"https:\/\/gazdasagportal.hu\/index.php\/wp-json\/wp\/v2\/users\/1"}],"replies":[{"embeddable":true,"href":"https:\/\/gazdasagportal.hu\/index.php\/wp-json\/wp\/v2\/comments?post=101511"}],"version-history":[{"count":1,"href":"https:\/\/gazdasagportal.hu\/index.php\/wp-json\/wp\/v2\/posts\/101511\/revisions"}],"predecessor-version":[{"id":101512,"href":"https:\/\/gazdasagportal.hu\/index.php\/wp-json\/wp\/v2\/posts\/101511\/revisions\/101512"}],"wp:attachment":[{"href":"https:\/\/gazdasagportal.hu\/index.php\/wp-json\/wp\/v2\/media?parent=101511"}],"wp:term":[{"taxonomy":"category","embeddable":true,"href":"https:\/\/gazdasagportal.hu\/index.php\/wp-json\/wp\/v2\/categories?post=101511"},{"taxonomy":"post_tag","embeddable":true,"href":"https:\/\/gazdasagportal.hu\/index.php\/wp-json\/wp\/v2\/tags?post=101511"}],"curies":[{"name":"wp","href":"https:\/\/api.w.org\/{rel}","templated":true}]}}