{"id":101464,"date":"2017-12-26T09:18:35","date_gmt":"2017-12-26T08:18:35","guid":{"rendered":"http:\/\/gazdasagportal.hu\/?p=101464"},"modified":"2017-12-26T09:18:35","modified_gmt":"2017-12-26T08:18:35","slug":"a-lakaspiaci-adasvetelek-tovabbi-novekedesere-szamit-az-otthon-centrum","status":"publish","type":"post","link":"https:\/\/gazdasagportal.hu\/index.php\/a-lakaspiaci-adasvetelek-tovabbi-novekedesere-szamit-az-otthon-centrum\/","title":{"rendered":"A lak\u00e1spiaci ad\u00e1sv\u00e9telek tov\u00e1bbi n\u00f6veked\u00e9s\u00e9re sz\u00e1m\u00edt az Otthon Centrum"},"content":{"rendered":"<p><strong>Az idei lak\u00e1spiaci ad\u00e1sv\u00e9telek sz\u00e1ma meghaladhatja a 150 ezret az Otthon Centrum el\u0151zetes adatai alapj\u00e1n, m\u00edg j\u00f6v\u0151re becsl\u00e9s\u00fck szerint 160 ezerre n\u0151.<\/strong><!--more--><\/p>\n<div class=\"ads-in-post1\"><div id=\"gazdasagportal.hu_fullbanner_wideboard\"><\/div>\r\n<\/div>\n<p>    Az ingatlank\u00f6zvet\u00edt\u0151 h\u00e1l\u00f3zat v\u00e1rakoz\u00e1sai szerint az \u00e1remelked\u00e9s \u00fcteme a lak\u00e1spiacon tov\u00e1bb m\u00e9rs\u00e9kl\u0151dik 2018-ban. Budapesten a t\u00e9gla \u00e9s panellak\u00e1sokn\u00e1l 5-15, a csal\u00e1di h\u00e1zakn\u00e1l 1-20 sz\u00e1zal\u00e9k k\u00f6z\u00f6tti lehet a dr\u00e1gul\u00e1s, a legt\u00f6bb vid\u00e9ki v\u00e1rosban pedig \u00e1tlagosan 5-10 sz\u00e1zal\u00e9kkal emelkedhet a lak\u00f3ingatlanok \u00e1ra.<br \/>\n<div class=\"ads-in-post2\"><script async src=\"https:\/\/pagead2.googlesyndication.com\/pagead\/js\/adsbygoogle.js\"><\/script>\r\n<ins class=\"adsbygoogle\"\r\n     style=\"display:block\"\r\n     data-ad-format=\"fluid\"\r\n     data-ad-layout-key=\"-6t+ed+2i-1n-4w\"\r\n     data-ad-client=\"ca-pub-1959107119989764\"\r\n     data-ad-slot=\"4008251320\"><\/ins>\r\n<script>\r\n     (adsbygoogle = window.adsbygoogle || []).push({});\r\n<\/script><\/div>\n    Tov\u00e1bbra is Budapesten \u00e9s a f\u0151v\u00e1rosi agglomer\u00e1ci\u00f3ban, az aut\u00f3p\u00e1ly\u00e1k menti megyei jog\u00fa v\u00e1rosokban, illetve az ezek k\u00f6zvetlen szomsz\u00e9ds\u00e1g\u00e1ban tal\u00e1lhat\u00f3 k\u00f6zs\u00e9gekben, valamint a Balaton t\u00e9rs\u00e9g\u00e9ben, f\u0151k\u00e9nt a t\u00f3parti telep\u00fcl\u00e9seken sz\u00e1m\u00edtanak jelent\u0151s sz\u00e1m\u00fa ad\u00e1sv\u00e9telre.<br \/>\n    Az \u00e9rt\u00e9kes\u00edt\u00e9s \u00e1tlagos id\u0151tartam\u00e1ban nem v\u00e1rnak jelent\u0151s v\u00e1ltoz\u00e1st, a paneleket b\u0151 k\u00e9t h\u00f3nap, a t\u00e9gla lak\u00e1sokat h\u00e1rom h\u00f3nap alatt lehet majd \u00e9rt\u00e9kes\u00edteni, a csal\u00e1di h\u00e1zak f\u00e9l\u00e9vnyi \u00e9rt\u00e9kes\u00edt\u00e9si ideje azonban egy-k\u00e9t h\u00e9ttel cs\u00f6kkenhet.<br \/>\n    Az Otthon Centrum szerint az \u00faj lak\u00e1sok \u00e9rt\u00e9kes\u00edt\u00e9s\u00e9ben a nagy \u00e1tt\u00f6r\u00e9s 2018-ban v\u00e1rhat\u00f3, mert az elm\u00falt m\u00e1sf\u00e9l-k\u00e9t \u00e9vben megkezdett fejleszt\u00e9sek jelent\u0151s r\u00e9sz\u00e9t ekkor adj\u00e1k \u00e1t. Az \u00faj lak\u00e1sok forgalmiad\u00f3-kedvezm\u00e9ny\u00e9nek 2019 v\u00e9gi hat\u00e1rideje miatt v\u00e1rhat\u00f3an tov\u00e1bb \u00e9l\u00e9nk\u00fcl a v\u00e1s\u00e1rl\u00e1si kedv, ugyanakkor az \u00e9v m\u00e1sodik fel\u00e9t\u0151l cs\u00f6kkenni fog az \u00faj beruh\u00e1z\u00e1sok ind\u00edt\u00e1sa.(MTI)<\/p>\n","protected":false},"excerpt":{"rendered":"<p>Az idei lak\u00e1spiaci ad\u00e1sv\u00e9telek sz\u00e1ma meghaladhatja a 150 ezret az Otthon Centrum el\u0151zetes adatai alapj\u00e1n, m\u00edg j\u00f6v\u0151re becsl\u00e9s\u00fck szerint 160 ezerre n\u0151.<\/p>\n","protected":false},"author":1,"featured_media":0,"comment_status":"closed","ping_status":"open","sticky":false,"template":"","format":"standard","meta":[],"categories":[4],"tags":[],"_links":{"self":[{"href":"https:\/\/gazdasagportal.hu\/index.php\/wp-json\/wp\/v2\/posts\/101464"}],"collection":[{"href":"https:\/\/gazdasagportal.hu\/index.php\/wp-json\/wp\/v2\/posts"}],"about":[{"href":"https:\/\/gazdasagportal.hu\/index.php\/wp-json\/wp\/v2\/types\/post"}],"author":[{"embeddable":true,"href":"https:\/\/gazdasagportal.hu\/index.php\/wp-json\/wp\/v2\/users\/1"}],"replies":[{"embeddable":true,"href":"https:\/\/gazdasagportal.hu\/index.php\/wp-json\/wp\/v2\/comments?post=101464"}],"version-history":[{"count":1,"href":"https:\/\/gazdasagportal.hu\/index.php\/wp-json\/wp\/v2\/posts\/101464\/revisions"}],"predecessor-version":[{"id":101465,"href":"https:\/\/gazdasagportal.hu\/index.php\/wp-json\/wp\/v2\/posts\/101464\/revisions\/101465"}],"wp:attachment":[{"href":"https:\/\/gazdasagportal.hu\/index.php\/wp-json\/wp\/v2\/media?parent=101464"}],"wp:term":[{"taxonomy":"category","embeddable":true,"href":"https:\/\/gazdasagportal.hu\/index.php\/wp-json\/wp\/v2\/categories?post=101464"},{"taxonomy":"post_tag","embeddable":true,"href":"https:\/\/gazdasagportal.hu\/index.php\/wp-json\/wp\/v2\/tags?post=101464"}],"curies":[{"name":"wp","href":"https:\/\/api.w.org\/{rel}","templated":true}]}}