{"id":101462,"date":"2017-12-25T20:44:30","date_gmt":"2017-12-25T19:44:30","guid":{"rendered":"http:\/\/gazdasagportal.hu\/?p=101462"},"modified":"2017-12-25T20:46:44","modified_gmt":"2017-12-25T19:46:44","slug":"az-orszag-nagy-reszen-suru-kodre-figyelmeztetnek-2","status":"publish","type":"post","link":"https:\/\/gazdasagportal.hu\/index.php\/az-orszag-nagy-reszen-suru-kodre-figyelmeztetnek-2\/","title":{"rendered":"Az orsz\u00e1g nagy r\u00e9sz\u00e9n s\u0171r\u0171 k\u00f6dre figyelmeztetnek"},"content":{"rendered":"<p><strong>A tart\u00f3s, s\u0171r\u0171 k\u00f6d vesz\u00e9lye miatt az orsz\u00e1g nagy r\u00e9sz\u00e9re figyelmeztet\u00e9st adott ki az Orsz\u00e1gos Meteorol\u00f3giai Szolg\u00e1lat.<\/strong><!--more--><\/p>\n<div class=\"ads-in-post1\"><div id=\"gazdasagportal.hu_fullbanner_wideboard\"><\/div>\r\n<\/div>\n<p>    Az MTI-hez h\u00e9tf\u0151 este eljuttatott vesz\u00e9lyjelz\u00e9s\u00fckben azt \u00edrt\u00e1k: a B\u00fckkt\u0151l keletre (f\u0151k\u00e9nt a v\u00f6lgyekben),valamint a ny\u00edrs\u00e9gi, \u00e9s szatm\u00e1ri vid\u00e9keken eg\u00e9sz nap megmarad a k\u00f6d. \u00d3nos k\u00f6dszit\u00e1l\u00e1s nem z\u00e1rhat\u00f3 ki. Est\u00e9t\u0151l a sz\u00e9lcsendes t\u00e1jakon ism\u00e9t t\u00f6bbfel\u00e9 k\u00e9pz\u0151dik k\u00f6d, els\u0151sorban az orsz\u00e1g keleti fel\u00e9n \u00e9s \u00e9szaknyugaton. Kedden napk\u00f6zben a legt\u00f6bb helyen javulnak a l\u00e1t\u00e1si viszonyok.<br \/>\n<div class=\"ads-in-post2\"><script async src=\"https:\/\/pagead2.googlesyndication.com\/pagead\/js\/adsbygoogle.js\"><\/script>\r\n<ins class=\"adsbygoogle\"\r\n     style=\"display:block\"\r\n     data-ad-format=\"fluid\"\r\n     data-ad-layout-key=\"-6t+ed+2i-1n-4w\"\r\n     data-ad-client=\"ca-pub-1959107119989764\"\r\n     data-ad-slot=\"4008251320\"><\/ins>\r\n<script>\r\n     (adsbygoogle = window.adsbygoogle || []).push({});\r\n<\/script><\/div>\n    A s\u0171r\u0171 k\u00f6d vesz\u00e9lye miatt keddre, kar\u00e1csony m\u00e1sodik napj\u00e1ra Budapestre, Pest megy\u00e9re, tov\u00e1bb\u00e1 Baranya, B\u00e1cs-Kiskun, B\u00e9k\u00e9s, Borsod-Aba\u00faj-Zempl\u00e9n, Csongr\u00e1d, Gy\u0151r-Moson-Sopron, Hajd\u00fa-Bihar, Heves, J\u00e1sz-Nagykun-Szolnok, N\u00f3gr\u00e1d, Szabolcs-Szatm\u00e1r-Bereg \u00e9s Vas megy\u00e9re adt\u00e1k ki a figyelmeztet\u00e9st.<br \/>\n    Az el\u0151rejelz\u00e9sben azt \u00edrt\u00e1k: a k\u00f6d feloszl\u00e1sa ut\u00e1n hosszabb-r\u00f6videbb id\u0151re a nap is kis\u00fct majd. Emellett viszont t\u00f6bbfel\u00e9 meg\u00e9l\u00e9nk\u00fcl, a Dun\u00e1nt\u00falon meg is er\u0151s\u00f6dik a sz\u00e9l. A legalacsonyabb h\u0151m\u00e9rs\u00e9klet m\u00ednusz 3 \u00e9s plusz 4 fok k\u00f6z\u00f6tt alakul. Napk\u00f6zben \u00e1ltal\u00e1ban 8-13 fokig, de \u00e9szaknyugaton, \u00e9szakkeleten csak plusz 3-7 fokig melegszik a leveg\u0151.(MTI)<\/p>\n","protected":false},"excerpt":{"rendered":"<p>A tart\u00f3s, s\u0171r\u0171 k\u00f6d vesz\u00e9lye miatt az orsz\u00e1g nagy r\u00e9sz\u00e9re figyelmeztet\u00e9st adott ki az Orsz\u00e1gos Meteorol\u00f3giai Szolg\u00e1lat.<\/p>\n","protected":false},"author":1,"featured_media":0,"comment_status":"closed","ping_status":"open","sticky":false,"template":"","format":"standard","meta":[],"categories":[4],"tags":[],"_links":{"self":[{"href":"https:\/\/gazdasagportal.hu\/index.php\/wp-json\/wp\/v2\/posts\/101462"}],"collection":[{"href":"https:\/\/gazdasagportal.hu\/index.php\/wp-json\/wp\/v2\/posts"}],"about":[{"href":"https:\/\/gazdasagportal.hu\/index.php\/wp-json\/wp\/v2\/types\/post"}],"author":[{"embeddable":true,"href":"https:\/\/gazdasagportal.hu\/index.php\/wp-json\/wp\/v2\/users\/1"}],"replies":[{"embeddable":true,"href":"https:\/\/gazdasagportal.hu\/index.php\/wp-json\/wp\/v2\/comments?post=101462"}],"version-history":[{"count":1,"href":"https:\/\/gazdasagportal.hu\/index.php\/wp-json\/wp\/v2\/posts\/101462\/revisions"}],"predecessor-version":[{"id":101463,"href":"https:\/\/gazdasagportal.hu\/index.php\/wp-json\/wp\/v2\/posts\/101462\/revisions\/101463"}],"wp:attachment":[{"href":"https:\/\/gazdasagportal.hu\/index.php\/wp-json\/wp\/v2\/media?parent=101462"}],"wp:term":[{"taxonomy":"category","embeddable":true,"href":"https:\/\/gazdasagportal.hu\/index.php\/wp-json\/wp\/v2\/categories?post=101462"},{"taxonomy":"post_tag","embeddable":true,"href":"https:\/\/gazdasagportal.hu\/index.php\/wp-json\/wp\/v2\/tags?post=101462"}],"curies":[{"name":"wp","href":"https:\/\/api.w.org\/{rel}","templated":true}]}}