{"id":10146,"date":"2013-06-18T15:37:56","date_gmt":"2013-06-18T13:37:56","guid":{"rendered":"http:\/\/stockportal.hu\/?p=10146"},"modified":"2013-07-21T12:37:01","modified_gmt":"2013-07-21T10:37:01","slug":"devizahitel-kuria-a-birak-befolyastol-mentesen-jarnak-el","status":"publish","type":"post","link":"https:\/\/gazdasagportal.hu\/index.php\/devizahitel-kuria-a-birak-befolyastol-mentesen-jarnak-el\/","title":{"rendered":"Devizahitel &#8211; K\u00faria: a b\u00edr\u00e1k befoly\u00e1st\u00f3l mentesen j\u00e1rnak el"},"content":{"rendered":"<p><strong>A b\u00edr\u00e1k befoly\u00e1st\u00f3l mentesen, legjobb meggy\u0151z\u0151d\u00e9s\u00fck szerint j\u00e1rnak el &#8211; k\u00f6z\u00f6lte a K\u00faria Sz\u00e1sz K\u00e1rolynak, a P\u00e9nz\u00fcgyi Szervezetek \u00c1llami Fel\u00fcgyelete (PSZ\u00c1F) eln\u00f6k\u00e9nek a devizahitelekkel kapcsolatban az egyik k\u00fariai tan\u00e1cseln\u00f6kh\u00f6z c\u00edmzett level\u00e9re reag\u00e1lva kedden.<!--more--><\/strong><\/p>\n<p>Sz\u00e1sz K\u00e1roly a h\u00e9tf\u0151n nyilv\u00e1noss\u00e1gra ker\u00fclt lev\u00e9lben a devizahitelekkel kapcsolatos b\u00edr\u00f3i \u00edt\u00e9letek gazdas\u00e1gi \u00e9s t\u00e1rsadalmi hat\u00e1saira figyelmeztetett. Arra is felh\u00edvta a figyelmet, hogy ezeknek a szerz\u0151d\u00e9seknek az ut\u00f3lagos &#8222;somm\u00e1s&#8221; \u00e1talak\u00edt\u00e1sa vagy semmiss\u00e9 nyilv\u00e1n\u00edt\u00e1sa sz\u00e9ls\u0151s\u00e9ges esetben \u00e1llamcs\u0151dh\u00f6z is vezethet.<br \/>\nSz\u00e1sz K\u00e1roly level\u00e9nek els\u0151 soraib\u00f3l kider\u00fcl, hogy egy j\u00fanius 24-ei, a devizahitelekkel kapcsolatos szakmai konferenci\u00e1hoz aj\u00e1nlotta fel &#8211; a K\u00faria megkeres\u00e9s\u00e9re &#8211; a PSZ\u00c1F szakmai ismereteit \u00e9s v\u00e9lem\u00e9ny\u00e9t, hogy &#8222;elvi t\u00e1mpontot ny\u00fajthasson a b\u00edr\u00f3i karnak&#8221;.<br \/>\nA K\u00faria k\u00f6zlem\u00e9nye lesz\u00f6gezi, hogy a b\u00edr\u00e1k &#8222;legjobb meggy\u0151z\u0151d\u00e9s\u00fck szerint, befoly\u00e1st\u00f3l mentesen \u00e9rt\u00e9kelik a konferenci\u00e1n elhangz\u00f3 \u00e9s az azzal \u00f6sszef\u00fcgg\u00e9sben k\u00e9sz\u00fclt \u00edr\u00e1sbeli anyagokban szerepl\u0151 inform\u00e1ci\u00f3kat&#8221;.<br \/>\nA k\u00f6zlem\u00e9ny kit\u00e9r arra is, hogy a magyar b\u00edr\u00f3s\u00e1gok az elm\u00falt id\u0151szakban m\u00e1r sz\u00e1mos devizaalap\u00fa hitelez\u00e9si \u00fcgyben hoztak \u00edt\u00e9letet, \u00e9s az elk\u00f6vetkezend\u0151 h\u00f3napokban m\u00e9g sok hasonl\u00f3 \u00fcgyet b\u00edr\u00e1lnak majd el.<br \/>\nA K\u00faria az id\u00e9n tavasszal az als\u00f3bb fok\u00fa b\u00edr\u00f3s\u00e1gokt\u00f3l \u00e9rkezett k\u00e9rd\u00e9sek \u00e9s jelz\u00e9sek alapj\u00e1n szakmai konferencia szervez\u00e9s\u00e9be kezdett. A tan\u00e1cskoz\u00e1s c\u00e9lja, hogy a devizaalap\u00fa hitelez\u00e9ssel kapcsolatos perek eld\u00f6nt\u00e9s\u00e9ben r\u00e9sztvev\u0151 b\u00edr\u00e1khoz eljussanak a speci\u00e1lis szaktud\u00e1st, k\u00f6zgazdas\u00e1gi, bank\u00fczemi ismereteket ig\u00e9nyl\u0151 inform\u00e1ci\u00f3k. A konferenci\u00e1n kiz\u00e1r\u00f3lag az ilyen \u00fcgyeket t\u00e1rgyal\u00f3 b\u00edr\u00e1k vesznek r\u00e9szt, \u00e9s eddig m\u00e1r t\u00f6bb mint k\u00e9tsz\u00e1zan jelezt\u00e9k r\u00e9szv\u00e9teli sz\u00e1nd\u00e9kukat.<br \/>\nA K\u00faria felk\u00e9r\u00e9s\u00e9re a konferenci\u00e1n egy p\u00e9nz\u00fcgyi joggal foglalkoz\u00f3 professzor, a Magyar Nemzeti Bank \u00e9s a PSZ\u00c1F k\u00e9pvisel\u0151i ugyanazon k\u00e9rd\u00e9sekben fejtik ki \u00e1ll\u00e1spontjukat, \u00e9s ny\u00fajtanak seg\u00edts\u00e9get tipikus probl\u00e9m\u00e1k megold\u00e1s\u00e1hoz &#8211; tartalmazza a K\u00faria keddi k\u00f6zlem\u00e9nye. (MTI)<\/p>\n","protected":false},"excerpt":{"rendered":"<p>A b\u00edr\u00e1k befoly\u00e1st\u00f3l mentesen, legjobb meggy\u0151z\u0151d\u00e9s\u00fck szerint j\u00e1rnak el &#8211; k\u00f6z\u00f6lte a K\u00faria Sz\u00e1sz K\u00e1rolynak, a P\u00e9nz\u00fcgyi Szervezetek \u00c1llami Fel\u00fcgyelete (PSZ\u00c1F) eln\u00f6k\u00e9nek a devizahitelekkel kapcsolatban az egyik k\u00fariai tan\u00e1cseln\u00f6kh\u00f6z c\u00edmzett level\u00e9re reag\u00e1lva kedden.<\/p>\n","protected":false},"author":1,"featured_media":0,"comment_status":"open","ping_status":"closed","sticky":false,"template":"","format":"standard","meta":[],"categories":[19,112],"tags":[84],"_links":{"self":[{"href":"https:\/\/gazdasagportal.hu\/index.php\/wp-json\/wp\/v2\/posts\/10146"}],"collection":[{"href":"https:\/\/gazdasagportal.hu\/index.php\/wp-json\/wp\/v2\/posts"}],"about":[{"href":"https:\/\/gazdasagportal.hu\/index.php\/wp-json\/wp\/v2\/types\/post"}],"author":[{"embeddable":true,"href":"https:\/\/gazdasagportal.hu\/index.php\/wp-json\/wp\/v2\/users\/1"}],"replies":[{"embeddable":true,"href":"https:\/\/gazdasagportal.hu\/index.php\/wp-json\/wp\/v2\/comments?post=10146"}],"version-history":[{"count":4,"href":"https:\/\/gazdasagportal.hu\/index.php\/wp-json\/wp\/v2\/posts\/10146\/revisions"}],"predecessor-version":[{"id":12041,"href":"https:\/\/gazdasagportal.hu\/index.php\/wp-json\/wp\/v2\/posts\/10146\/revisions\/12041"}],"wp:attachment":[{"href":"https:\/\/gazdasagportal.hu\/index.php\/wp-json\/wp\/v2\/media?parent=10146"}],"wp:term":[{"taxonomy":"category","embeddable":true,"href":"https:\/\/gazdasagportal.hu\/index.php\/wp-json\/wp\/v2\/categories?post=10146"},{"taxonomy":"post_tag","embeddable":true,"href":"https:\/\/gazdasagportal.hu\/index.php\/wp-json\/wp\/v2\/tags?post=10146"}],"curies":[{"name":"wp","href":"https:\/\/api.w.org\/{rel}","templated":true}]}}