{"id":101429,"date":"2017-12-23T13:41:27","date_gmt":"2017-12-23T12:41:27","guid":{"rendered":"http:\/\/gazdasagportal.hu\/?p=101429"},"modified":"2017-12-23T13:41:27","modified_gmt":"2017-12-23T12:41:27","slug":"telen-is-biztonsagban-ketkerekuvel","status":"publish","type":"post","link":"https:\/\/gazdasagportal.hu\/index.php\/telen-is-biztonsagban-ketkerekuvel\/","title":{"rendered":"T\u00e9len is biztons\u00e1gban k\u00e9tkerek\u0171vel"},"content":{"rendered":"<p><strong>Az igazi t\u00e9l \u00e9rkezt\u00e9vel jelent\u0151s csapad\u00e9kmennyis\u00e9gre, \u00e9jszakai fagyokra, cs\u00fasz\u00f3s utakra \u00e9s ezzel \u00f6sszef\u00fcgg\u00e9sben a t\u00e9li gumi, illetve sz\u00fcks\u00e9g eset\u00e9n h\u00f3l\u00e1nc haszn\u00e1latra figyelmeztetik az aut\u00f3sokat. Vannak azonban, akiknek k\u00e9t ker\u00e9ken sem \u00e9r v\u00e9get ilyenkor a szezon, \u00e9s a kedvez\u0151tlen id\u0151 dac\u00e1ra is \u00fatra kelnek motorral, robog\u00f3val, net\u00e1n ker\u00e9kp\u00e1rral. A Groupama Biztos\u00edt\u00f3 most a k\u00e9t ker\u00e9ken k\u00f6zleked\u0151k sz\u00e1m\u00e1ra gy\u0171jt\u00f6tt \u00f6ssze hasznos tan\u00e1csokat ahhoz, hogy baleset n\u00e9lk\u00fcl v\u00e9szelhess\u00e9k \u00e1t a telet.<\/strong><!--more--><\/p>\n<div class=\"ads-in-post1\"><div id=\"gazdasagportal.hu_fullbanner_wideboard\"><\/div>\r\n<\/div>\n<p><em>\u00a0\u201eAki k\u00e9t ker\u00e9ken k\u00f6zlekedik t\u00e9len, annak alapvet\u0151 fontoss\u00e1g\u00fa a megfelel\u0151 k\u00f6z\u00e9rzet biztos\u00edt\u00e1sa, \u00e9s erre \u00e1ltal\u00e1ban senki sem gondol\u201d <\/em>\u2013 kezdi egy fontos figyelmezet\u00e9ssel <strong><em>Kov\u00e1cs B. R\u00f3bert<\/em><\/strong>, a Groupama Tanp\u00e1lya motoros vezet\u00e9stechnikai instruktora. <em>\u201e<strong>Min\u00e9l jobban \u00e1tf\u00e1zunk, ann\u00e1l vesz\u00e9lyesebb\u00e9 v\u00e1lik a t\u00e9li k\u00e9tkerek\u0171z\u00e9s.<\/strong> Ennek oka, hogy \u00e9ppen mikor a szokottn\u00e1l is fokozottabb figyelemre lenne sz\u00fcks\u00e9g, kev\u00e9sb\u00e9 tudunk a forgalmi helyzetekre koncentr\u00e1lni, \u00e9s mozdulataink is neh\u00e9zkesebb\u00e9 v\u00e1lnak, \u00edgy a reakci\u00f3id\u0151 \u00e9rt\u00e9kes tizedm\u00e1sodpercekkel n\u0151het.\u201d<\/em><\/p>\n<p>A j\u00e1rm\u0171vek \u201et\u00e9lies\u00edt\u00e9se\u201d jelent\u0151s anyagi r\u00e1ford\u00edt\u00e1ssal j\u00e1rhat: az alapvet\u0151 kieg\u00e9sz\u00edt\u0151k, mint a keszty\u0171, a v\u00edzhatlan cip\u0151 \u00e9s a der\u00e9kmeleg\u00edt\u0151 mellett \u00e9rdemes k\u00e9zzs\u00e1kot, l\u00e1btakar\u00f3t \u00e9s t\u00faraplexit is beszerezni. Nagyobb kiad\u00e1ssal j\u00e1r, de sok seg\u00edts\u00e9get jelenthet motorokon az \u00fcl\u00e9s- \u00e9s a markolatf\u0171t\u00e9s, vagy ak\u00e1r a f\u0171thet\u0151 ruh\u00e1zat. <em>\u201eMindemellett <strong>elengedhetetlen a l\u00e1that\u00f3s\u00e1got seg\u00edt\u0151 \u00e9l\u00e9nk sz\u00edn\u0171 sisak \u00e9s kab\u00e1t<\/strong><\/em>\u201d \u2013 h\u00edvja fel a figyelmet a szek\u00e9rt\u0151. <em>\u201eBizony\u00edtott, hogy a <strong>seg\u00edts\u00e9g\u00fckkel ak\u00e1r m\u00e1r 300 m\u00e9terrel hamarabb \u00e9szre lehet venni a k\u00f6zleked\u0151t.\u201d<\/strong><\/em><br \/>\n<div class=\"ads-in-post2\"><script async src=\"https:\/\/pagead2.googlesyndication.com\/pagead\/js\/adsbygoogle.js\"><\/script>\r\n<ins class=\"adsbygoogle\"\r\n     style=\"display:block\"\r\n     data-ad-format=\"fluid\"\r\n     data-ad-layout-key=\"-6t+ed+2i-1n-4w\"\r\n     data-ad-client=\"ca-pub-1959107119989764\"\r\n     data-ad-slot=\"4008251320\"><\/ins>\r\n<script>\r\n     (adsbygoogle = window.adsbygoogle || []).push({});\r\n<\/script><\/div>\n<p>Term\u00e9szetesen nem csak aut\u00f3k eset\u00e9ben fontos az abroncscsere: ha biciklire m\u00e9g nem is, motorokra m\u00e1r el\u00e9rhet\u0151ek t\u00e9li gumik. <em>\u201eKiss\u00e9 hidegebb, es\u0151s id\u0151ben seg\u00edthetnek, de havas utakon val\u00f3 k\u00f6zleked\u00e9sre ezek sem teszik alkalmass\u00e1 a j\u00e1rm\u0171veket\u201d <\/em>\u2013 figyelmeztet a Groupama Tanp\u00e1lya instruktora. \u2013 <em>\u201eHa egy aut\u00f3 kicsit megcs\u00faszik, m\u00e9g lehet korrig\u00e1lni, egy <strong>k\u00e9tkerek\u0171n\u00e9l a j\u00e9gen cs\u00fasz\u00e1s szinte kiv\u00e9dhetetlen\u00fcl es\u00e9shez vezet. Tapasztalataink szerint ilyen esetekben 70-75%-os a val\u00f3sz\u00edn\u0171s\u00e9ge a l\u00e1bs\u00e9r\u00fcl\u00e9snek<\/strong>, hiszen a motorosok a stabilit\u00e1sukat a l\u00e1bukkal igyekeznek visszanyerni.\u201d<\/em> A balesetek elker\u00fcl\u00e9s\u00e9hez a motorok \u00e9s ker\u00e9kp\u00e1rok eset\u00e9ben is ker\u00fclni kell a hirtelen ped\u00e1l- \u00e9s korm\u00e1nymozdulatokat. A f\u00e9kez\u00e9st a megszokottn\u00e1l hamarabb kell megkezdeni, a j\u00e1rm\u0171vet pedig finomabban d\u00f6nteni, nagyobb \u00edven, \u00e9s kisebb sebess\u00e9ggel kigyors\u00edtani a kanyarokb\u00f3l.<\/p>\n<p><strong>\u00a0<\/strong><\/p>\n<p><strong>Ha m\u00e9gis megt\u00f6rt\u00e9nik a baj?<\/strong><\/p>\n<p>Az aut\u00f3khoz hasonl\u00f3an a motorker\u00e9kp\u00e1rokra is van k\u00f6telez\u0151 biztos\u00edt\u00e1s, a saj\u00e1t k\u00e1rok megt\u00e9r\u00edt\u00e9s\u00e9re a Casco biztos\u00edt\u00e1s ny\u00fajt fedezetet. \u201e<em>Ker\u00e9kp\u00e1rokra ugyan nem k\u00f6telez\u0151 biztos\u00edt\u00e1st k\u00f6tni, a Groupama Biztos\u00edt\u00f3 azonban erre is k\u00edn\u00e1l megold\u00e1st. A Groupama Biztos\u00edt\u00f3 lak\u00e1sbiztos\u00edt\u00e1sa kiterjed az egy h\u00e1ztart\u00e1sban \u00e9l\u0151k ker\u00e9kp\u00e1ros baleseteire is, s\u0151t a lak\u00e1sbiztos\u00edt\u00e1si csomagnak r\u00e9sze a felel\u0151ss\u00e9gbiztos\u00edt\u00e1s is, amely kiterjed a ker\u00e9kp\u00e1r haszn\u00e1l\u00f3jak\u00e9nt a m\u00e1soknak okozott k\u00e1rokra is<\/em> \u2013 nyilatkozta <strong><em>Szab\u00f3 Imre<\/em><\/strong>, a Groupama Biztos\u00edt\u00f3 Szolg\u00e1ltat\u00e1si Centrum\u00e1nak vezet\u0151je. \u201e<em>Arr\u00f3l v\u00e9gk\u00e9pp kevesen tudnak, pedig t\u00e9len nagyon hasznos, hogy ker\u00e9kp\u00e1rra is k\u00f6thet\u0151 casco biztos\u00edt\u00e1s, amely m\u00e1r t\u00f6r\u00e9sk\u00e1rok ellen is v\u00e9d.\u201d<\/em><\/p>\n<p>&nbsp;<\/p>\n<p><strong>Groupama Biztos\u00edt\u00f3 Zrt.<\/strong><\/p>\n<p>A Groupama Biztos\u00edt\u00f3 k\u00f6zel 1,3 milli\u00f3 \u00fcgyfel\u00e9vel, teljes k\u00f6r\u0171 biztos\u00edt\u00e1si k\u00edn\u00e1lat\u00e1val a hazai biztos\u00edt\u00e1si piac egyik legjelent\u0151sebb szerepl\u0151je. 130 saj\u00e1t \u00fcgyf\u00e9lszolg\u00e1lati irod\u00e1j\u00e1n \u00e9s 1000 f\u0151s tan\u00e1csad\u00f3i h\u00e1l\u00f3zat\u00e1n k\u00edv\u00fcl online, a GroupamaDirekten, az OTP Bank 360 fi\u00f3kj\u00e1ban, valamint 400 alkuszpartner\u00e9n kereszt\u00fcl teszi el\u00e9rhet\u0151v\u00e9 szolg\u00e1ltat\u00e1sait.<\/p>\n","protected":false},"excerpt":{"rendered":"<p>Az igazi t\u00e9l \u00e9rkezt\u00e9vel jelent\u0151s csapad\u00e9kmennyis\u00e9gre, \u00e9jszakai fagyokra, cs\u00fasz\u00f3s utakra \u00e9s ezzel \u00f6sszef\u00fcgg\u00e9sben a t\u00e9li gumi, illetve sz\u00fcks\u00e9g eset\u00e9n h\u00f3l\u00e1nc haszn\u00e1latra figyelmeztetik az aut\u00f3sokat. Vannak azonban, akiknek k\u00e9t ker\u00e9ken sem \u00e9r v\u00e9get ilyenkor a szezon, \u00e9s a kedvez\u0151tlen id\u0151 dac\u00e1ra is \u00fatra kelnek motorral, robog\u00f3val, net\u00e1n ker\u00e9kp\u00e1rral. A Groupama Biztos\u00edt\u00f3 most a k\u00e9t ker\u00e9ken k\u00f6zleked\u0151k &#8230;<\/p>\n","protected":false},"author":1,"featured_media":0,"comment_status":"closed","ping_status":"open","sticky":false,"template":"","format":"standard","meta":[],"categories":[4,51,19],"tags":[],"_links":{"self":[{"href":"https:\/\/gazdasagportal.hu\/index.php\/wp-json\/wp\/v2\/posts\/101429"}],"collection":[{"href":"https:\/\/gazdasagportal.hu\/index.php\/wp-json\/wp\/v2\/posts"}],"about":[{"href":"https:\/\/gazdasagportal.hu\/index.php\/wp-json\/wp\/v2\/types\/post"}],"author":[{"embeddable":true,"href":"https:\/\/gazdasagportal.hu\/index.php\/wp-json\/wp\/v2\/users\/1"}],"replies":[{"embeddable":true,"href":"https:\/\/gazdasagportal.hu\/index.php\/wp-json\/wp\/v2\/comments?post=101429"}],"version-history":[{"count":1,"href":"https:\/\/gazdasagportal.hu\/index.php\/wp-json\/wp\/v2\/posts\/101429\/revisions"}],"predecessor-version":[{"id":101430,"href":"https:\/\/gazdasagportal.hu\/index.php\/wp-json\/wp\/v2\/posts\/101429\/revisions\/101430"}],"wp:attachment":[{"href":"https:\/\/gazdasagportal.hu\/index.php\/wp-json\/wp\/v2\/media?parent=101429"}],"wp:term":[{"taxonomy":"category","embeddable":true,"href":"https:\/\/gazdasagportal.hu\/index.php\/wp-json\/wp\/v2\/categories?post=101429"},{"taxonomy":"post_tag","embeddable":true,"href":"https:\/\/gazdasagportal.hu\/index.php\/wp-json\/wp\/v2\/tags?post=101429"}],"curies":[{"name":"wp","href":"https:\/\/api.w.org\/{rel}","templated":true}]}}