{"id":101417,"date":"2017-12-22T17:58:34","date_gmt":"2017-12-22T16:58:34","guid":{"rendered":"http:\/\/gazdasagportal.hu\/?p=101417"},"modified":"2017-12-22T15:59:46","modified_gmt":"2017-12-22T14:59:46","slug":"brexit-ismet-kek-lesz-a-brit-utlevel","status":"publish","type":"post","link":"https:\/\/gazdasagportal.hu\/index.php\/brexit-ismet-kek-lesz-a-brit-utlevel\/","title":{"rendered":"Brexit &#8211; Ism\u00e9t k\u00e9k lesz a brit \u00fatlev\u00e9l"},"content":{"rendered":"<p><strong>Nagy-Britannia az EU-tags\u00e1g megsz\u0171n\u00e9se ut\u00e1n \u00fajb\u00f3l meghonos\u00edtja a hagyom\u00e1nyos k\u00e9k brit \u00fatlevelet a jelenlegi bord\u00f3 helyett. A brit bel\u00fcgyminiszt\u00e9rium p\u00e9nteki bejelent\u00e9se szerint v\u00e1rhat\u00f3an 2019 okt\u00f3ber\u00e9t\u0151l ker\u00fcl forgalomba ism\u00e9t a k\u00e9k brit \u00fatlev\u00e9l.<\/strong><!--more--><\/p>\n<div class=\"ads-in-post1\"><div id=\"gazdasagportal.hu_fullbanner_wideboard\"><\/div>\r\n<\/div>\n<p>    A jelenlegi bord\u00f3 \u00fatlev\u00e9l fed\u0151lapj\u00e1nak tetej\u00e9n a European Union felirat l\u00e1that\u00f3, alatta a Nagy-Britannia \u00e9s \u00c9szak-\u00cdrorsz\u00e1g Egyes\u00fclt Kir\u00e1lys\u00e1ga megjel\u00f6l\u00e9s, majd a brit kir\u00e1lyi h\u00e1z hivatalos c\u00edmere.<br \/>\n    Az EU-tags\u00e1gra utal\u00f3 felirat a bel\u00fcgyi t\u00e1rca p\u00e9nteki t\u00e1j\u00e9koztat\u00e1sa szerint m\u00e1r 2019 m\u00e1rcius\u00e1ban, a brit EU-tags\u00e1g megsz\u0171n\u00e9s\u00e9nek v\u00e1rhat\u00f3 id\u0151pontj\u00e1ban leker\u00fcl az \u00faj \u00fatlevelekr\u0151l, de az akkor ki\u00e1ll\u00edtott \u00faj \u00fati okm\u00e1nyok sz\u00edne m\u00e9g bord\u00f3 lesz. A brit korm\u00e1ny a k\u00e9k sz\u00edn\u0171 \u00fatlevelek el\u0151\u00e1ll\u00edt\u00e1s\u00e1ra ugyanis csak a kil\u00e9p\u00e9s ut\u00e1n k\u00f6t majd \u00faj szerz\u0151d\u00e9st a gy\u00e1rt\u00f3val.<br \/>\n<div class=\"ads-in-post2\"><script async src=\"https:\/\/pagead2.googlesyndication.com\/pagead\/js\/adsbygoogle.js\"><\/script>\r\n<ins class=\"adsbygoogle\"\r\n     style=\"display:block\"\r\n     data-ad-format=\"fluid\"\r\n     data-ad-layout-key=\"-6t+ed+2i-1n-4w\"\r\n     data-ad-client=\"ca-pub-1959107119989764\"\r\n     data-ad-slot=\"4008251320\"><\/ins>\r\n<script>\r\n     (adsbygoogle = window.adsbygoogle || []).push({});\r\n<\/script><\/div>\n    Nagy-Britanni\u00e1ban 1988 \u00f3ta bocs\u00e1tanak ki bord\u00f3 \u00fatleveleket az akkori Eur\u00f3pai Gazdas\u00e1gi K\u00f6z\u00f6ss\u00e9g ir\u00e1nymutat\u00e1sa alapj\u00e1n, de ez val\u00f3j\u00e1ban soha nem volt k\u00f6telez\u0151 &#8211; csak aj\u00e1nl\u00e1sk\u00e9nt fogalmaz\u00f3dott meg a sz\u00ednharmoniz\u00e1l\u00e1s a k\u00f6z\u00f6ss\u00e9gen bel\u00fcli utaz\u00e1s \u00e9s az \u00fati okm\u00e1nyok ellen\u0151rz\u00e9s\u00e9nek megk\u00f6nny\u00edt\u00e9se v\u00e9gett.<br \/>\n    London nem l\u00e9pett be az uni\u00f3s bels\u0151 hat\u00e1rellen\u0151rz\u00e9st lebont\u00f3 schengeni \u00f6vezetbe, Nagy-Britanni\u00e1ban ugyanakkor szem\u00e9lyi igazolv\u00e1ny sem l\u00e9tezik, \u00edgy az \u00fatlev\u00e9l tov\u00e1bbra is a brit \u00e1llampolg\u00e1rok els\u0151dleges \u00fati okm\u00e1nya az EU-n bel\u00fcli utaz\u00e1sokhoz.<br \/>\n    Az els\u0151 k\u00e9k brit \u00fatleveleket 1921-ben \u00e1ll\u00edtott\u00e1k ki, az utols\u00f3 2003-ban j\u00e1rt le.<br \/>\n    Brandon Lewis, a brit bel\u00fcgyminiszt\u00e9rium bev\u00e1ndorl\u00e1s\u00fcgyi \u00e1llamtitk\u00e1ra p\u00e9nteken a BBC r\u00e1di\u00f3nak nyilatkozva kijelentette: a k\u00e9k \u00fatlev\u00e9l \u00fajb\u00f3li meghonos\u00edt\u00e1sa is annak a jele, hogy &#8222;a kil\u00e9p\u00e9s az Eur\u00f3pai Uni\u00f3b\u00f3l egyed\u00fcl\u00e1ll\u00f3 lehet\u0151s\u00e9get teremt a brit nemzeti \u00f6nazonoss\u00e1g helyre\u00e1ll\u00edt\u00e1s\u00e1ra&#8221;.(MTI)<\/p>\n","protected":false},"excerpt":{"rendered":"<p>Nagy-Britannia az EU-tags\u00e1g megsz\u0171n\u00e9se ut\u00e1n \u00fajb\u00f3l meghonos\u00edtja a hagyom\u00e1nyos k\u00e9k brit \u00fatlevelet a jelenlegi bord\u00f3 helyett. A brit bel\u00fcgyminiszt\u00e9rium p\u00e9nteki bejelent\u00e9se szerint v\u00e1rhat\u00f3an 2019 okt\u00f3ber\u00e9t\u0151l ker\u00fcl forgalomba ism\u00e9t a k\u00e9k brit \u00fatlev\u00e9l.<\/p>\n","protected":false},"author":1,"featured_media":0,"comment_status":"closed","ping_status":"open","sticky":false,"template":"","format":"standard","meta":[],"categories":[12,246],"tags":[],"_links":{"self":[{"href":"https:\/\/gazdasagportal.hu\/index.php\/wp-json\/wp\/v2\/posts\/101417"}],"collection":[{"href":"https:\/\/gazdasagportal.hu\/index.php\/wp-json\/wp\/v2\/posts"}],"about":[{"href":"https:\/\/gazdasagportal.hu\/index.php\/wp-json\/wp\/v2\/types\/post"}],"author":[{"embeddable":true,"href":"https:\/\/gazdasagportal.hu\/index.php\/wp-json\/wp\/v2\/users\/1"}],"replies":[{"embeddable":true,"href":"https:\/\/gazdasagportal.hu\/index.php\/wp-json\/wp\/v2\/comments?post=101417"}],"version-history":[{"count":1,"href":"https:\/\/gazdasagportal.hu\/index.php\/wp-json\/wp\/v2\/posts\/101417\/revisions"}],"predecessor-version":[{"id":101418,"href":"https:\/\/gazdasagportal.hu\/index.php\/wp-json\/wp\/v2\/posts\/101417\/revisions\/101418"}],"wp:attachment":[{"href":"https:\/\/gazdasagportal.hu\/index.php\/wp-json\/wp\/v2\/media?parent=101417"}],"wp:term":[{"taxonomy":"category","embeddable":true,"href":"https:\/\/gazdasagportal.hu\/index.php\/wp-json\/wp\/v2\/categories?post=101417"},{"taxonomy":"post_tag","embeddable":true,"href":"https:\/\/gazdasagportal.hu\/index.php\/wp-json\/wp\/v2\/tags?post=101417"}],"curies":[{"name":"wp","href":"https:\/\/api.w.org\/{rel}","templated":true}]}}