{"id":101411,"date":"2017-12-22T14:47:53","date_gmt":"2017-12-22T13:47:53","guid":{"rendered":"http:\/\/gazdasagportal.hu\/?p=101411"},"modified":"2017-12-22T14:47:53","modified_gmt":"2017-12-22T13:47:53","slug":"meteorologiai-szolgalat-iden-nem-lesz-feher-karacsony","status":"publish","type":"post","link":"https:\/\/gazdasagportal.hu\/index.php\/meteorologiai-szolgalat-iden-nem-lesz-feher-karacsony\/","title":{"rendered":"Meteorol\u00f3giai szolg\u00e1lat: id\u00e9n nem lesz feh\u00e9r kar\u00e1csony"},"content":{"rendered":"<p><strong>Id\u0151j\u00e1r\u00e1si szempontb\u00f3l ink\u00e1bb tavaszias, mintsem t\u00e9lies \u00e1llapotok uralkodnak, egyre enyh\u00e9bb id\u0151 v\u00e1rhat\u00f3, \u00edgy id\u00e9n nem lesz feh\u00e9r a kar\u00e1csony &#8211; k\u00f6z\u00f6lte az Orsz\u00e1gos Meteorol\u00f3giai Szolg\u00e1lat a Facebook-oldal\u00e1n k\u00f6zz\u00e9tett vide\u00f3j\u00e1ban.<\/strong><!--more--><\/p>\n<div class=\"ads-in-post1\"><div id=\"gazdasagportal.hu_fullbanner_wideboard\"><\/div>\r\n<\/div>\n<p>    Szab\u00f3 Zsanett meteorol\u00f3gus kifejtette: szombat reggel a Tisz\u00e1nt\u00falon lehet helyenk\u00e9nt havas es\u0151, h\u00f3. Napk\u00f6zben n\u00e9hol alakul ki z\u00e1por, a hegyekben h\u00f3z\u00e1por. Emellett r\u00f6vid id\u0151re a nap is kis\u00fct. A sz\u00e9l er\u0151s, a Dun\u00e1nt\u00falon viharos lehet. A legalacsonyabb h\u0151m\u00e9rs\u00e9klet m\u00ednusz 2 \u00e9s plusz 4, a legmagasabb h\u0151m\u00e9rs\u00e9klet plusz 2-7 fok k\u00f6z\u00f6tt v\u00e1rhat\u00f3.<br \/>\n    Vas\u00e1rnap, szenteste napj\u00e1n k\u00f6zepesen \u00e9s er\u0151sen felh\u0151s id\u0151szakok egyar\u00e1nt lesznek, helyenk\u00e9nt kisebb es\u0151 el\u0151fordulhat. T\u00f6bbfel\u00e9 meger\u0151s\u00f6dik, a f\u0151v\u00e1ros t\u00e1g t\u00e9rs\u00e9g\u00e9ben vihaross\u00e1 is fokoz\u00f3dhat a sz\u00e9l. A minimumh\u0151m\u00e9rs\u00e9klet m\u00ednusz 3 \u00e9s plusz 3, a nappali maximumok plusz 6-11 fok k\u00f6z\u00f6tt alakulnak.<br \/>\n<div class=\"ads-in-post2\"><script async src=\"https:\/\/pagead2.googlesyndication.com\/pagead\/js\/adsbygoogle.js\"><\/script>\r\n<ins class=\"adsbygoogle\"\r\n     style=\"display:block\"\r\n     data-ad-format=\"fluid\"\r\n     data-ad-layout-key=\"-6t+ed+2i-1n-4w\"\r\n     data-ad-client=\"ca-pub-1959107119989764\"\r\n     data-ad-slot=\"4008251320\"><\/ins>\r\n<script>\r\n     (adsbygoogle = window.adsbygoogle || []).push({});\r\n<\/script><\/div>\n    Kar\u00e1csony els\u0151 napj\u00e1n, h\u00e9tf\u0151n t\u00f6bbnyire gyeng\u00e9n felh\u0151s, napos id\u0151 v\u00e1rhat\u00f3, csapad\u00e9k nem val\u00f3sz\u00edn\u0171. A legalacsonyabb h\u0151m\u00e9rs\u00e9klet m\u00ednusz 1 \u00e9s plusz 4, a legmagasabb h\u0151m\u00e9rs\u00e9klet plusz 5-10 fok k\u00f6z\u00f6tt alakul. T\u00f6bbfel\u00e9 meg\u00e9l\u00e9nk\u00fcl, n\u00e9hol meger\u0151s\u00f6dik a sz\u00e9l.<br \/>\n    Kedden, kar\u00e1csony m\u00e1sodik napj\u00e1n az orsz\u00e1g \u00e9szakkeleti harmad\u00e1n n\u00e9hol tart\u00f3sabban megmaradhat a k\u00f6d. Csapad\u00e9k nem val\u00f3sz\u00edn\u0171. A D\u00e9l-Dun\u00e1nt\u00falon er\u0151s\u00f6dhet a l\u00e9gmozg\u00e1s. A leghidegebb \u00f3r\u00e1kban m\u00ednusz 2 \u00e9s plusz 2 fok k\u00f6z\u00f6tt, napk\u00f6zben az orsz\u00e1g legnagyobb r\u00e9sz\u00e9n plusz 7-12, \u00e9szakkeleten plusz 3-7 fok k\u00f6z\u00f6tt alakul a h\u0151m\u00e9rs\u00e9klet.<br \/>\n(MTI)<\/p>\n","protected":false},"excerpt":{"rendered":"<p>Id\u0151j\u00e1r\u00e1si szempontb\u00f3l ink\u00e1bb tavaszias, mintsem t\u00e9lies \u00e1llapotok uralkodnak, egyre enyh\u00e9bb id\u0151 v\u00e1rhat\u00f3, \u00edgy id\u00e9n nem lesz feh\u00e9r a kar\u00e1csony &#8211; k\u00f6z\u00f6lte az Orsz\u00e1gos Meteorol\u00f3giai Szolg\u00e1lat a Facebook-oldal\u00e1n k\u00f6zz\u00e9tett vide\u00f3j\u00e1ban.<\/p>\n","protected":false},"author":1,"featured_media":0,"comment_status":"closed","ping_status":"open","sticky":false,"template":"","format":"standard","meta":[],"categories":[4],"tags":[],"_links":{"self":[{"href":"https:\/\/gazdasagportal.hu\/index.php\/wp-json\/wp\/v2\/posts\/101411"}],"collection":[{"href":"https:\/\/gazdasagportal.hu\/index.php\/wp-json\/wp\/v2\/posts"}],"about":[{"href":"https:\/\/gazdasagportal.hu\/index.php\/wp-json\/wp\/v2\/types\/post"}],"author":[{"embeddable":true,"href":"https:\/\/gazdasagportal.hu\/index.php\/wp-json\/wp\/v2\/users\/1"}],"replies":[{"embeddable":true,"href":"https:\/\/gazdasagportal.hu\/index.php\/wp-json\/wp\/v2\/comments?post=101411"}],"version-history":[{"count":1,"href":"https:\/\/gazdasagportal.hu\/index.php\/wp-json\/wp\/v2\/posts\/101411\/revisions"}],"predecessor-version":[{"id":101412,"href":"https:\/\/gazdasagportal.hu\/index.php\/wp-json\/wp\/v2\/posts\/101411\/revisions\/101412"}],"wp:attachment":[{"href":"https:\/\/gazdasagportal.hu\/index.php\/wp-json\/wp\/v2\/media?parent=101411"}],"wp:term":[{"taxonomy":"category","embeddable":true,"href":"https:\/\/gazdasagportal.hu\/index.php\/wp-json\/wp\/v2\/categories?post=101411"},{"taxonomy":"post_tag","embeddable":true,"href":"https:\/\/gazdasagportal.hu\/index.php\/wp-json\/wp\/v2\/tags?post=101411"}],"curies":[{"name":"wp","href":"https:\/\/api.w.org\/{rel}","templated":true}]}}