{"id":101409,"date":"2017-12-22T13:12:32","date_gmt":"2017-12-22T12:12:32","guid":{"rendered":"http:\/\/gazdasagportal.hu\/?p=101409"},"modified":"2017-12-22T13:12:32","modified_gmt":"2017-12-22T12:12:32","slug":"az-allam-ertekesitette-tulajdonreszet-a-granit-bankban","status":"publish","type":"post","link":"https:\/\/gazdasagportal.hu\/index.php\/az-allam-ertekesitette-tulajdonreszet-a-granit-bankban\/","title":{"rendered":"Az \u00e1llam \u00e9rt\u00e9kes\u00edtette tulajdonr\u00e9sz\u00e9t a Gr\u00e1nit Bankban"},"content":{"rendered":"<p><strong>Az \u00e1llam \u00e9rt\u00e9kes\u00edtette a teljes tulajdonr\u00e9sz\u00e9t a Gr\u00e1nit Bank Zrt.-ben, az err\u0151l sz\u00f3l\u00f3 meg\u00e1llapod\u00e1st p\u00e9nteken \u00edrt\u00e1k al\u00e1 a bank eln\u00f6k-vez\u00e9rigazgat\u00f3j\u00e1val, Heged\u0171s \u00c9v\u00e1val, aki a nyertes p\u00e1ly\u00e1z\u00f3 c\u00e9g tulajdonosa &#8211; jelentette be Varga Mih\u00e1ly nemzetgazdas\u00e1gi miniszter sajt\u00f3t\u00e1j\u00e9koztat\u00f3n p\u00e9nteken Budapesten.<\/strong><!--more--><\/p>\n<div class=\"ads-in-post1\"><div id=\"gazdasagportal.hu_fullbanner_wideboard\"><\/div>\r\n<\/div>\n<p>    A bank teljes, 36,5 sz\u00e1zal\u00e9kos \u00e1llami r\u00e9szv\u00e9nycsomagj\u00e1nak \u00e9rt\u00e9kes\u00edt\u00e9s\u00e9re j\u00faliusban \u00edrtak ki ny\u00edlt tendert , az elj\u00e1r\u00e1s nyilv\u00e1nos, k\u00e9tfordul\u00f3s p\u00e1ly\u00e1zat volt, azon minden \u00e1tl\u00e1that\u00f3nak min\u0151s\u00fcl\u0151 k\u00fclf\u00f6ldi \u00e9s belf\u00f6ldi szervezet indulhatott.<br \/>\n    Az els\u0151 k\u00f6rben t\u00f6bb indikat\u00edv aj\u00e1nlat is \u00e9rkezett a ny\u00edlt felh\u00edv\u00e1sra, ezekb\u0151l egy p\u00e1ly\u00e1z\u00f3 ny\u00fajtott be k\u00f6telez\u0151 \u00e9rv\u00e9ny\u0171 aj\u00e1nlatot. A r\u00e9szv\u00e9nycsomag nyertese az E.P.M. Kft. lett, az aj\u00e1nlott \u00e1r 4,5 milli\u00e1rd forint volt. Az E.P.M. Kft. a bank indul\u00e1s\u00e1t\u00f3l kezdve r\u00e9sztulajdonosa a hitelint\u00e9zetnek 9 tov\u00e1bbi r\u00e9szv\u00e9nyes mellett, a c\u00e9g egyed\u00fcli tulajdonosa Heged\u00fcs \u00c9va, aki egyben a Gr\u00e1nit Bank eln\u00f6k-vez\u00e9rigazgat\u00f3ja. A p\u00e1ly\u00e1zat \u00e9rt\u00e9kel\u00e9s\u00e9t a r\u00e9szv\u00e9nyek felett tulajdonosi jogokat gyakorl\u00f3 Nemzetgazdas\u00e1gi Miniszt\u00e9rium v\u00e9gezte.<br \/>\n    Varga Mih\u00e1ly \u00f6sszegezte: az \u00e1llam 4,3 milli\u00e1rd forintot fektetett a 2010-ben alakult Gr\u00e1nit Bankba, 2013 m\u00e1jusban t\u0151keemel\u00e9ssel 2,6 milli\u00e1rd forint \u00f6sszeg\u0171 befektet\u00e9ssel szerzett kisebbs\u00e9gi r\u00e9szesed\u00e9st, ezt k\u00f6vet\u0151en 2015 december v\u00e9g\u00e9n 1,7 milli\u00e1rd forintos t\u0151keemel\u00e9st hajtott v\u00e9gre. Az E.P.M. Kft \u00e1ltal aj\u00e1nlott \u00e1r 4,5 milli\u00e1rd forint, \u00edgy k\u00f6zvetlen p\u00e9nz\u00fcgyi nyeres\u00e9ggel sz\u00e1lltak ki a befektet\u00e9sb\u0151l, az \u00e1llam teh\u00e1t a befektetett \u00f6sszegen fel\u00fcl hozamot is realiz\u00e1lt.<br \/>\n<div class=\"ads-in-post2\"><script async src=\"https:\/\/pagead2.googlesyndication.com\/pagead\/js\/adsbygoogle.js\"><\/script>\r\n<ins class=\"adsbygoogle\"\r\n     style=\"display:block\"\r\n     data-ad-format=\"fluid\"\r\n     data-ad-layout-key=\"-6t+ed+2i-1n-4w\"\r\n     data-ad-client=\"ca-pub-1959107119989764\"\r\n     data-ad-slot=\"4008251320\"><\/ins>\r\n<script>\r\n     (adsbygoogle = window.adsbygoogle || []).push({});\r\n<\/script><\/div>\n    A r\u00e9szv\u00e9nycsomag ad\u00e1sv\u00e9tel\u00e9t a Gr\u00e1nit Bank t\u00f6bbi tulajdonosa elfogadta, \u00e9s a bank igazgat\u00f3s\u00e1ga is. A tranzakci\u00f3t a Magyar Nemzeti Banknak is enged\u00e9lyeznie kell, a d\u00f6nt\u00e9s 60 munkanapon bel\u00fcl v\u00e1rhat\u00f3 &#8211; ismertette.<br \/>\n    A t\u00e1rcavezet\u0151 jelezte: a Budapest Bank \u00e9rt\u00e9kes\u00edt\u00e9s\u00e9nek el\u0151k\u00e9sz\u00edt\u00e9se jelenleg is tart, h\u00e1tt\u00e9rsz\u00e1m\u00edt\u00e1sokat v\u00e9geznek, pontos id\u0151pontot az \u00e9rt\u00e9kes\u00edt\u00e9sre nem tudott mondani, de 2018-ban mindenk\u00e9ppen sor ker\u00fcl r\u00e1.<br \/>\n    Varga Mih\u00e1ly eml\u00e9keztetett: a korm\u00e1ny strat\u00e9giai c\u00e9lja, hogy a bankszektor d\u00f6nt\u0151en hazai k\u00e9zben legyen, Magyarorsz\u00e1gon d\u00f6ntsenek a bankok ir\u00e1ny\u00edt\u00e1s\u00e1r\u00f3l. A 2015-\u00f6s EBRD-meg\u00e1llapod\u00e1s \u00e9rtelm\u00e9ben pedig kifejezt\u00e9k, hogy az \u00e1llam nem k\u00edv\u00e1n tart\u00f3s tulajdonr\u00e9szt v\u00e1llalni a kereskedelmi bankrendszeren bel\u00fcl egyetlen bankban sem &#8211; h\u00fazta al\u00e1.<br \/>\n(MTI)<\/p>\n","protected":false},"excerpt":{"rendered":"<p>Az \u00e1llam \u00e9rt\u00e9kes\u00edtette a teljes tulajdonr\u00e9sz\u00e9t a Gr\u00e1nit Bank Zrt.-ben, az err\u0151l sz\u00f3l\u00f3 meg\u00e1llapod\u00e1st p\u00e9nteken \u00edrt\u00e1k al\u00e1 a bank eln\u00f6k-vez\u00e9rigazgat\u00f3j\u00e1val, Heged\u0171s \u00c9v\u00e1val, aki a nyertes p\u00e1ly\u00e1z\u00f3 c\u00e9g tulajdonosa &#8211; jelentette be Varga Mih\u00e1ly nemzetgazdas\u00e1gi miniszter sajt\u00f3t\u00e1j\u00e9koztat\u00f3n p\u00e9nteken Budapesten.<\/p>\n","protected":false},"author":1,"featured_media":0,"comment_status":"closed","ping_status":"open","sticky":false,"template":"","format":"standard","meta":[],"categories":[19],"tags":[],"_links":{"self":[{"href":"https:\/\/gazdasagportal.hu\/index.php\/wp-json\/wp\/v2\/posts\/101409"}],"collection":[{"href":"https:\/\/gazdasagportal.hu\/index.php\/wp-json\/wp\/v2\/posts"}],"about":[{"href":"https:\/\/gazdasagportal.hu\/index.php\/wp-json\/wp\/v2\/types\/post"}],"author":[{"embeddable":true,"href":"https:\/\/gazdasagportal.hu\/index.php\/wp-json\/wp\/v2\/users\/1"}],"replies":[{"embeddable":true,"href":"https:\/\/gazdasagportal.hu\/index.php\/wp-json\/wp\/v2\/comments?post=101409"}],"version-history":[{"count":1,"href":"https:\/\/gazdasagportal.hu\/index.php\/wp-json\/wp\/v2\/posts\/101409\/revisions"}],"predecessor-version":[{"id":101410,"href":"https:\/\/gazdasagportal.hu\/index.php\/wp-json\/wp\/v2\/posts\/101409\/revisions\/101410"}],"wp:attachment":[{"href":"https:\/\/gazdasagportal.hu\/index.php\/wp-json\/wp\/v2\/media?parent=101409"}],"wp:term":[{"taxonomy":"category","embeddable":true,"href":"https:\/\/gazdasagportal.hu\/index.php\/wp-json\/wp\/v2\/categories?post=101409"},{"taxonomy":"post_tag","embeddable":true,"href":"https:\/\/gazdasagportal.hu\/index.php\/wp-json\/wp\/v2\/tags?post=101409"}],"curies":[{"name":"wp","href":"https:\/\/api.w.org\/{rel}","templated":true}]}}