{"id":101403,"date":"2017-12-22T11:17:26","date_gmt":"2017-12-22T10:17:26","guid":{"rendered":"http:\/\/gazdasagportal.hu\/?p=101403"},"modified":"2017-12-22T11:17:26","modified_gmt":"2017-12-22T10:17:26","slug":"akk-jovore-20-szazalek-ala-eshet-a-deviza-aranya-az-allamadossagban","status":"publish","type":"post","link":"https:\/\/gazdasagportal.hu\/index.php\/akk-jovore-20-szazalek-ala-eshet-a-deviza-aranya-az-allamadossagban\/","title":{"rendered":"\u00c1KK: j\u00f6v\u0151re 20 sz\u00e1zal\u00e9k al\u00e1 eshet a deviza ar\u00e1nya az \u00e1llamad\u00f3ss\u00e1gban"},"content":{"rendered":"<p><strong>Az \u00e1llamad\u00f3ss\u00e1gon bel\u00fcli jelenleg 22 sz\u00e1zal\u00e9kos &#8211; 2010-ben m\u00e9g 50 sz\u00e1zal\u00e9k k\u00f6r\u00fcli &#8211; devizaar\u00e1ny j\u00f6v\u0151re 20 sz\u00e1zal\u00e9k al\u00e1 eshet, ezzel 4 \u00e9vtizedes rekord \u00e1llhat be &#8211; mondta Barcza Gy\u00f6rgy, az \u00c1llamad\u00f3ss\u00e1g Kezel\u0151 K\u00f6zpont vez\u00e9rigazgat\u00f3ja cs\u00fct\u00f6rt\u00f6k\u00f6n az M1 aktu\u00e1lis csatorn\u00e1n. <\/strong><!--more--><\/p>\n<div class=\"ads-in-post1\"><div id=\"gazdasagportal.hu_fullbanner_wideboard\"><\/div>\r\n<\/div>\n    Felid\u00e9zte, hogy m\u00e1r a rendszerv\u00e1lt\u00e1s el\u0151tt megkezd\u0151d\u00f6tt Magyarorsz\u00e1g elad\u00f3s\u00edt\u00e1sa deviz\u00e1ban: az akkori d\u00f6nt\u00e9shoz\u00f3k &#8211; mint mondta &#8211; sokszor a legrosszabbkor a legrosszabb deviz\u00e1kban vettek f\u00f6l k\u00f6lcs\u00f6n\u00f6ket, \u00edgy a k\u00fclf\u00f6ldi r\u00e9szesed\u00e9s a 80-as \u00e9vek v\u00e9g\u00e9re m\u00e1r el\u00e9rte a 60 sz\u00e1zal\u00e9kot az \u00e1llamad\u00f3ss\u00e1gon bel\u00fcl. A rendszerv\u00e1lt\u00e1s ut\u00e1n ez az ar\u00e1ny tov\u00e1bb emelkedett, 2009-ben 69 sz\u00e1zal\u00e9kon tet\u0151z\u00f6tt, 2017-ben viszont a belf\u00f6ldi ar\u00e1ny m\u00e1r meghaladta a 63 sz\u00e1zal\u00e9kot &#8211; tette hozz\u00e1.<br \/>\n    Az \u00c1KK vezet\u0151je szerint a k\u00fclf\u00f6ldi ar\u00e1ny m\u00e9rs\u00e9kl\u00e9s\u00e9vel a kamatkiad\u00e1sok nagyobb r\u00e9sze juthat belf\u00f6ldi hitelez\u0151kh\u00f6z &#8211; mag\u00e1nszem\u00e9lyekhez vagy int\u00e9zm\u00e9nyi befektet\u0151kh\u00f6z &#8211; \u00fajb\u00f3li befektet\u00e9seket vagy fogyaszt\u00e1st fedezve. A magasabb belf\u00f6ldi ar\u00e1ny a fennmarad\u00f3 \u00e1llamad\u00f3ss\u00e1g finansz\u00edroz\u00e1s\u00e1t is biztons\u00e1gosabb\u00e1 teszi, mivel \u00edgy kisebb m\u00e9rt\u00e9kben hat r\u00e1 a nemzetk\u00f6zi piacok hangulata \u00e9s meg\u00edt\u00e9l\u00e9se &#8211; hangs\u00falyozta.<br \/>\n<div class=\"ads-in-post2\"><script async src=\"https:\/\/pagead2.googlesyndication.com\/pagead\/js\/adsbygoogle.js\"><\/script>\r\n<ins class=\"adsbygoogle\"\r\n     style=\"display:block\"\r\n     data-ad-format=\"fluid\"\r\n     data-ad-layout-key=\"-6t+ed+2i-1n-4w\"\r\n     data-ad-client=\"ca-pub-1959107119989764\"\r\n     data-ad-slot=\"4008251320\"><\/ins>\r\n<script>\r\n     (adsbygoogle = window.adsbygoogle || []).push({});\r\n<\/script><\/div>\n    Barcza Gy\u00f6rgy szerint a 2010-ben m\u00e9g 82 sz\u00e1zal\u00e9kon \u00e1ll\u00f3 GDP-ar\u00e1nyos \u00e1llamad\u00f3ss\u00e1g m\u00e9g az id\u00e9n 73 sz\u00e1zal\u00e9k al\u00e1 m\u00e9rs\u00e9kl\u0151dhet \u00e9s 2018-ban is a tov\u00e1bbi cs\u00f6kkent\u00e9s lesz a c\u00e9l.<br \/>\n    Elmondta azt is, hogy az \u00e1llamad\u00f3ss\u00e1g kamatkiad\u00e1sai 2009-ben m\u00e9g a magyar \u00f6sszterm\u00e9k t\u00f6bb mint 4 sz\u00e1zal\u00e9k\u00e1t tett\u00e9k ki, j\u00f6v\u0151re viszont v\u00e1rhat\u00f3an 2 sz\u00e1zal\u00e9k al\u00e1 esik ez az ar\u00e1ny. Hozz\u00e1tette: mind a monet\u00e1ris politik\u00e1t\u00f3l f\u00fcgg\u0151 r\u00f6vid lej\u00e1rat\u00fa kamatok, mind a k\u00f6lts\u00e9gvet\u00e9si politik\u00e1t\u00f3l, a gazdas\u00e1gpolitika hiteless\u00e9g\u00e9t\u0151l f\u00fcgg\u0151 hossz\u00fa lej\u00e1rat\u00fa kamatok m\u00e9rs\u00e9kl\u0151dtek, \u00edgy a magyarorsz\u00e1gi hozamok majdnem Csehorsz\u00e1g\u00e9val \u00e1llnak azonos szinten, j\u00f3val alacsonyabban a lengyel vagy a rom\u00e1n kamatszintn\u00e9l.<br \/>\n(MTI)<\/p>\n","protected":false},"excerpt":{"rendered":"<p>Az \u00e1llamad\u00f3ss\u00e1gon bel\u00fcli jelenleg 22 sz\u00e1zal\u00e9kos &#8211; 2010-ben m\u00e9g 50 sz\u00e1zal\u00e9k k\u00f6r\u00fcli &#8211; devizaar\u00e1ny j\u00f6v\u0151re 20 sz\u00e1zal\u00e9k al\u00e1 eshet, ezzel 4 \u00e9vtizedes rekord \u00e1llhat be &#8211; mondta Barcza Gy\u00f6rgy, az \u00c1llamad\u00f3ss\u00e1g Kezel\u0151 K\u00f6zpont vez\u00e9rigazgat\u00f3ja cs\u00fct\u00f6rt\u00f6k\u00f6n az M1 aktu\u00e1lis csatorn\u00e1n.<\/p>\n","protected":false},"author":1,"featured_media":0,"comment_status":"closed","ping_status":"open","sticky":false,"template":"","format":"standard","meta":[],"categories":[19],"tags":[],"_links":{"self":[{"href":"https:\/\/gazdasagportal.hu\/index.php\/wp-json\/wp\/v2\/posts\/101403"}],"collection":[{"href":"https:\/\/gazdasagportal.hu\/index.php\/wp-json\/wp\/v2\/posts"}],"about":[{"href":"https:\/\/gazdasagportal.hu\/index.php\/wp-json\/wp\/v2\/types\/post"}],"author":[{"embeddable":true,"href":"https:\/\/gazdasagportal.hu\/index.php\/wp-json\/wp\/v2\/users\/1"}],"replies":[{"embeddable":true,"href":"https:\/\/gazdasagportal.hu\/index.php\/wp-json\/wp\/v2\/comments?post=101403"}],"version-history":[{"count":1,"href":"https:\/\/gazdasagportal.hu\/index.php\/wp-json\/wp\/v2\/posts\/101403\/revisions"}],"predecessor-version":[{"id":101404,"href":"https:\/\/gazdasagportal.hu\/index.php\/wp-json\/wp\/v2\/posts\/101403\/revisions\/101404"}],"wp:attachment":[{"href":"https:\/\/gazdasagportal.hu\/index.php\/wp-json\/wp\/v2\/media?parent=101403"}],"wp:term":[{"taxonomy":"category","embeddable":true,"href":"https:\/\/gazdasagportal.hu\/index.php\/wp-json\/wp\/v2\/categories?post=101403"},{"taxonomy":"post_tag","embeddable":true,"href":"https:\/\/gazdasagportal.hu\/index.php\/wp-json\/wp\/v2\/tags?post=101403"}],"curies":[{"name":"wp","href":"https:\/\/api.w.org\/{rel}","templated":true}]}}