{"id":101379,"date":"2017-12-21T12:35:11","date_gmt":"2017-12-21T11:35:11","guid":{"rendered":"http:\/\/gazdasagportal.hu\/?p=101379"},"modified":"2017-12-21T11:36:04","modified_gmt":"2017-12-21T10:36:04","slug":"szakerto-kizart-hogy-eszak-korea-terrorakciokra-keszulne","status":"publish","type":"post","link":"https:\/\/gazdasagportal.hu\/index.php\/szakerto-kizart-hogy-eszak-korea-terrorakciokra-keszulne\/","title":{"rendered":"Szak\u00e9rt\u0151: kiz\u00e1rt, hogy \u00c9szak-Korea terrorakci\u00f3kra k\u00e9sz\u00fclne"},"content":{"rendered":"<p><strong>Csoma M\u00f3zes Korea-szak\u00e9rt\u0151 kiz\u00e1rtnak tartja, hogy \u00c9szak-Korea a pjongcsangi t\u00e9li olimpia idej\u00e9n terrorista akci\u00f3kat hajtana v\u00e9gre.<\/strong><!--more--><\/p>\n<div class=\"ads-in-post2\"><script async src=\"https:\/\/pagead2.googlesyndication.com\/pagead\/js\/adsbygoogle.js\"><\/script>\r\n<ins class=\"adsbygoogle\"\r\n     style=\"display:block\"\r\n     data-ad-format=\"fluid\"\r\n     data-ad-layout-key=\"-6t+ed+2i-1n-4w\"\r\n     data-ad-client=\"ca-pub-1959107119989764\"\r\n     data-ad-slot=\"4008251320\"><\/ins>\r\n<script>\r\n     (adsbygoogle = window.adsbygoogle || []).push({});\r\n<\/script><\/div>\n<p>    A szak\u00e9rt\u0151 az M1 aktu\u00e1lis csatorna cs\u00fct\u00f6rt\u00f6k d\u00e9lel\u0151tti m\u0171sor\u00e1ban azt mondta, sok rosszat el lehet mondani az orsz\u00e1gr\u00f3l, de azt nem, hogy iszlamista terrorakci\u00f3khoz hasonl\u00f3 cselekm\u00e9nyekre k\u00e9sz\u00fclne. Az azonban &#8222;benne van a pakliban&#8221;, hogy er\u0151demonstr\u00e1ci\u00f3t hajt v\u00e9gre.<br \/>\n    Elmondta ugyanakkor, hogy indokolt \u00e9s \u00e9sszer\u0171 a d\u00e9l-koreai \u00e9s amerikai hadgyakorlatok sz\u00fcneteltet\u00e9se az olimpia miatt, mert mindenkinek az az \u00e9rdeke, hogy a rendezv\u00e9nyt nyugodt k\u00f6r\u00fclm\u00e9nyek k\u00f6z\u00f6tt tarts\u00e1k.(MTI)<br \/>\n<div class=\"ads-in-post1\"><div id=\"gazdasagportal.hu_fullbanner_wideboard\"><\/div>\r\n<\/div>\n","protected":false},"excerpt":{"rendered":"<p>Csoma M\u00f3zes Korea-szak\u00e9rt\u0151 kiz\u00e1rtnak tartja, hogy \u00c9szak-Korea a pjongcsangi t\u00e9li olimpia idej\u00e9n terrorista akci\u00f3kat hajtana v\u00e9gre.<\/p>\n","protected":false},"author":1,"featured_media":0,"comment_status":"closed","ping_status":"open","sticky":false,"template":"","format":"standard","meta":[],"categories":[13,14],"tags":[],"_links":{"self":[{"href":"https:\/\/gazdasagportal.hu\/index.php\/wp-json\/wp\/v2\/posts\/101379"}],"collection":[{"href":"https:\/\/gazdasagportal.hu\/index.php\/wp-json\/wp\/v2\/posts"}],"about":[{"href":"https:\/\/gazdasagportal.hu\/index.php\/wp-json\/wp\/v2\/types\/post"}],"author":[{"embeddable":true,"href":"https:\/\/gazdasagportal.hu\/index.php\/wp-json\/wp\/v2\/users\/1"}],"replies":[{"embeddable":true,"href":"https:\/\/gazdasagportal.hu\/index.php\/wp-json\/wp\/v2\/comments?post=101379"}],"version-history":[{"count":1,"href":"https:\/\/gazdasagportal.hu\/index.php\/wp-json\/wp\/v2\/posts\/101379\/revisions"}],"predecessor-version":[{"id":101380,"href":"https:\/\/gazdasagportal.hu\/index.php\/wp-json\/wp\/v2\/posts\/101379\/revisions\/101380"}],"wp:attachment":[{"href":"https:\/\/gazdasagportal.hu\/index.php\/wp-json\/wp\/v2\/media?parent=101379"}],"wp:term":[{"taxonomy":"category","embeddable":true,"href":"https:\/\/gazdasagportal.hu\/index.php\/wp-json\/wp\/v2\/categories?post=101379"},{"taxonomy":"post_tag","embeddable":true,"href":"https:\/\/gazdasagportal.hu\/index.php\/wp-json\/wp\/v2\/tags?post=101379"}],"curies":[{"name":"wp","href":"https:\/\/api.w.org\/{rel}","templated":true}]}}