{"id":101375,"date":"2017-12-21T11:25:12","date_gmt":"2017-12-21T10:25:12","guid":{"rendered":"http:\/\/gazdasagportal.hu\/?p=101375"},"modified":"2017-12-21T11:26:13","modified_gmt":"2017-12-21T10:26:13","slug":"elindult-az-utolso-roham-a-karacsonyi-ajandekokert","status":"publish","type":"post","link":"https:\/\/gazdasagportal.hu\/index.php\/elindult-az-utolso-roham-a-karacsonyi-ajandekokert\/","title":{"rendered":"Elindult az utols\u00f3 roham a kar\u00e1csonyi aj\u00e1nd\u00e9kok\u00e9rt"},"content":{"rendered":"<p><strong>Elindult az utols\u00f3 roham a kar\u00e1csonyi aj\u00e1nd\u00e9kok\u00e9rt. A bev\u00e1s\u00e1rl\u00f3k\u00f6zpontokban hatalmas a t\u00f6meg, a web\u00e1ruh\u00e1zak pedig megn\u00f6vekedett forgalomr\u00f3l sz\u00e1molnak be. A Similarweb elm\u00falt hat h\u00f3napos l\u00e1togat\u00f3i statisztik\u00e1i alapj\u00e1n az eMAG sz\u00e1m\u00edt az els\u0151sz\u00e1m\u00fa hazai web\u00e1ruh\u00e1znak t\u00f6bb l\u00e1togat\u00e1ssal, mint a c\u00e9get k\u00f6vet\u0151 k\u00e9t versenyt\u00e1rs adatai \u00f6sszes\u00edtve. Az eMAG az idei szezonra bevezette az aznapi kisz\u00e1ll\u00edt\u00e1st, melynek keret\u00e9ben azok a v\u00e1s\u00e1rl\u00f3k, akik valamelyik munkanapon legk\u00e9s\u0151bb d\u00e9lig leadj\u00e1k a rendel\u00e9s\u00fcket, bizonyos term\u00e9kcsoportok eset\u00e9ben m\u00e9g aznap d\u00e9lut\u00e1n hozz\u00e1juthatnak a kiszemelt term\u00e9kekhez.<\/strong><!--more--><\/p>\n<div class=\"ads-in-post1\"><div id=\"gazdasagportal.hu_fullbanner_wideboard\"><\/div>\r\n<\/div>\n<p>A hatalmas \u00e9rdekl\u0151d\u00e9st j\u00f3l mutatja, hogy az eMAG \u00fcgyf\u00e9lszolg\u00e1lat\u00e1ra napi szinten 6-7000 megkeres\u00e9s fut be, e-mailen pedig 1500-2000 lev\u00e9l \u00e9rkezik. A v\u00e1llalat a tavalyi \u00e9vhez k\u00e9pest sz\u00e1z\u00f6tven sz\u00e1zal\u00e9kos \u00fcgyf\u00e9lszolg\u00e1lati l\u00e9tsz\u00e1mmal igyekszik tartani a l\u00e9p\u00e9st a fogyaszt\u00f3kkal, akik t\u00f6bbs\u00e9ge a garancialevelet, vagy a sz\u00e1ml\u00e1t keresi a csomagban. Az eMAG indul\u00e1sa \u00f3ta ezeket elektronikusan bocs\u00e1tja rendelkez\u00e9sre, \u00edgy az \u00fcgyf\u00e9lszolg\u00e1lati vezet\u0151k azt k\u00e9rik, ilyen esetben a vev\u0151k a felhaszn\u00e1l\u00f3i fi\u00f3kjukb\u00f3l t\u00f6lts\u00e9k le a sz\u00fcks\u00e9ges iratokat, azokat ne a csomagban keress\u00e9k.<\/p>\n<p>M\u00edg november v\u00e9g\u00e9n a top 10 keres\u0151sz\u00f3ban a j\u00e1t\u00e9kok, a LEGO, a laptop, a k\u00e1v\u00e9f\u0151z\u0151 \u00e9s a porsz\u00edv\u00f3 foglalt\u00e1k el az els\u0151 helyeket, mostanra az okos\u00f3ra \u00e9s a tablet leszor\u00edtotta a takar\u00edt\u00f3eszk\u00f6zt \u00e9s a k\u00e1v\u00e9f\u0151z\u0151t. A leggyakoribb keres\u0151szavak t\u00edzes list\u00e1j\u00e1ba a leg\u00fajabb adatok alapj\u00e1n felker\u00fclt a m\u0171feny\u0151 \u00e9s a t\u00e1rsasj\u00e1t\u00e9k is, ez jelzi a kar\u00e1csony k\u00f6zeledt\u00e9t.<\/p><div id=\"gazda-3777046144\" class=\"gazda-tartalomban gazda-entity-placement\"><script async src=\"https:\/\/pagead2.googlesyndication.com\/pagead\/js\/adsbygoogle.js\"><\/script>\r\n<ins class=\"adsbygoogle\"\r\n     style=\"display:block\"\r\n     data-ad-format=\"fluid\"\r\n     data-ad-layout-key=\"-6t+ed+2i-1n-4w\"\r\n     data-ad-client=\"ca-pub-1959107119989764\"\r\n     data-ad-slot=\"4008251320\"><\/ins>\r\n<script>\r\n     (adsbygoogle = window.adsbygoogle || []).push({});\r\n<\/script><\/div>\n<p>Az elad\u00e1si toplista cs\u00facs\u00e1n az Alcatel Pixi 4 okostelefon \u00e9s a Mappy Toys fejleszt\u0151 j\u00e1t\u00e9kai, illetve az Oral-B gyerekeknek sz\u00e1nt elektromos fogkef\u00e9i szerepelnek, de \u00e1ltal\u00e1noss\u00e1gban elmondhat\u00f3, hogy a folyamatosan n\u00e9pszer\u0171 pelenkacsomagok mellett a kozmetikai term\u00e9kek is egyre nagyobb n\u00e9pszer\u0171s\u00e9gnek \u00f6rvendenek az eMAG-on decemberben. A v\u00e1s\u00e1rl\u00f3k el\u0151szeretettel v\u00e1s\u00e1rolnak kiterjesztett garanci\u00e1t a megrendelt term\u00e9kek mell\u00e9, fej-fej mellett halad az 1, illetve a 2 \u00e9ves garanciab\u0151v\u00edt\u00e9s.<\/p>\n<div class=\"ads-in-post2\"><script async src=\"https:\/\/pagead2.googlesyndication.com\/pagead\/js\/adsbygoogle.js\"><\/script>\r\n<ins class=\"adsbygoogle\"\r\n     style=\"display:block\"\r\n     data-ad-format=\"fluid\"\r\n     data-ad-layout-key=\"-6t+ed+2i-1n-4w\"\r\n     data-ad-client=\"ca-pub-1959107119989764\"\r\n     data-ad-slot=\"4008251320\"><\/ins>\r\n<script>\r\n     (adsbygoogle = window.adsbygoogle || []).push({});\r\n<\/script><\/div>\nM\u00e9g mindig nem k\u00e9s\u0151 beszerezni az utols\u00f3 kar\u00e1csonyi aj\u00e1nd\u00e9kokat, err\u0151l az eMAG aznapi sz\u00e1ll\u00edt\u00e1si szolg\u00e1ltat\u00e1sa, illetve a tavalyi n\u00e9gyr\u0151l \u00f6tre b\u0151v\u00edtett logisztikai partnersz\u00e1ma is gondoskodik. Az id\u00e9n kar\u00e1csony el\u0151tt m\u00e9g 23-\u00e1n, szombaton is zajlik majd a kisz\u00e1ll\u00edt\u00e1s, \u00edgy a v\u00e1llalat mindent megtesz, hogy a legk\u00e9s\u0151bb v\u00e1s\u00e1rl\u00f3k is bepakolhass\u00e1k a fa al\u00e1 meglepet\u00e9seiket.<\/p>\n<p>Ha valamilyen okb\u00f3l az aj\u00e1nd\u00e9k m\u00e9gsem v\u00e1lna be, az eMAG egyszer\u0171 \u00e9s d\u00edjmentes 30 napos visszak\u00fcld\u00e9si szolg\u00e1ltat\u00e1s\u00e1val van lehet\u0151s\u00e9g a korrig\u00e1l\u00e1sra. Fontos azonban odafigyelni arra, hogy ez kiz\u00e1r\u00f3lag az eMAG \u00e1ltal forgalmazott term\u00e9kekre vonatkozik, a Marketplace partnerek \u00e1ltal \u00e9rt\u00e9kes\u00edtett term\u00e9kek eset\u00e9ben a t\u00f6rv\u00e9ny \u00e1ltal el\u0151\u00edrt el\u00e1ll\u00e1si joggal \u00e9lhetnek a v\u00e1s\u00e1rl\u00f3k.<\/p>\n<p><strong>Az eMAG-r\u00f3l:<\/strong><\/p>\n<p>A d\u00e9l-afrikai h\u00e1tter\u0171 Naspers csoport tagjak\u00e9nt az eMAG a r\u00e9gi\u00f3 egyik legnagyobb online keresked\u0151j\u00e9nek sz\u00e1m\u00edt \u00e9s jelenleg t\u00f6bb mint 8500 m\u00e1rk\u00e1t \u00e9s t\u00f6bb mint 1\u00a0000 000 term\u00e9ket k\u00edn\u00e1l Magyarorsz\u00e1gon. A 15 \u00e9ve alap\u00edtott eMAG v\u00e1llalat meghat\u00e1roz\u00f3 szerepet t\u00f6lt be az online kereskedelemben \u00e9s Magyarorsz\u00e1gon, Bulg\u00e1ri\u00e1ban, Lengyelorsz\u00e1gban, valamint Rom\u00e1ni\u00e1ban \u00f6sszesen 3800 alkalmazottat foglalkoztat.<\/p>\n","protected":false},"excerpt":{"rendered":"<p>Elindult az utols\u00f3 roham a kar\u00e1csonyi aj\u00e1nd\u00e9kok\u00e9rt. A bev\u00e1s\u00e1rl\u00f3k\u00f6zpontokban hatalmas a t\u00f6meg, a web\u00e1ruh\u00e1zak pedig megn\u00f6vekedett forgalomr\u00f3l sz\u00e1molnak be. A Similarweb elm\u00falt hat h\u00f3napos l\u00e1togat\u00f3i statisztik\u00e1i alapj\u00e1n az eMAG sz\u00e1m\u00edt az els\u0151sz\u00e1m\u00fa hazai web\u00e1ruh\u00e1znak t\u00f6bb l\u00e1togat\u00e1ssal, mint a c\u00e9get k\u00f6vet\u0151 k\u00e9t versenyt\u00e1rs adatai \u00f6sszes\u00edtve. Az eMAG az idei szezonra bevezette az aznapi kisz\u00e1ll\u00edt\u00e1st, melynek keret\u00e9ben &#8230;<\/p>\n","protected":false},"author":1,"featured_media":51335,"comment_status":"closed","ping_status":"open","sticky":false,"template":"","format":"standard","meta":[],"categories":[146,4,19],"tags":[],"_links":{"self":[{"href":"https:\/\/gazdasagportal.hu\/index.php\/wp-json\/wp\/v2\/posts\/101375"}],"collection":[{"href":"https:\/\/gazdasagportal.hu\/index.php\/wp-json\/wp\/v2\/posts"}],"about":[{"href":"https:\/\/gazdasagportal.hu\/index.php\/wp-json\/wp\/v2\/types\/post"}],"author":[{"embeddable":true,"href":"https:\/\/gazdasagportal.hu\/index.php\/wp-json\/wp\/v2\/users\/1"}],"replies":[{"embeddable":true,"href":"https:\/\/gazdasagportal.hu\/index.php\/wp-json\/wp\/v2\/comments?post=101375"}],"version-history":[{"count":1,"href":"https:\/\/gazdasagportal.hu\/index.php\/wp-json\/wp\/v2\/posts\/101375\/revisions"}],"predecessor-version":[{"id":101376,"href":"https:\/\/gazdasagportal.hu\/index.php\/wp-json\/wp\/v2\/posts\/101375\/revisions\/101376"}],"wp:featuredmedia":[{"embeddable":true,"href":"https:\/\/gazdasagportal.hu\/index.php\/wp-json\/wp\/v2\/media\/51335"}],"wp:attachment":[{"href":"https:\/\/gazdasagportal.hu\/index.php\/wp-json\/wp\/v2\/media?parent=101375"}],"wp:term":[{"taxonomy":"category","embeddable":true,"href":"https:\/\/gazdasagportal.hu\/index.php\/wp-json\/wp\/v2\/categories?post=101375"},{"taxonomy":"post_tag","embeddable":true,"href":"https:\/\/gazdasagportal.hu\/index.php\/wp-json\/wp\/v2\/tags?post=101375"}],"curies":[{"name":"wp","href":"https:\/\/api.w.org\/{rel}","templated":true}]}}