{"id":101347,"date":"2017-12-20T16:30:39","date_gmt":"2017-12-20T15:30:39","guid":{"rendered":"http:\/\/gazdasagportal.hu\/?p=101347"},"modified":"2017-12-20T14:31:21","modified_gmt":"2017-12-20T13:31:21","slug":"tobb-szaz-taxis-tuntet-bukarestben-a-tisztessegtelennek-itelt-uber-konkurencia-ellen","status":"publish","type":"post","link":"https:\/\/gazdasagportal.hu\/index.php\/tobb-szaz-taxis-tuntet-bukarestben-a-tisztessegtelennek-itelt-uber-konkurencia-ellen\/","title":{"rendered":"T\u00f6bb sz\u00e1z taxis t\u00fcntet Bukarestben a tisztess\u00e9gtelennek \u00edt\u00e9lt Uber-konkurencia ellen"},"content":{"rendered":"<p><strong>T\u00f6bb sz\u00e1z taxis \u00e9s buszsof\u0151r sorakoztatta fel j\u00e1rm\u0171v\u00e9t szerd\u00e1n a rom\u00e1n korm\u00e1ny \u00e9p\u00fclete el\u0151tt az Uber internetes fuvarmegoszt\u00f3 c\u00e9g \u00e9s m\u00e1s hasonl\u00f3 v\u00e1llalkoz\u00e1sok tisztess\u00e9gtelennek tartott konkurenci\u00e1ja ellen tiltakozva.<\/strong><!--more--><\/p>\n<div class=\"ads-in-post1\"><div id=\"gazdasagportal.hu_fullbanner_wideboard\"><\/div>\r\n<\/div>\n<p>    A k\u00f6z\u00fati szem\u00e9lysz\u00e1ll\u00edt\u00e1si v\u00e1llalkoz\u00e1sokat t\u00f6m\u00f6r\u00edt\u0151 COTAR konf\u00f6der\u00e1ci\u00f3 \u00e1ltal szervezett megmozdul\u00e1s r\u00e9sztvev\u0151i annak a jogh\u00e9zagnak a felsz\u00e1mol\u00e1s\u00e1t k\u00f6vetelik, amely lehet\u0151v\u00e9 teszi, hogy az Uber \u00e1ltal foglalkoztatott g\u00e9pj\u00e1rm\u0171vezet\u0151k szem\u00e9lysz\u00e1ll\u00edt\u00e1si enged\u00e9ly n\u00e9lk\u00fcl is fizet\u0151 utasokat vegyenek fel.<br \/>\n    A taxisok azt kifog\u00e1solj\u00e1k, hogy m\u00edg az \u0151 m\u0171k\u00f6d\u00e9s\u00fcket sz\u00e1mos enged\u00e9ly beszerz\u00e9s\u00e9hez k\u00f6tik, \u00e9s alapfelt\u00e9tel a kiz\u00e1r\u00f3lag szem\u00e9lysz\u00e1ll\u00edt\u00e1sra haszn\u00e1lt g\u00e9pkocsi, az Ubern\u00e9l b\u00e1rki szem\u00e9lysz\u00e1ll\u00edt\u00e1sra haszn\u00e1lhatja aut\u00f3j\u00e1t. Az internetes alkalmaz\u00e1s azt teszi lehet\u0151v\u00e9, hogy az Uber fuvarmegoszt\u00f3 szolg\u00e1ltat\u00e1st haszn\u00e1l\u00f3 aut\u00f3sok \u00e9s utasok egym\u00e1sra tal\u00e1ljanak.<br \/>\n    Gabriela Firea bukaresti f\u0151polg\u00e1rmester javaslat\u00e1ra a rom\u00e1n f\u0151v\u00e1ros k\u00f6zgy\u0171l\u00e9se megszigor\u00edtotta a taxis enged\u00e9lyek kibocs\u00e1t\u00e1s\u00e1nak felt\u00e9teleit, a hat\u00e1rozat \u00e9rtelm\u00e9ben pedig ezent\u00fal \u00f6tezer lejig (330 ezer forint) terjed\u0151 b\u00edrs\u00e1ggal b\u00fcntetik az enged\u00e9ly n\u00e9lk\u00fcli taxis tev\u00e9kenys\u00e9get. A rom\u00e1n sajt\u00f3 szerint a f\u0151polg\u00e1rmester javaslata els\u0151sorban az Uber ellen ir\u00e1nyul.<br \/>\n<div class=\"ads-in-post2\"><script async src=\"https:\/\/pagead2.googlesyndication.com\/pagead\/js\/adsbygoogle.js\"><\/script>\r\n<ins class=\"adsbygoogle\"\r\n     style=\"display:block\"\r\n     data-ad-format=\"fluid\"\r\n     data-ad-layout-key=\"-6t+ed+2i-1n-4w\"\r\n     data-ad-client=\"ca-pub-1959107119989764\"\r\n     data-ad-slot=\"4008251320\"><\/ins>\r\n<script>\r\n     (adsbygoogle = window.adsbygoogle || []).push({});\r\n<\/script><\/div>\n    Rom\u00e1ni\u00e1ban 2015 febru\u00e1rj\u00e1ban, el\u0151sz\u00f6r Bukarestben kezdte meg m\u0171k\u00f6d\u00e9s\u00e9t az amerikai sz\u00e9khely\u0171 Uber, amely Eur\u00f3p\u00e1ban is terjeszkedni pr\u00f3b\u00e1lt. Ma m\u00e1r t\u00f6bb rom\u00e1niai nagyv\u00e1rosban &#8211; k\u00f6zt\u00fck Brass\u00f3ban, Temesv\u00e1ron \u00e9s Kolozsv\u00e1ron &#8211; is el\u00e9rhet\u0151 a szolg\u00e1ltat\u00e1s. A c\u00e9g adatai szerint egy \u00e9ve m\u00e9g csak hetvenezer felhaszn\u00e1l\u00f3juk volt, m\u00e1ra m\u00e1r 450 ezren t\u00f6lt\u00f6tt\u00e9k le Rom\u00e1ni\u00e1ban az Uber fuvarmegoszt\u00f3 alkalmaz\u00e1s\u00e1t.<br \/>\n    Alexandra Corolea, az Uber Rom\u00e1nia k\u00e9pvisel\u0151je szerdai sajt\u00f3\u00e9rtekezlet\u00e9n azt \u00e1ll\u00edtotta, hogy az internetes fuvarmegoszt\u00f3 c\u00e9g is szab\u00e1lyoz\u00e1sp\u00e1rti, ugyanakkor c\u00e1folta az ad\u00f3elker\u00fcl\u00e9s v\u00e1dj\u00e1t, arra hivatkozva, hogy a c\u00e9ggel szerz\u0151d\u00e9sben \u00e1ll\u00f3 g\u00e9pkocsivezet\u0151k ezrei mag\u00e1nv\u00e1llalkoz\u00f3kk\u00e9nt ad\u00f3znak az Uber-alkalmaz\u00e1s r\u00e9v\u00e9n szerzett j\u00f6vedelm\u00fck ut\u00e1n.(MTI)<\/p>\n","protected":false},"excerpt":{"rendered":"<p>T\u00f6bb sz\u00e1z taxis \u00e9s buszsof\u0151r sorakoztatta fel j\u00e1rm\u0171v\u00e9t szerd\u00e1n a rom\u00e1n korm\u00e1ny \u00e9p\u00fclete el\u0151tt az Uber internetes fuvarmegoszt\u00f3 c\u00e9g \u00e9s m\u00e1s hasonl\u00f3 v\u00e1llalkoz\u00e1sok tisztess\u00e9gtelennek tartott konkurenci\u00e1ja ellen tiltakozva.<\/p>\n","protected":false},"author":1,"featured_media":0,"comment_status":"closed","ping_status":"open","sticky":false,"template":"","format":"standard","meta":[],"categories":[12],"tags":[],"_links":{"self":[{"href":"https:\/\/gazdasagportal.hu\/index.php\/wp-json\/wp\/v2\/posts\/101347"}],"collection":[{"href":"https:\/\/gazdasagportal.hu\/index.php\/wp-json\/wp\/v2\/posts"}],"about":[{"href":"https:\/\/gazdasagportal.hu\/index.php\/wp-json\/wp\/v2\/types\/post"}],"author":[{"embeddable":true,"href":"https:\/\/gazdasagportal.hu\/index.php\/wp-json\/wp\/v2\/users\/1"}],"replies":[{"embeddable":true,"href":"https:\/\/gazdasagportal.hu\/index.php\/wp-json\/wp\/v2\/comments?post=101347"}],"version-history":[{"count":1,"href":"https:\/\/gazdasagportal.hu\/index.php\/wp-json\/wp\/v2\/posts\/101347\/revisions"}],"predecessor-version":[{"id":101348,"href":"https:\/\/gazdasagportal.hu\/index.php\/wp-json\/wp\/v2\/posts\/101347\/revisions\/101348"}],"wp:attachment":[{"href":"https:\/\/gazdasagportal.hu\/index.php\/wp-json\/wp\/v2\/media?parent=101347"}],"wp:term":[{"taxonomy":"category","embeddable":true,"href":"https:\/\/gazdasagportal.hu\/index.php\/wp-json\/wp\/v2\/categories?post=101347"},{"taxonomy":"post_tag","embeddable":true,"href":"https:\/\/gazdasagportal.hu\/index.php\/wp-json\/wp\/v2\/tags?post=101347"}],"curies":[{"name":"wp","href":"https:\/\/api.w.org\/{rel}","templated":true}]}}