{"id":101343,"date":"2017-12-20T14:28:13","date_gmt":"2017-12-20T13:28:13","guid":{"rendered":"http:\/\/gazdasagportal.hu\/?p=101343"},"modified":"2017-12-20T14:28:13","modified_gmt":"2017-12-20T13:28:13","slug":"ket-airbust-vesz-a-magyar-honvedseg","status":"publish","type":"post","link":"https:\/\/gazdasagportal.hu\/index.php\/ket-airbust-vesz-a-magyar-honvedseg\/","title":{"rendered":"K\u00e9t Airbust vesz a Magyar Honv\u00e9ds\u00e9g"},"content":{"rendered":"<p><strong> K\u00e9t A319-es Airbust v\u00e1s\u00e1rol a Magyar Honv\u00e9ds\u00e9g &#8211; jelentette be a honv\u00e9delmi miniszter szerd\u00e1n Budapesten, sajt\u00f3t\u00e1j\u00e9koztat\u00f3n. Simicsk\u00f3 Istv\u00e1n hozz\u00e1tette: a g\u00e9pek a honv\u00e9ds\u00e9g hadrendj\u00e9be ker\u00fclnek.<\/strong><!--more--><\/p>\n<div class=\"ads-in-post1\"><div id=\"gazdasagportal.hu_fullbanner_wideboard\"><\/div>\r\n<\/div>\n<p>    A honv\u00e9ds\u00e9g nem korm\u00e1nyg\u00e9peket v\u00e1s\u00e1rol &#8211; sz\u00f6gezte le a politikus, aki elmondta, hogy a rep\u00fcl\u0151k beszerz\u00e9se el\u0151tt egy munkacsoport megvizsg\u00e1lta, milyen m\u00f3don fejlesztik hadsereg\u00fck l\u00e9gi sz\u00e1ll\u00edt\u00f3 k\u00e9pess\u00e9g\u00e9t m\u00e1s orsz\u00e1gok.<br \/>\n    A k\u00e9t Airbus n\u00e9h\u00e1ny h\u00e9ten bel\u00fcl meg\u00e9rkezik. A tervek szerint tavasszal m\u00e1r ezekkel utazik az afganiszt\u00e1ni v\u00e1lt\u00e1s &#8211; mondta Simicsk\u00f3 Istv\u00e1n.<br \/>\n    A miniszter elmondta: az A319-es g\u00e9pek \u00fajonnan 70-80 milli\u00f3 eur\u00f3ba ker\u00fclnek, a k\u00e9t 8-9 \u00e9ves g\u00e9pet ennek kevesebb mint fel\u00e9\u00e9rt vett\u00e9k.<br \/>\n    Simicsk\u00f3 Istv\u00e1n kifejtette: c\u00e9ljuk a Magyar Honv\u00e9ds\u00e9g folyamatos, \u00fctemezett fejleszt\u00e9se, ennek \u00e9rdek\u00e9ben \u00e1ll\u00edtott\u00e1k \u00f6ssze a Zr\u00ednyi 2026 honv\u00e9delmi \u00e9s hader\u0151fejleszt\u00e9si programot.     Ennek els\u0151 eleme, amely a katon\u00e1k megbecs\u00fcl\u00e9s\u00e9t, egy\u00e9ni felszerel\u00e9s\u00e9nek moderniz\u00e1l\u00e1s\u00e1t \u00e9rinti, m\u00e1r megkezd\u0151d\u00f6tt. A k\u00f6vetkez\u0151 l\u00e9p\u00e9s a Magyar Honv\u00e9ds\u00e9g l\u00e9gi sz\u00e1ll\u00edt\u00e1si k\u00e9pess\u00e9g\u00e9nek kialak\u00edt\u00e1sa. Ennek sz\u00fcks\u00e9gess\u00e9g\u00e9ben az ellenz\u00e9kkel is &#8222;egyet\u00e9rt\u00e9s mutatkozik&#8221; &#8211; mondta.<br \/>\n    A miniszter kiemelte: a Magyar Honv\u00e9ds\u00e9g 14 orsz\u00e1gban l\u00e1t el misszi\u00f3s feladatot, \u00edgy a katon\u00e1k sz\u00e1ll\u00edt\u00e1s\u00e1t, kimenek\u00edt\u00e9s\u00e9t, adott esetben a magyar \u00e1llampolg\u00e1rok kiment\u00e9s\u00e9t v\u00e1ls\u00e1g\u00f6vezetb\u0151l is biztos\u00edtani kell.<br \/>\n<div class=\"ads-in-post2\"><script async src=\"https:\/\/pagead2.googlesyndication.com\/pagead\/js\/adsbygoogle.js\"><\/script>\r\n<ins class=\"adsbygoogle\"\r\n     style=\"display:block\"\r\n     data-ad-format=\"fluid\"\r\n     data-ad-layout-key=\"-6t+ed+2i-1n-4w\"\r\n     data-ad-client=\"ca-pub-1959107119989764\"\r\n     data-ad-slot=\"4008251320\"><\/ins>\r\n<script>\r\n     (adsbygoogle = window.adsbygoogle || []).push({});\r\n<\/script><\/div>\n    A rep\u00fcl\u0151g\u00e9pek beszerz\u00e9s\u00e9vel megsz\u0171nik az a &#8222;m\u00e9ltatlan \u00e9s sz\u00e9gyenteljes helyzet&#8221;, hogy Magyarorsz\u00e1g m\u00e1soknak van kiszolg\u00e1ltatva &#8211; sz\u00f6gezte le.<br \/>\n    Simicsk\u00f3 Istv\u00e1n k\u00f6z\u00f6lte: az An-26-os g\u00e9pek 40-45 \u00e9vesek, le kell v\u00e1ltani \u0151ket, ez\u00e9rt tendert \u00edrnak ki \u00faj sz\u00e1ll\u00edt\u00f3g\u00e9pek beszerz\u00e9s\u00e9re.<br \/>\n    A k\u00f6vetkez\u0151 id\u0151szakban a honv\u00e9ds\u00e9g l\u00e9gisz\u00e1ll\u00edt\u00e1si-k\u00e9pess\u00e9g\u00e9t tekintve &#8222;\u00e9rdemi v\u00e1ltoz\u00e1sok&#8221; lesznek &#8211; mondta a honv\u00e9delmi miniszter.<br \/>\n    Benk\u0151 Tibor vez\u00e9rkari f\u0151n\u00f6k felid\u00e9zte, hogy t\u00f6bbsz\u00f6r ker\u00fclt kiszolg\u00e1ltatott helyzetbe a Magyar Honv\u00e9ds\u00e9g a megfelel\u0151 l\u00e9gi kapacit\u00e1s hi\u00e1nya miatt, p\u00e9ld\u00e1ul Irakban, amikor a polg\u00e1ri l\u00e9giforgalmat letiltott\u00e1k.<br \/>\n    Id\u00e9n 55 alkalommal kellett rep\u00fcl\u0151g\u00e9pet b\u00e9relni a honv\u00e9ds\u00e9gnek. Tavaly \u00e9s id\u00e9n pedig t\u00f6bbsz\u00f6r kellett m\u0171veleti ter\u00fcletr\u0151l s\u00fcrg\u0151ss\u00e9ggel hazasz\u00e1ll\u00edtani katon\u00e1kat &#8211; tette hozz\u00e1.<br \/>\n    A vez\u00e9rkari f\u0151n\u00f6k szerint a Magyar Honv\u00e9ds\u00e9g &#8222;t\u00f6rt\u00e9nelmi pillanatokat&#8221; \u00e9l meg. K\u00f6z\u00f6lte: ami\u00f3ta &#8211; mintegy 43 \u00e9ve &#8211; katona, nem volt olyan jelleg\u0171 fejleszt\u00e9s, mint a Zr\u00ednyi 2026 program &#8222;rep\u00fcl\u0151k\u00e9pess\u00e9gi elemei&#8221;.<br \/>\n    Benk\u0151 Tibor azt mondta: a k\u00e9t Airbust kedvez\u0151 \u00e1r-\u00e9rt\u00e9k ar\u00e1nyban siker\u00fclt beszerezni.<br \/>\n    A beszerz\u00e9si \u00f6sszeg nemcsak a g\u00e9peket, hanem a haj\u00f3z\u00f3 \u00e1llom\u00e1ny \u00e9s a technikai szem\u00e9lyzet kik\u00e9pz\u00e9s\u00e9t, felk\u00e9sz\u00edt\u00e9s\u00e9t \u00e9s a kecskem\u00e9ti rep\u00fcl\u0151t\u00e9r \u00fczemeltet\u00e9si felt\u00e9teleinek megteremt\u00e9s\u00e9t is fedezi &#8211; k\u00f6z\u00f6lte.<br \/>\n    A vez\u00e9rkari f\u0151n\u00f6k elmondta: az Airbusok k\u00fcl\u00f6nb\u00f6z\u0151 katonai feladatok ell\u00e1t\u00e1s\u00e1ra alkalmas csapatsz\u00e1ll\u00edt\u00f3 rep\u00fcl\u0151g\u00e9pek.     Els\u0151sorban a szem\u00e9lyi \u00e1llom\u00e1ny \u00e9s egy\u00e9ni felszerel\u00e9seik sz\u00e1ll\u00edt\u00e1s\u00e1ra szolg\u00e1lnak, de arra is alkalmasak, hogy m\u0171veleti ter\u00fcletr\u0151l, illetve katasztr\u00f3fa s\u00fajtotta helyekr\u0151l s\u00e9r\u00fclteket, betegeket mentsenek ki &#8211; mondta Benk\u0151 Tibor.<br \/>\n    Kiemelte: a strat\u00e9giai l\u00e9gisz\u00e1ll\u00edt\u00f3-k\u00e9pess\u00e9g megteremt\u00e9s\u00e9nek minden technikai, logisztikai \u00e9s szem\u00e9lyi felt\u00e9tel\u00e9t magyar b\u00e1zison teremtik meg.<br \/>\n    Ennek r\u00e9sze a magyarorsz\u00e1gi pil\u00f3tak\u00e9pz\u00e9s, amely mag\u00e1ba foglalja az alap katonai pil\u00f3t\u00e1k, a Gripen harc\u00e1szati pil\u00f3t\u00e1k \u00e9s a helikopter-vezet\u0151k k\u00e9pz\u00e9s\u00e9t is.(MTI)<\/p>\n","protected":false},"excerpt":{"rendered":"<p>K\u00e9t A319-es Airbust v\u00e1s\u00e1rol a Magyar Honv\u00e9ds\u00e9g &#8211; jelentette be a honv\u00e9delmi miniszter szerd\u00e1n Budapesten, sajt\u00f3t\u00e1j\u00e9koztat\u00f3n. Simicsk\u00f3 Istv\u00e1n hozz\u00e1tette: a g\u00e9pek a honv\u00e9ds\u00e9g hadrendj\u00e9be ker\u00fclnek.<\/p>\n","protected":false},"author":1,"featured_media":0,"comment_status":"closed","ping_status":"open","sticky":false,"template":"","format":"standard","meta":[],"categories":[4],"tags":[],"_links":{"self":[{"href":"https:\/\/gazdasagportal.hu\/index.php\/wp-json\/wp\/v2\/posts\/101343"}],"collection":[{"href":"https:\/\/gazdasagportal.hu\/index.php\/wp-json\/wp\/v2\/posts"}],"about":[{"href":"https:\/\/gazdasagportal.hu\/index.php\/wp-json\/wp\/v2\/types\/post"}],"author":[{"embeddable":true,"href":"https:\/\/gazdasagportal.hu\/index.php\/wp-json\/wp\/v2\/users\/1"}],"replies":[{"embeddable":true,"href":"https:\/\/gazdasagportal.hu\/index.php\/wp-json\/wp\/v2\/comments?post=101343"}],"version-history":[{"count":1,"href":"https:\/\/gazdasagportal.hu\/index.php\/wp-json\/wp\/v2\/posts\/101343\/revisions"}],"predecessor-version":[{"id":101344,"href":"https:\/\/gazdasagportal.hu\/index.php\/wp-json\/wp\/v2\/posts\/101343\/revisions\/101344"}],"wp:attachment":[{"href":"https:\/\/gazdasagportal.hu\/index.php\/wp-json\/wp\/v2\/media?parent=101343"}],"wp:term":[{"taxonomy":"category","embeddable":true,"href":"https:\/\/gazdasagportal.hu\/index.php\/wp-json\/wp\/v2\/categories?post=101343"},{"taxonomy":"post_tag","embeddable":true,"href":"https:\/\/gazdasagportal.hu\/index.php\/wp-json\/wp\/v2\/tags?post=101343"}],"curies":[{"name":"wp","href":"https:\/\/api.w.org\/{rel}","templated":true}]}}