{"id":101316,"date":"2017-12-19T16:59:18","date_gmt":"2017-12-19T15:59:18","guid":{"rendered":"http:\/\/gazdasagportal.hu\/?p=101316"},"modified":"2017-12-19T16:48:03","modified_gmt":"2017-12-19T15:48:03","slug":"unios-bizottsag-az-europaiak-tobbsege-szerint-az-eu-gazdasaga-jol-teljesit","status":"publish","type":"post","link":"https:\/\/gazdasagportal.hu\/index.php\/unios-bizottsag-az-europaiak-tobbsege-szerint-az-eu-gazdasaga-jol-teljesit\/","title":{"rendered":"Uni\u00f3s bizotts\u00e1g: az eur\u00f3paiak t\u00f6bbs\u00e9ge szerint az EU gazdas\u00e1ga j\u00f3l teljes\u00edt"},"content":{"rendered":"<p><strong>Az eur\u00f3paiak d\u00f6nt\u0151 t\u00f6bbs\u00e9ge \u00fagy v\u00e9li, hogy az Eur\u00f3pai Uni\u00f3 (EU) gazdas\u00e1ga j\u00f3l teljes\u00edt, az eur\u00f3\u00f6vezetben az uni\u00f3s fizet\u0151eszk\u00f6z t\u00e1mogatotts\u00e1ga 2004 \u00f3ta nem volt ilyen magas \u00e9s t\u00f6bbs\u00e9gben vannak azok, akik az uni\u00f3 j\u00f6v\u0151j\u00e9t optimist\u00e1n l\u00e1tj\u00e1k, mik\u00f6zben a bev\u00e1ndorl\u00e1s \u00e9s a terrorizmus miatt agg\u00f3dnak legink\u00e1bb &#8211; der\u00fcl ki az Eur\u00f3pai Bizotts\u00e1g kedden k\u00f6zz\u00e9tett felm\u00e9r\u00e9s\u00e9b\u0151l.<\/strong><!--more--><\/p>\n<div class=\"ads-in-post1\"><div id=\"gazdasagportal.hu_fullbanner_wideboard\"><\/div>\r\n<\/div>\n<p>    Az uni\u00f3s bizotts\u00e1gi megk\u00e9rdez\u00e9sen alapul\u00f3, 2017. \u0151szi \u00e1ltal\u00e1nos Eurobarom\u00e9ter felm\u00e9r\u00e9s szerint az eur\u00f3paiak t\u00f6bbs\u00e9ge stabilnak \u00e9s kiegyens\u00falyozottnak tekinti az EU-t a vil\u00e1gban tapasztalhat\u00f3 bizonytalans\u00e1gok k\u00f6zepette. A jelent\u00e9s azt mutatja, hogy a gazdas\u00e1gi helyzettel kapcsolatos optimizmus \u00e9s az eur\u00f3 t\u00e1mogatotts\u00e1ga is n\u00f6vekszik, az uni\u00f3s polg\u00e1rok 48 sz\u00e1zal\u00e9ka pedig j\u00f3nak \u00e9rt\u00e9keli nemzeti gazdas\u00e1ga jelenlegi \u00e1llapot\u00e1t is. E tekintetben Finnorsz\u00e1g (71 sz\u00e1zal\u00e9k, +12), Szlov\u00e9nia (46 sz\u00e1zal\u00e9k, +12), Ausztria (77 sz\u00e1zal\u00e9k, +9) \u00e9s Magyarorsz\u00e1g (50 sz\u00e1zal\u00e9k, +9) \u00e1llnak az \u00e9len. Az egyes tag\u00e1llamok k\u00f6z\u00f6tt azonban nagy k\u00fcl\u00f6nbs\u00e9gek vannak, Hollandi\u00e1ban \u00e9s N\u00e9metorsz\u00e1gban a v\u00e1laszad\u00f3k 91 sz\u00e1zal\u00e9ka j\u00f3nak l\u00e1tja a gazdas\u00e1g helyzet\u00e9t, am\u00edg G\u00f6r\u00f6gorsz\u00e1gban csak 2 sz\u00e1zal\u00e9k gondolja ugyanezt.<br \/>\n    Az eur\u00f3\u00f6vezetben a v\u00e1laszad\u00f3k h\u00e1romnegyede, 74 sz\u00e1zal\u00e9kuk t\u00e1mogatja az eur\u00f3t, ez az ar\u00e1ny Szlov\u00e1ki\u00e1ban, Belgiumban, N\u00e9metorsz\u00e1gban, Spanyolorsz\u00e1gban, \u00c9sztorsz\u00e1gban, \u00cdrorsz\u00e1gban \u00e9s Szlov\u00e9ni\u00e1ban magasabb, a megk\u00e9rdezettek legal\u00e1bb 80 sz\u00e1zal\u00e9ka t\u00e1mogatja az uni\u00f3s fizet\u0151eszk\u00f6zt.<br \/>\n<div class=\"ads-in-post2\"><script async src=\"https:\/\/pagead2.googlesyndication.com\/pagead\/js\/adsbygoogle.js\"><\/script>\r\n<ins class=\"adsbygoogle\"\r\n     style=\"display:block\"\r\n     data-ad-format=\"fluid\"\r\n     data-ad-layout-key=\"-6t+ed+2i-1n-4w\"\r\n     data-ad-client=\"ca-pub-1959107119989764\"\r\n     data-ad-slot=\"4008251320\"><\/ins>\r\n<script>\r\n     (adsbygoogle = window.adsbygoogle || []).push({});\r\n<\/script><\/div>\n    A bizotts\u00e1g szerint az eur\u00f3paiak 40 sz\u00e1zal\u00e9ka pozit\u00edvan tekint az EU-ra, 37 sz\u00e1zal\u00e9kuknak semleges a v\u00e9lem\u00e9nye, a negat\u00edv v\u00e1laszok ar\u00e1nya 21 sz\u00e1zal\u00e9k. A bizalom Litv\u00e1ni\u00e1ban (64 sz\u00e1zal\u00e9k), Bulg\u00e1ri\u00e1ban (57 sz\u00e1zal\u00e9k) \u00e9s Luxemburgban (56 sz\u00e1zal\u00e9k) a legmagasabb. 2017 tavasza \u00f3ta t\u00edz tag\u00e1llamban n\u0151tt a bizalom, k\u00f6z\u00e9j\u00fck tartozik t\u00f6bbek k\u00f6z\u00f6tt Belgium (53 sz\u00e1zal\u00e9k, +7), Szlov\u00e1kia (48 sz\u00e1zal\u00e9k, +5) \u00e9s Csehorsz\u00e1g (35 sz\u00e1zal\u00e9k, +5), a t\u00f6bbi tag\u00e1llamban azonban cs\u00f6kkent az uni\u00f3ba vetett bizalom.<br \/>\n    A jelent\u00e9sb\u0151l az der\u00fcl ki, hogy az eur\u00f3paiak t\u00f6bbs\u00e9ge, 57 sz\u00e1zal\u00e9kuk der\u0171l\u00e1t\u00f3 az Eur\u00f3pai Uni\u00f3 j\u00f6v\u0151j\u00e9t illet\u0151en. Ez al\u00f3l kiv\u00e9tel G\u00f6r\u00f6gorsz\u00e1g, ahol a pesszimista v\u00e1laszok ar\u00e1nya 60 sz\u00e1zal\u00e9k volt id\u00e9n, az Egyes\u00fclt Kir\u00e1lys\u00e1gban pedig 48 sz\u00e1zal\u00e9kban nyilatkoztak pesszimist\u00e1n. A jelent\u00e9s szerint a v\u00e1laszad\u00f3k 44 sz\u00e1zal\u00e9ka \u00fagy gondolja, hogy a szava sz\u00e1m\u00edt az uni\u00f3ban. Az adat 2004 \u0151sze \u00f3ta \u00faj rekordnak sz\u00e1m\u00edt &#8211; emelt\u00e9k ki. Mint kider\u00fclt, az eur\u00f3paiak 70 sz\u00e1zal\u00e9ka vallja mag\u00e1t uni\u00f3s polg\u00e1rnak. \u0150k az \u00e1ruk, szolg\u00e1ltat\u00e1sok, szem\u00e9lyek \u00e9s t\u0151ke EU-n bel\u00fcli szabad mozg\u00e1s\u00e1t \u00e9s a tag\u00e1llamok k\u00f6z\u00f6tti b\u00e9k\u00e9t \u00e9rt\u00e9kelik az uni\u00f3 legpozit\u00edvabb eredm\u00e9nyeinek.<br \/>\n    Az \u0151szi Eurobarom\u00e9ter szerint az uni\u00f3s polg\u00e1rok a bev\u00e1ndorl\u00e1s \u00e9s a terrorizmus miatt agg\u00f3dnak legink\u00e1bb. A bev\u00e1ndorl\u00e1st jel\u00f6lik meg legt\u00f6bben, 39 sz\u00e1zal\u00e9kuk az EU el\u0151tt \u00e1ll\u00f3 legnagyobb aktu\u00e1lis kih\u00edv\u00e1sk\u00e9nt. M\u00e1sodik helyen, 38 sz\u00e1zal\u00e9kban a terrorizmus \u00e1ll, j\u00f3csk\u00e1n megel\u0151zve a gazdas\u00e1gi helyzetet (17 sz\u00e1zal\u00e9k), a tag\u00e1llamok \u00e1llamh\u00e1ztart\u00e1s\u00e1nak \u00e1llapot\u00e1t (16 sz\u00e1zal\u00e9k) \u00e9s a munkan\u00e9lk\u00fclis\u00e9get (13 sz\u00e1zal\u00e9k). Nemzeti szinten a legnagyobb gondnak, 25 sz\u00e1zal\u00e9kban a munkan\u00e9lk\u00fclis\u00e9get \u00e9s 22 sz\u00e1zal\u00e9kban a bev\u00e1ndorl\u00e1st tekintik.<br \/>\n    Egy m\u00e1sik k\u00e9rd\u0151\u00edv, az Eur\u00f3pa j\u00f6v\u0151j\u00e9r\u0151l sz\u00f3l\u00f3 felm\u00e9r\u00e9s eredm\u00e9nye szerint az eur\u00f3paiak 75 sz\u00e1zal\u00e9ka v\u00e9lekedik pozit\u00edvan, a legmagasabb adatokat Litv\u00e1ni\u00e1ban (91 sz\u00e1zal\u00e9k), D\u00e1ni\u00e1ban (89 sz\u00e1zal\u00e9k) \u00e9s Hollandi\u00e1ban (87 sz\u00e1zal\u00e9k) m\u00e9rt\u00e9k. Az eur\u00f3paiak 71 sz\u00e1zal\u00e9ka egyet\u00e9rt azzal, hogy az &#8222;EU a stabilit\u00e1s szigete a bizonytalan vil\u00e1gban&#8221;.<br \/>\n    A 2017. \u0151szi Eurobarom\u00e9ter november els\u0151 fel\u00e9ben folytatott szem\u00e9lyes besz\u00e9lget\u00e9sek form\u00e1j\u00e1ban k\u00e9sz\u00fclt. Az uni\u00f3s tag\u00e1llamokban \u00e9s a tagjel\u00f6lt orsz\u00e1gokban 33 193 v\u00e1laszad\u00f3 vett r\u00e9szt a felm\u00e9r\u00e9sben.<br \/>\n    Az Eur\u00f3pa j\u00f6v\u0151je elnevez\u00e9s\u0171 Eurobarom\u00e9ter tematikus felm\u00e9r\u00e9s szeptember v\u00e9g\u00e9n, okt\u00f3ber elej\u00e9n lefolytatott szem\u00e9lyes besz\u00e9lget\u00e9sek alapj\u00e1n k\u00e9sz\u00fclt. Az uni\u00f3s tag\u00e1llamokban \u00f6sszesen 27 881 embert k\u00e9rdeztek meg.<br \/>\n(MTI)<\/p>\n","protected":false},"excerpt":{"rendered":"<p>Az eur\u00f3paiak d\u00f6nt\u0151 t\u00f6bbs\u00e9ge \u00fagy v\u00e9li, hogy az Eur\u00f3pai Uni\u00f3 (EU) gazdas\u00e1ga j\u00f3l teljes\u00edt, az eur\u00f3\u00f6vezetben az uni\u00f3s fizet\u0151eszk\u00f6z t\u00e1mogatotts\u00e1ga 2004 \u00f3ta nem volt ilyen magas \u00e9s t\u00f6bbs\u00e9gben vannak azok, akik az uni\u00f3 j\u00f6v\u0151j\u00e9t optimist\u00e1n l\u00e1tj\u00e1k, mik\u00f6zben a bev\u00e1ndorl\u00e1s \u00e9s a terrorizmus miatt agg\u00f3dnak legink\u00e1bb &#8211; der\u00fcl ki az Eur\u00f3pai Bizotts\u00e1g kedden k\u00f6zz\u00e9tett felm\u00e9r\u00e9s\u00e9b\u0151l.<\/p>\n","protected":false},"author":1,"featured_media":0,"comment_status":"closed","ping_status":"open","sticky":false,"template":"","format":"standard","meta":[],"categories":[12,246],"tags":[],"_links":{"self":[{"href":"https:\/\/gazdasagportal.hu\/index.php\/wp-json\/wp\/v2\/posts\/101316"}],"collection":[{"href":"https:\/\/gazdasagportal.hu\/index.php\/wp-json\/wp\/v2\/posts"}],"about":[{"href":"https:\/\/gazdasagportal.hu\/index.php\/wp-json\/wp\/v2\/types\/post"}],"author":[{"embeddable":true,"href":"https:\/\/gazdasagportal.hu\/index.php\/wp-json\/wp\/v2\/users\/1"}],"replies":[{"embeddable":true,"href":"https:\/\/gazdasagportal.hu\/index.php\/wp-json\/wp\/v2\/comments?post=101316"}],"version-history":[{"count":1,"href":"https:\/\/gazdasagportal.hu\/index.php\/wp-json\/wp\/v2\/posts\/101316\/revisions"}],"predecessor-version":[{"id":101317,"href":"https:\/\/gazdasagportal.hu\/index.php\/wp-json\/wp\/v2\/posts\/101316\/revisions\/101317"}],"wp:attachment":[{"href":"https:\/\/gazdasagportal.hu\/index.php\/wp-json\/wp\/v2\/media?parent=101316"}],"wp:term":[{"taxonomy":"category","embeddable":true,"href":"https:\/\/gazdasagportal.hu\/index.php\/wp-json\/wp\/v2\/categories?post=101316"},{"taxonomy":"post_tag","embeddable":true,"href":"https:\/\/gazdasagportal.hu\/index.php\/wp-json\/wp\/v2\/tags?post=101316"}],"curies":[{"name":"wp","href":"https:\/\/api.w.org\/{rel}","templated":true}]}}