{"id":101303,"date":"2017-12-19T11:45:47","date_gmt":"2017-12-19T10:45:47","guid":{"rendered":"http:\/\/gazdasagportal.hu\/?p=101303"},"modified":"2017-12-19T11:45:47","modified_gmt":"2017-12-19T10:45:47","slug":"szemleletvaltas-kell-az-epitoiparban","status":"publish","type":"post","link":"https:\/\/gazdasagportal.hu\/index.php\/szemleletvaltas-kell-az-epitoiparban\/","title":{"rendered":"Szeml\u00e9letv\u00e1lt\u00e1s kell az \u00e9p\u00edt\u0151iparban"},"content":{"rendered":"<p><strong>Sz\u00e1mos szegmens, \u00edgy az \u00e9p\u00edt\u0151ipar teljes\u00edtm\u00e9ny\u00e9t is korl\u00e1tozza a munkaer\u0151hi\u00e1ny, \u00e9s m\u00e1ra l\u00e1tszik, hogy nem ideiglenes jelens\u00e9gr\u0151l van sz\u00f3. A Grabarics Kft. \u00fcgyvezet\u0151je szerint lassan a piac minden szerepl\u0151j\u00e9nek be kell terveznie a hosszabb v\u00e1llal\u00e1si id\u0151ket, a befektet\u0151i sorban \u00e1ll\u00e1st.<\/strong><!--more--><\/p>\n<div class=\"ads-in-post1\"><div id=\"gazdasagportal.hu_fullbanner_wideboard\"><\/div>\r\n<\/div>\n<p>Ma m\u00e1r egy\u00e9rtelm\u0171, hogy a munkaer\u0151hi\u00e1ny az \u00e9p\u00edt\u0151iparban nem ideiglenes \u00e1llapot, hanem az \u00faj alaphelyzet \u2013 h\u00edvta fel a figyelmet a Grabarics \u00c9p\u00edt\u0151ipari Kft. \u00fcgyvezet\u0151je. Karacs L\u00e1szl\u00f3 hozz\u00e1tette; a n\u00f6vekv\u0151 kereslet, beruh\u00e1z\u00e1si kedv mellett egyszer\u0171en nincs el\u00e9g fiatal, aki ezt a p\u00e1ly\u00e1t v\u00e1lasztan\u00e1, mik\u00f6zben az elv\u00e1ndorl\u00e1s cs\u00f6kken\u0151 m\u00e9rt\u00e9kben ugyan, de folyamatosan rontja a helyzetet. Az \u00e9p\u00edt\u0151ipari kivitelez\u00e9s tekintet\u00e9ben a kor\u00e1bbi, k\u00edn\u00e1lati piac \u2013 fogyaszt\u00f3i t\u00e1rsadalmakban szokatlan m\u00f3don \u2013 \u00e9vekre keresletiv\u00e9 v\u00e1ltozott, annak minden, Magyarorsz\u00e1gon szinte m\u00e1r elfeledett h\u00e1tr\u00e1ny\u00e1val.<\/p>\n<div class=\"ads-in-post2\"><script async src=\"https:\/\/pagead2.googlesyndication.com\/pagead\/js\/adsbygoogle.js\"><\/script>\r\n<ins class=\"adsbygoogle\"\r\n     style=\"display:block\"\r\n     data-ad-format=\"fluid\"\r\n     data-ad-layout-key=\"-6t+ed+2i-1n-4w\"\r\n     data-ad-client=\"ca-pub-1959107119989764\"\r\n     data-ad-slot=\"4008251320\"><\/ins>\r\n<script>\r\n     (adsbygoogle = window.adsbygoogle || []).push({});\r\n<\/script><\/div>\nKaracs L\u00e1szl\u00f3 r\u00e1mutatott: a lecs\u00f6kkent emberi er\u0151forr\u00e1s mind a m\u0171szaki, mind a fizikai vonalon azt eredm\u00e9nyezi, hogy az \u00e9p\u00edt\u0151ipari \u00e1gazat szerepl\u0151i jelent\u0151sen magasabb \u00e1rakon \u00e9s hosszabb hat\u00e1ridej\u0171 v\u00e1llal\u00e1sokkal lesznek csak k\u00e9pesek a feladataikat ell\u00e1tni. \u00a0A nagy gener\u00e1lkivitelez\u0151k ma k\u00f6nnyen vesz\u00edthetnek azokon a munk\u00e1kon, amelyekre saj\u00e1t, f\u00e9l-egy \u00e9vvel kor\u00e1bbi aj\u00e1nlatuk alapj\u00e1n k\u00f6t\u00f6ttek szerz\u0151d\u00e9st. Mindez visszafogja az egy \u00e9vben megval\u00f3s\u00edthat\u00f3 beruh\u00e1z\u00e1sok mennyis\u00e9g\u00e9t, az \u00e1gazat \u2013 a piac jelenlegi ig\u00e9ny\u00e9nek megfelel\u0151 \u2013 b\u0151v\u00fcl\u00e9s\u00e9t. A szakember lesz\u00f6gezte: ezek a t\u00e9nyek, a piac azonban eld\u00f6ntheti, hogyan kezeli mindezt. Az \u00e9p\u00edt\u0151ipar minden r\u00e9sztvev\u0151je \u00e9rz\u00e9kelheti a fentieket \u00e9s ezek alapj\u00e1n kell tervezni\u00fck a j\u00f6v\u0151j\u00fcket, a projektek \u00e1raz\u00e1s\u00e1t \u00e9s megval\u00f3s\u00edt\u00e1s\u00e1t. Ez mindenk\u00e9ppen a megrendel\u0151k \u00e9s szolg\u00e1ltat\u00f3k k\u00f6z\u00f6s feladata annak \u00e9rdek\u00e9ben, hogy a tervezett munk\u00e1k megfelel\u0151en tudjanak haladni, teljes\u00fclni. Mindenki jobban j\u00e1r, ha az \u00faj viszonyokat bekalkul\u00e1lja a teljes megval\u00f3s\u00edt\u00e1si folyamatba.<\/p>\n<p>&nbsp;<\/p><div id=\"gazda-1171589133\" class=\"gazda-tartalomban gazda-entity-placement\"><script async src=\"https:\/\/pagead2.googlesyndication.com\/pagead\/js\/adsbygoogle.js\"><\/script>\r\n<ins class=\"adsbygoogle\"\r\n     style=\"display:block\"\r\n     data-ad-format=\"fluid\"\r\n     data-ad-layout-key=\"-6t+ed+2i-1n-4w\"\r\n     data-ad-client=\"ca-pub-1959107119989764\"\r\n     data-ad-slot=\"4008251320\"><\/ins>\r\n<script>\r\n     (adsbygoogle = window.adsbygoogle || []).push({});\r\n<\/script><\/div>\n<p><strong>A Grabarics \u00c9p\u00edt\u0151ipari Kft. az orsz\u00e1g egyik meghat\u00e1roz\u00f3, magyar tulajdon\u00fa \u00e9p\u00edt\u0151ipari k\u00f6z\u00e9pv\u00e1llalata. Tavalyi \u00e9ves bev\u00e9tele meghaladta a 12 milli\u00e1rd forintot, dolgoz\u00f3i l\u00e9tsz\u00e1ma 160 f\u0151. Tev\u00e9kenys\u00e9g\u00fck sor\u00e1n t\u00f6bb nagy lak\u00f3- \u00e9s k\u00f6z\u00e9p\u00fclet, hotel -\u00e9s sz\u00e1ll\u00e1sjelleg\u0171 \u00e9p\u00fclet, kereskedelmi \u00e9s ipari projekt j\u00f6tt m\u00e1r l\u00e9tre az elm\u00falt 25 \u00e9vben.<\/strong><\/p>\n<p>&nbsp;<\/p>\n","protected":false},"excerpt":{"rendered":"<p>Sz\u00e1mos szegmens, \u00edgy az \u00e9p\u00edt\u0151ipar teljes\u00edtm\u00e9ny\u00e9t is korl\u00e1tozza a munkaer\u0151hi\u00e1ny, \u00e9s m\u00e1ra l\u00e1tszik, hogy nem ideiglenes jelens\u00e9gr\u0151l van sz\u00f3. A Grabarics Kft. \u00fcgyvezet\u0151je szerint lassan a piac minden szerepl\u0151j\u00e9nek be kell terveznie a hosszabb v\u00e1llal\u00e1si id\u0151ket, a befektet\u0151i sorban \u00e1ll\u00e1st.<\/p>\n","protected":false},"author":1,"featured_media":0,"comment_status":"closed","ping_status":"open","sticky":false,"template":"","format":"standard","meta":[],"categories":[19],"tags":[],"_links":{"self":[{"href":"https:\/\/gazdasagportal.hu\/index.php\/wp-json\/wp\/v2\/posts\/101303"}],"collection":[{"href":"https:\/\/gazdasagportal.hu\/index.php\/wp-json\/wp\/v2\/posts"}],"about":[{"href":"https:\/\/gazdasagportal.hu\/index.php\/wp-json\/wp\/v2\/types\/post"}],"author":[{"embeddable":true,"href":"https:\/\/gazdasagportal.hu\/index.php\/wp-json\/wp\/v2\/users\/1"}],"replies":[{"embeddable":true,"href":"https:\/\/gazdasagportal.hu\/index.php\/wp-json\/wp\/v2\/comments?post=101303"}],"version-history":[{"count":1,"href":"https:\/\/gazdasagportal.hu\/index.php\/wp-json\/wp\/v2\/posts\/101303\/revisions"}],"predecessor-version":[{"id":101304,"href":"https:\/\/gazdasagportal.hu\/index.php\/wp-json\/wp\/v2\/posts\/101303\/revisions\/101304"}],"wp:attachment":[{"href":"https:\/\/gazdasagportal.hu\/index.php\/wp-json\/wp\/v2\/media?parent=101303"}],"wp:term":[{"taxonomy":"category","embeddable":true,"href":"https:\/\/gazdasagportal.hu\/index.php\/wp-json\/wp\/v2\/categories?post=101303"},{"taxonomy":"post_tag","embeddable":true,"href":"https:\/\/gazdasagportal.hu\/index.php\/wp-json\/wp\/v2\/tags?post=101303"}],"curies":[{"name":"wp","href":"https:\/\/api.w.org\/{rel}","templated":true}]}}