{"id":101301,"date":"2017-12-19T11:14:56","date_gmt":"2017-12-19T10:14:56","guid":{"rendered":"http:\/\/gazdasagportal.hu\/?p=101301"},"modified":"2017-12-19T11:14:56","modified_gmt":"2017-12-19T10:14:56","slug":"hamis-szemelyi-iratokat-allitottak-ki-egy-budapesti-okmanyirodaban","status":"publish","type":"post","link":"https:\/\/gazdasagportal.hu\/index.php\/hamis-szemelyi-iratokat-allitottak-ki-egy-budapesti-okmanyirodaban\/","title":{"rendered":"Hamis szem\u00e9lyi iratokat \u00e1ll\u00edtottak ki egy budapesti okm\u00e1nyirod\u00e1ban"},"content":{"rendered":"<p><strong>Egy budapesti okm\u00e1nyiroda h\u00e1rom \u00fcgyint\u00e9z\u0151je ellen emelt v\u00e1dat a F\u0151v\u00e1rosi F\u0151\u00fcgy\u00e9szs\u00e9g hamis szem\u00e9lyi iratok ki\u00e1ll\u00edt\u00e1sa miatt &#8211; k\u00f6z\u00f6lte az \u00fcgy\u00e9szs\u00e9g kedden az MTI-vel.<\/strong><!--more--><\/p>\n<div class=\"ads-in-post1\"><div id=\"gazdasagportal.hu_fullbanner_wideboard\"><\/div>\r\n<\/div>\n<p>    A v\u00e1d szerint a h\u00e1rom \u00fcgyint\u00e9z\u0151 kor\u00e1bban honos\u00edtott szem\u00e9lyek adataival \u00e1ll\u00edtott ki m\u00e1s szem\u00e9lyek r\u00e9sz\u00e9re jogosulatlanul magyar hat\u00f3s\u00e1gi igazolv\u00e1nyokat &#8211; olvashat\u00f3 az MTI-hez eljuttatott k\u00f6zlem\u00e9nyben.<br \/>\n    Az \u00fcgy els\u0151rend\u0171 v\u00e1dlottja 2014 \u00e9s 2015 k\u00f6z\u00f6tt anyagi ellenszolg\u00e1ltat\u00e1s fej\u00e9ben hivatali \u00fcgyint\u00e9z\u00e9sekben v\u00e1llalt k\u00f6zrem\u0171k\u00f6d\u00e9st. A h\u00e1rom v\u00e1dlott \u00fcgyint\u00e9z\u0151 a K\u00f6zigazgat\u00e1si \u00e9s Elektronikus K\u00f6zszolg\u00e1ltat\u00e1sok K\u00f6zponti Hivatala (KEKKH) egyik budapesti kirendelts\u00e9g\u00e9n dolgozott, egyik\u00fck korm\u00e1nytisztvisel\u0151k\u00e9nt, a m\u00e1sik k\u00e9t \u00fcgyint\u00e9z\u0151 pedig f\u0151munkat\u00e1rsi besorol\u00e1sban.<br \/>\n<div class=\"ads-in-post2\"><script async src=\"https:\/\/pagead2.googlesyndication.com\/pagead\/js\/adsbygoogle.js\"><\/script>\r\n<ins class=\"adsbygoogle\"\r\n     style=\"display:block\"\r\n     data-ad-format=\"fluid\"\r\n     data-ad-layout-key=\"-6t+ed+2i-1n-4w\"\r\n     data-ad-client=\"ca-pub-1959107119989764\"\r\n     data-ad-slot=\"4008251320\"><\/ins>\r\n<script>\r\n     (adsbygoogle = window.adsbygoogle || []).push({});\r\n<\/script><\/div>\n    A v\u00e1d szerint az els\u0151rend\u0171 v\u00e1dlott hivatali \u00fcgyint\u00e9z\u00e9sei sor\u00e1n ismerkedett meg a m\u00e1sod- \u00e9s harmadrend\u0171 v\u00e1dlottakkal, akikkel j\u00f3 kapcsolatot alak\u00edtott ki, majd k\u00e9s\u0151bb r\u00e1vette \u0151ket arra, hogy az \u00e1ltala hozott \u00fcgyfelek r\u00e9sz\u00e9re m\u00e1s &#8211; kor\u00e1bban honos\u00edtott &#8211; szem\u00e9lyek adatainak felhaszn\u00e1l\u00e1s\u00e1val hamis szem\u00e9lyi okm\u00e1nyokat (szem\u00e9lyi igazolv\u00e1nyt, vezet\u0151i enged\u00e9lyt, \u00fatlevelet) \u00e1ll\u00edtsanak ki.<br \/>\n    A v\u00e1d szerint a negyedrend\u0171 v\u00e1dlott, b\u00e1r nem az els\u0151rend\u0171 v\u00e1dlott r\u00e1b\u00edr\u00e1s\u00e1ra, de hasonl\u00f3 m\u00f3don \u00e1ll\u00edtott ki hamis okm\u00e1nyokat.<br \/>\n    A hamis okiratok ki\u00e1ll\u00edt\u00e1s\u00e1\u00e9rt cser\u00e9be az egyik \u00fcgyint\u00e9z\u0151 egy 120 ezer forint \u00e9rt\u00e9k\u0171, vid\u00e9ki hotelbe sz\u00f3l\u00f3 aj\u00e1nd\u00e9kutalv\u00e1nyt kapott az els\u0151rend\u0171 v\u00e1dlott\u00f3l.<br \/>\n    A m\u00e1sod- \u00e9s harmadrend\u0171 v\u00e1dlottak a fentiekhez hasonl\u00f3, m\u00e1s b\u0171ncselekm\u00e9nyt is elk\u00f6vettek: azaz ismer\u0151s\u00fck, illetve hozz\u00e1tartoz\u00f3juk k\u00e9r\u00e9s\u00e9re jogosulatlanul lek\u00e9rdezt\u00e9k g\u00e9pkocsik adatait a g\u00e9pj\u00e1rm\u0171-nyilv\u00e1ntart\u00e1sb\u00f3l.<br \/>\n    A F\u0151v\u00e1rosi F\u0151\u00fcgy\u00e9szs\u00e9g az \u00fcgyben hivatali veszteget\u00e9s, hivatali vissza\u00e9l\u00e9s, t\u00f6bb rendbeli hivatalos szem\u00e9ly \u00e1ltal elk\u00f6vetett k\u00f6zokirat-hamis\u00edt\u00e1s b\u0171ntette \u00e9s m\u00e1s b\u0171ncselekm\u00e9nyek miatt ny\u00fajtott be v\u00e1diratot az illet\u00e9kes b\u00edr\u00f3s\u00e1gra.(MTI)<\/p>\n","protected":false},"excerpt":{"rendered":"<p>Egy budapesti okm\u00e1nyiroda h\u00e1rom \u00fcgyint\u00e9z\u0151je ellen emelt v\u00e1dat a F\u0151v\u00e1rosi F\u0151\u00fcgy\u00e9szs\u00e9g hamis szem\u00e9lyi iratok ki\u00e1ll\u00edt\u00e1sa miatt &#8211; k\u00f6z\u00f6lte az \u00fcgy\u00e9szs\u00e9g kedden az MTI-vel.<\/p>\n","protected":false},"author":1,"featured_media":0,"comment_status":"closed","ping_status":"open","sticky":false,"template":"","format":"standard","meta":[],"categories":[4],"tags":[],"_links":{"self":[{"href":"https:\/\/gazdasagportal.hu\/index.php\/wp-json\/wp\/v2\/posts\/101301"}],"collection":[{"href":"https:\/\/gazdasagportal.hu\/index.php\/wp-json\/wp\/v2\/posts"}],"about":[{"href":"https:\/\/gazdasagportal.hu\/index.php\/wp-json\/wp\/v2\/types\/post"}],"author":[{"embeddable":true,"href":"https:\/\/gazdasagportal.hu\/index.php\/wp-json\/wp\/v2\/users\/1"}],"replies":[{"embeddable":true,"href":"https:\/\/gazdasagportal.hu\/index.php\/wp-json\/wp\/v2\/comments?post=101301"}],"version-history":[{"count":1,"href":"https:\/\/gazdasagportal.hu\/index.php\/wp-json\/wp\/v2\/posts\/101301\/revisions"}],"predecessor-version":[{"id":101302,"href":"https:\/\/gazdasagportal.hu\/index.php\/wp-json\/wp\/v2\/posts\/101301\/revisions\/101302"}],"wp:attachment":[{"href":"https:\/\/gazdasagportal.hu\/index.php\/wp-json\/wp\/v2\/media?parent=101301"}],"wp:term":[{"taxonomy":"category","embeddable":true,"href":"https:\/\/gazdasagportal.hu\/index.php\/wp-json\/wp\/v2\/categories?post=101301"},{"taxonomy":"post_tag","embeddable":true,"href":"https:\/\/gazdasagportal.hu\/index.php\/wp-json\/wp\/v2\/tags?post=101301"}],"curies":[{"name":"wp","href":"https:\/\/api.w.org\/{rel}","templated":true}]}}