{"id":101299,"date":"2017-12-20T04:04:46","date_gmt":"2017-12-20T03:04:46","guid":{"rendered":"http:\/\/gazdasagportal.hu\/?p=101299"},"modified":"2017-12-20T15:17:35","modified_gmt":"2017-12-20T14:17:35","slug":"ev-vegi-beragadt-szabadsagok-mit-tehetnek-a-munkaadok-es-a-munkavallalok","status":"publish","type":"post","link":"https:\/\/gazdasagportal.hu\/index.php\/ev-vegi-beragadt-szabadsagok-mit-tehetnek-a-munkaadok-es-a-munkavallalok\/","title":{"rendered":"\u00c9v v\u00e9gi beragadt szabads\u00e1gok &#8211; mit tehetnek a munkaad\u00f3k \u00e9s a munkav\u00e1llal\u00f3k"},"content":{"rendered":"<p><strong>Az \u00e9v v\u00e9g\u00e9vel esed\u00e9kess\u00e9 v\u00e1lik az eddig ki nem adott szabads\u00e1gok rendez\u00e9se, egy\u00fattal sok munk\u00e1ltat\u00f3n\u00e1l ez a legmegfelel\u0151bb id\u0151szak, hogy az \u00fcnnepi le\u00e1ll\u00e1skor ker\u00fclj\u00f6n kiad\u00e1sra a munkav\u00e1llal\u00f3k bennmaradt szabads\u00e1ga.<\/strong><\/p>\n<p><!--more--><\/p>\n<div class=\"ads-in-post1\"><div id=\"gazdasagportal.hu_fullbanner_wideboard\"><\/div>\r\n<\/div>\n<p>Az \u00e9v v\u00e9g\u00e9vel esed\u00e9kess\u00e9 v\u00e1lik az eddig ki nem adott szabads\u00e1gok rendez\u00e9se, egy\u00fattal sok munk\u00e1ltat\u00f3n\u00e1l ez a legmegfelel\u0151bb id\u0151szak, hogy az \u00fcnnepi le\u00e1ll\u00e1skor ker\u00fclj\u00f6n kiad\u00e1sra a munkav\u00e1llal\u00f3k bennmaradt szabads\u00e1ga. A k\u00e9rd\u00e9s azonban nem csak c\u00e9lszer\u0171s\u00e9gi szempontok alapj\u00e1n mer\u00fcl fel. Gyakori t\u00e9vhit, hogy a munkav\u00e1llal\u00f3 maga k\u00f6teles gondoskodni a szabads\u00e1ga kiv\u00e9tel\u00e9r\u0151l, a munk\u00e1ltat\u00f3t csak adminisztrat\u00edv k\u00f6telezetts\u00e9g terheli ebben. Ezzel ellent\u00e9tben f\u0151szab\u00e1ly szerint a szabads\u00e1got a munk\u00e1ltat\u00f3 \u2013 a munkav\u00e1llal\u00f3 el\u0151zetes meghallgat\u00e1sa ut\u00e1n \u2013 az esed\u00e9kess\u00e9g \u00e9v\u00e9ben k\u00f6teles kiadni. \u00c9vente ugyan h\u00e9t munkanap szabads\u00e1got a munk\u00e1ltat\u00f3 \u2013 a munkaviszony els\u0151 h\u00e1rom h\u00f3napj\u00e1t kiv\u00e9ve \u2013 legfeljebb k\u00e9t r\u00e9szletben a munkav\u00e1llal\u00f3 k\u00e9r\u00e9s\u00e9nek megfelel\u0151 id\u0151pontban k\u00f6teles kiadni, azonban, ha ezzel nem \u00e9l a munkav\u00e1llal\u00f3, a munk\u00e1ltat\u00f3t terheli ezen szabads\u00e1g kiad\u00e1s\u00e1nak k\u00f6telezetts\u00e9ge is. Ezzel kapcsolatban a feleknek mindig c\u00e9lszer\u0171 id\u0151ben egyeztetni\u00fck, \u00e9s egy\u00fattal t\u00e1j\u00e9koztatni a munkav\u00e1llal\u00f3t arr\u00f3l, hogy ha nem d\u00f6nt ebben a k\u00e9rd\u00e9sben, \u00fagy a munk\u00e1ltat\u00f3 fogja kiadni a szabads\u00e1got. Az Munka t\u00f6rv\u00e9nyk\u00f6nyve (Mt.) bizonyos esetekben azonban kiv\u00e9telszab\u00e1lyokkal teszi lehet\u0151v\u00e9, hogy az esed\u00e9kes szabads\u00e1g egy r\u00e9sz\u00e9t a munk\u00e1ltat\u00f3 a t\u00e1rgy\u00e9vet k\u00f6vet\u0151en adhassa ki. Az ezzel kapcsolatos r\u00e9szleteket mutatja be a Faludi Wolf Theiss \u00dcgyv\u00e9di Iroda.<\/p>\n<p>Els\u0151k\u00e9nt a munkaviszony kezdet\u00e9nek id\u0151pontj\u00e1t kell megvizsg\u00e1lni. Amennyiben az okt\u00f3ber elsej\u00e9n vagy azt k\u00f6vet\u0151en kezd\u0151d\u00f6tt, \u00fagy a munk\u00e1ltat\u00f3 a szabads\u00e1got jogosult a k\u00f6vetkez\u0151 \u00e9v m\u00e1rcius 31-ig kiadni. Egy\u00e9b esetekben, ha a szabads\u00e1g ig\u00e9nybev\u00e9tele a t\u00e1rgy\u00e9vben megkezd\u0151dik \u00e9s annak k\u00f6vetkez\u0151 \u00e9vben kiadott r\u00e9sze nem haladja meg az \u00f6t munkanapot, az a t\u00e1rgy\u00e9vben kiadottnak min\u0151s\u00fcl. A szabads\u00e1g kiad\u00e1sa sor\u00e1n azonban figyelembe kell venni azt, hogy annak id\u0151pontj\u00e1t a munkav\u00e1llal\u00f3val legk\u00e9s\u0151bb annak kezdete el\u0151tt tizen\u00f6t nappal k\u00f6z\u00f6lni kell. A felek az ut\u00f3bbi szab\u00e1lyt\u00f3l egy\u00e9bk\u00e9nt elt\u00e9r\u0151en is meg\u00e1llapodhatnak.<\/p><div id=\"gazda-1617756416\" class=\"gazda-tartalomban gazda-entity-placement\"><script async src=\"https:\/\/pagead2.googlesyndication.com\/pagead\/js\/adsbygoogle.js\"><\/script>\r\n<ins class=\"adsbygoogle\"\r\n     style=\"display:block\"\r\n     data-ad-format=\"fluid\"\r\n     data-ad-layout-key=\"-6t+ed+2i-1n-4w\"\r\n     data-ad-client=\"ca-pub-1959107119989764\"\r\n     data-ad-slot=\"4008251320\"><\/ins>\r\n<script>\r\n     (adsbygoogle = window.adsbygoogle || []).push({});\r\n<\/script><\/div>\n<div class=\"ads-in-post2\"><script async src=\"https:\/\/pagead2.googlesyndication.com\/pagead\/js\/adsbygoogle.js\"><\/script>\r\n<ins class=\"adsbygoogle\"\r\n     style=\"display:block\"\r\n     data-ad-format=\"fluid\"\r\n     data-ad-layout-key=\"-6t+ed+2i-1n-4w\"\r\n     data-ad-client=\"ca-pub-1959107119989764\"\r\n     data-ad-slot=\"4008251320\"><\/ins>\r\n<script>\r\n     (adsbygoogle = window.adsbygoogle || []).push({});\r\n<\/script><\/div>\n<strong>Kiv\u00e9telek a szabads\u00e1g kiad\u00e1s\u00e1ban<\/strong><\/p>\n<p><em>&#8222;Kiv\u00e9telek persze ebben a k\u00e9rd\u00e9sben is vannak. Bizonyos esetekben a munk\u00e1ltat\u00f3 jogszer\u0171en adhatja ki a szabads\u00e1got a t\u00e1rgy\u00e9vet k\u00f6vet\u0151 \u00e9vben is.Ennek egyik esete az, amikor a felek a napt\u00e1ri \u00e9vre vonatkoz\u00f3an meg\u00e1llapodnak abban, hogy az \u00e9letkor alapj\u00e1n j\u00e1r\u00f3 p\u00f3tszabads\u00e1got a munk\u00e1ltat\u00f3 az esed\u00e9kess\u00e9g \u00e9v\u00e9t k\u00f6vet\u0151 \u00e9v v\u00e9g\u00e9ig adja ki a munkav\u00e1llal\u00f3j\u00e1nak&#8221;<\/em>\u2013 emeli ki <strong>Dr. Bohati Eszter, a Faludi Wolf Theiss\u00dcgyv\u00e9di Iroda munkajogi csoportj\u00e1nak tagja.<\/strong><\/p>\n<p>Az Mt. \u00e1ltal biztos\u00edtott tov\u00e1bbi lehet\u0151s\u00e9g az, ha a szabads\u00e1got a munkav\u00e1llal\u00f3 oldal\u00e1n felmer\u00fclt ok (pl. a munkav\u00e1llal\u00f3 keres\u0151k\u00e9ptelens\u00e9ge) miatt nem lehetett a t\u00e1rgy\u00e9vben kiadni. Ilyen esetben a fennmarad\u00f3 szabads\u00e1got az ok megsz\u0171n\u00e9s\u00e9t\u0151l sz\u00e1m\u00edtott hatvan napon bel\u00fcl adja ki a munk\u00e1ltat\u00f3, ami egyben k\u00f6telezetts\u00e9ge is.<\/p>\n<p><strong>A \u201en\u00e9lk\u00fcl\u00f6zhetetlen\u201d munkav\u00e1llal\u00f3 esete<\/strong><\/p>\n<p>Arra is van t\u00f6rv\u00e9nyi megold\u00e1s, ha a munk\u00e1ltat\u00f3 oldal\u00e1n kiv\u00e9telesen fontos gazdas\u00e1gi \u00e9rdek vagy a m\u0171k\u00f6d\u00e9s\u00e9t k\u00f6zvetlen\u00fcl \u00e9s s\u00falyosan \u00e9rint\u0151 ok mer\u00fcl fel. Az Mt. alapj\u00e1n ilyenkor, amennyiben a munk\u00e1ltat\u00f3n\u00e1l hat\u00e1lyban l\u00e9v\u0151 kollekt\u00edv szerz\u0151d\u00e9s ezt lehet\u0151v\u00e9 teszi, a munk\u00e1ltat\u00f3 jogosult a szabads\u00e1g egynegyed\u00e9t a k\u00f6vetkez\u0151 \u00e9v m\u00e1rcius 31-ig \u00e1tvinni, \u00e9s k\u00f6teles ezen id\u0151pontig kiadni.<\/p>\n<p>\u201e<em>Az Munka t\u00f6rv\u00e9nyk\u00f6nyve ugyan k\u00fcl\u00f6n nem neves\u00edti, de \u00dcgyv\u00e9di Irod\u00e1nk \u00e1ll\u00e1spontja szerint a munk\u00e1ltat\u00f3 akkor is jogosult a szabads\u00e1g \u00e1tvitel\u00e9re, ha a munk\u00e1ltat\u00f3 a kiv\u00e9telesen fontos gazdas\u00e1gi \u00e9rdek\u00e9t vagy a m\u0171k\u00f6d\u00e9s\u00e9t k\u00f6zvetlen\u00fcl \u00e9s s\u00falyosan \u00e9rint\u0151 ok miatt a szabads\u00e1g kiad\u00e1s\u00e1nak k\u00f6z\u00f6lt id\u0151pontj\u00e1t \u00fagy m\u00f3dos\u00edtja, vagy a m\u00e1r megkezdett szabads\u00e1got oly m\u00f3don szak\u00edtja meg, hogy azt a t\u00e1rgy\u00e9vben a munk\u00e1ltat\u00f3 m\u00e1r nem tudja kiadni. Ebben az esetben azonban a munk\u00e1ltat\u00f3nak a szabads\u00e1got a m\u00f3dos\u00edt\u00e1s vagy megszak\u00edt\u00e1s ok\u00e1nak megsz\u0171n\u00e9s\u00e9t k\u00f6vet\u0151en halad\u00e9ktalanul ki kell adnia. Ezen t\u00falmen\u0151en a munk\u00e1ltat\u00f3 k\u00f6teles megt\u00e9r\u00edteni a munkav\u00e1llal\u00f3 oldal\u00e1n a m\u00f3dos\u00edt\u00e1ssal, megszak\u00edt\u00e1ssal kapcsolatban felmer\u00fclt k\u00f6lts\u00e9geket \u00e9s k\u00e1rokat is <\/em>\u2013 tette hozz\u00e1<strong> Dr. Bohati Eszter. <\/strong><\/p>\n<p><strong>A kiad\u00e1s id\u0151pontj\u00e1nak m\u00f3dos\u00edt\u00e1sa, vagy a szabads\u00e1g megszak\u00edt\u00e1sa \u2013 csak k\u00fcl\u00f6nleges esetben<\/strong><\/p>\n<p>Fontos kiemelni, hogy a m\u00f3dos\u00edt\u00e1s \u00e9s a megszak\u00edt\u00e1s lehet\u0151s\u00e9ge olyan kiv\u00e9teles \u00e9s s\u00falyos jelleg\u0171 indokokhoz kapcsol\u00f3dhat, melyek meg\u00edt\u00e9l\u00e9se szempontj\u00e1b\u00f3l figyelembe kell venni t\u00f6bbek k\u00f6z\u00f6tt a munk\u00e1ltat\u00f3 tev\u00e9kenys\u00e9g\u00e9t, m\u0171k\u00f6d\u00e9s\u00e9t, az ok felmer\u00fcl\u00e9s\u00e9nek id\u0151szak\u00e1t \u00e9s az akkor fenn\u00e1ll\u00f3 k\u00f6r\u00fclm\u00e9nyeket is. Ennek megfelel\u0151en, amennyiben egy munk\u00e1ltat\u00f3nak p\u00e9ld\u00e1ul sz\u00e1molnia kell egy-egy id\u0151szakban a megn\u00f6vekedett munkateherrel, erre nem hivatkozhat. Tov\u00e1bbi fontos elem, hogy amennyiben a munkav\u00e1llal\u00f3 vitatja a m\u00f3dos\u00edt\u00e1s vagy a megszak\u00edt\u00e1s jogszer\u0171s\u00e9g\u00e9t, a bizony\u00edt\u00e1si k\u00f6telezetts\u00e9g a munk\u00e1ltat\u00f3t terheli. A fent r\u00e9szletezett lehet\u0151s\u00e9gek alapj\u00e1n c\u00e9lszer\u0171, m\u00e9g az elk\u00f6vetkezend\u0151 p\u00e1r napban sz\u00e1m\u00edt\u00e1sba venni az eddig ki nem adott szabads\u00e1gokat, \u00e9s az azok kiad\u00e1s\u00e1ra nyitva \u00e1ll\u00f3 lehet\u0151s\u00e9geket, hiszen ezzel sz\u00e1mos c\u00e9g ker\u00fclhet el komolyabb, ak\u00e1r munkajogi perekkel, esetleges b\u00edrs\u00e1gokkal j\u00e1r\u00f3 probl\u00e9m\u00e1kat.<\/p>\n<p><strong><br \/>\n<\/strong><\/p>\n<p>&nbsp;<\/p>\n<p>WOLF THEISS<\/p>\n<p>Az 1957-ben alap\u00edtott Wolf Theiss K\u00f6z\u00e9p- \u00e9s Kelet-Eur\u00f3pa egyik vezet\u0151 \u00fcgyv\u00e9di irod\u00e1ja, amely az els\u0151k k\u00f6z\u00f6tt ford\u00edtott figyelmet e f\u00f6ldrajzi r\u00e9gi\u00f3 \u00f6sszehangolt \u00fczleti \u00e9rdekeire \u00e9s azok orsz\u00e1gonk\u00e9nt differenci\u00e1lt, de bizonyos fokig egys\u00e9ges gondolkod\u00e1sm\u00f3dot ig\u00e9nyl\u0151 megk\u00f6zel\u00edt\u00e9s\u00e9re. Ennek eredm\u00e9nyek\u00e9nt m\u00e1ra 13 teljesen integr\u00e1lt irod\u00e1val rendelkezik Alb\u00e1ni\u00e1ban, Ausztri\u00e1ban, Bosznia-Hercegovin\u00e1ban, Bulg\u00e1ri\u00e1ban, Csehorsz\u00e1gban, Horv\u00e1torsz\u00e1gban, Lengyelorsz\u00e1gban, Magyarorsz\u00e1gon, Rom\u00e1ni\u00e1ban, Szerbi\u00e1ban, Szlov\u00e1ki\u00e1ban, Szlov\u00e9ni\u00e1ban, illetve Ukrajn\u00e1ban, \u00e9s t\u00f6bb mint 340 jog\u00e1sz t\u00e1mogatja \u00fcgyfelei \u00fczleti tev\u00e9kenys\u00e9g\u00e9t. A Wolf Theiss a kereskedelmi jog minden ter\u00fclet\u00e9re kiterjed\u0151en ny\u00fajt jogi tan\u00e1csad\u00e1st mind helyi, mind pedig nemzetk\u00f6zi sz\u00ednt\u00e9ren, k\u00fcl\u00f6n\u00f6s tekintettel a peres \u00fcgyek, a t\u00e1rsas\u00e1gi jog (k\u00fcl\u00f6n\u00f6sen a v\u00e1llalat-felv\u00e1s\u00e1rl\u00e1sok \u00e9s a c\u00e9gjogi \u00e1tstruktur\u00e1l\u00e1sok), az ingatlan- \u00e9s k\u00f6rnyezetv\u00e9delmi jog, az energiajog, a bank- \u00e9s t\u0151kepiaci \u00fcgyletek ter\u00fcletein. Mindemellett kiemelked\u0151 az irodah\u00e1l\u00f3zat ad\u00f3jogi tev\u00e9kenys\u00e9ge is.<\/p>\n<p><strong>FALUDI WOLF THEISS<\/strong><\/p>\n<p>A k\u00f6zelm\u00faltban <em>Az \u00c9v \u00dcgyv\u00e9di Irod\u00e1ja Magyarorsz\u00e1gon<\/em> d\u00edjat elnyer\u0151 Faludi Wolf Theiss 2007 november\u00e9ben jelent meg a hazai piacon a Wolf Theiss h\u00e1l\u00f3zat teljes jog\u00fa tagjak\u00e9nt, \u00e9s az az\u00f3ta eltelt 10 \u00e9v alatt m\u00e9lt\u00e1n v\u00edvta ki rangos \u00e9s az \u00fczleti \u00e9letben meghat\u00e1roz\u00f3 s\u00fallyal jelen l\u00e9v\u0151 \u00fcgyfelei elismer\u00e9s\u00e9t. Jelenleg t\u00f6bb mint 20 f\u0151t meghalad\u00f3 jogi csapata prominens magyar \u00e9s nemzetk\u00f6zi t\u00e1rsas\u00e1goknak, bankoknak \u00e9s befektet\u0151knek, valamint mag\u00e1n- \u00e9s \u00e1llami int\u00e9zm\u00e9nyeknek ny\u00fajt jogi szolg\u00e1ltat\u00e1sokat nemzetk\u00f6zi \u00e9s hazai tranzakci\u00f3kban, peres elj\u00e1r\u00e1sokban \u00e9s ad\u00f3\u00fcgyekben egyar\u00e1nt. Az iroda energetikai praxis\u00e1t a vezet\u0151 nemzetk\u00f6zi \u00fcgyv\u00e9di rangsorok egy\u00f6ntet\u0171en a &#8222;Tier 1&#8221;, azaz a legmagasabb, piacvezet\u0151 kateg\u00f3ri\u00e1ba sorolj\u00e1k.<\/p>\n","protected":false},"excerpt":{"rendered":"<p>Az \u00e9v v\u00e9g\u00e9vel esed\u00e9kess\u00e9 v\u00e1lik az eddig ki nem adott szabads\u00e1gok rendez\u00e9se, egy\u00fattal sok munk\u00e1ltat\u00f3n\u00e1l ez a legmegfelel\u0151bb id\u0151szak, hogy az \u00fcnnepi le\u00e1ll\u00e1skor ker\u00fclj\u00f6n kiad\u00e1sra a munkav\u00e1llal\u00f3k bennmaradt szabads\u00e1ga.<\/p>\n","protected":false},"author":1,"featured_media":88571,"comment_status":"closed","ping_status":"open","sticky":false,"template":"","format":"standard","meta":[],"categories":[146,4,19],"tags":[],"_links":{"self":[{"href":"https:\/\/gazdasagportal.hu\/index.php\/wp-json\/wp\/v2\/posts\/101299"}],"collection":[{"href":"https:\/\/gazdasagportal.hu\/index.php\/wp-json\/wp\/v2\/posts"}],"about":[{"href":"https:\/\/gazdasagportal.hu\/index.php\/wp-json\/wp\/v2\/types\/post"}],"author":[{"embeddable":true,"href":"https:\/\/gazdasagportal.hu\/index.php\/wp-json\/wp\/v2\/users\/1"}],"replies":[{"embeddable":true,"href":"https:\/\/gazdasagportal.hu\/index.php\/wp-json\/wp\/v2\/comments?post=101299"}],"version-history":[{"count":3,"href":"https:\/\/gazdasagportal.hu\/index.php\/wp-json\/wp\/v2\/posts\/101299\/revisions"}],"predecessor-version":[{"id":101349,"href":"https:\/\/gazdasagportal.hu\/index.php\/wp-json\/wp\/v2\/posts\/101299\/revisions\/101349"}],"wp:featuredmedia":[{"embeddable":true,"href":"https:\/\/gazdasagportal.hu\/index.php\/wp-json\/wp\/v2\/media\/88571"}],"wp:attachment":[{"href":"https:\/\/gazdasagportal.hu\/index.php\/wp-json\/wp\/v2\/media?parent=101299"}],"wp:term":[{"taxonomy":"category","embeddable":true,"href":"https:\/\/gazdasagportal.hu\/index.php\/wp-json\/wp\/v2\/categories?post=101299"},{"taxonomy":"post_tag","embeddable":true,"href":"https:\/\/gazdasagportal.hu\/index.php\/wp-json\/wp\/v2\/tags?post=101299"}],"curies":[{"name":"wp","href":"https:\/\/api.w.org\/{rel}","templated":true}]}}