{"id":101297,"date":"2017-12-19T10:41:12","date_gmt":"2017-12-19T09:41:12","guid":{"rendered":"http:\/\/gazdasagportal.hu\/?p=101297"},"modified":"2017-12-19T10:41:12","modified_gmt":"2017-12-19T09:41:12","slug":"kanadai-szakertok-bevonasaval-probaljak-eloltani-a-nagymajtenyi-foldgazkut-langjait","status":"publish","type":"post","link":"https:\/\/gazdasagportal.hu\/index.php\/kanadai-szakertok-bevonasaval-probaljak-eloltani-a-nagymajtenyi-foldgazkut-langjait\/","title":{"rendered":"Kanadai szak\u00e9rt\u0151k bevon\u00e1s\u00e1val pr\u00f3b\u00e1lj\u00e1k eloltani a nagymajt\u00e9nyi f\u00f6ldg\u00e1zk\u00fat l\u00e1ngjait"},"content":{"rendered":"<p><strong>A Szatm\u00e1r megyei t\u0171zolt\u00f3k \u00e9s a f\u00f6ldg\u00e1zkitermel\u00e9st v\u00e9gz\u0151 c\u00e9g kanadai szakemberek bevon\u00e1s\u00e1val pr\u00f3b\u00e1lja eloltani azt a heves t\u00fczet, amely h\u00e9tf\u0151 hajnalban lobbant fel a magyar-rom\u00e1n \u00e1llamhat\u00e1rt\u00f3l mintegy t\u00edz kilom\u00e9terre, egy nagymajt\u00e9nyi f\u00f6ldg\u00e1zk\u00fatn\u00e1l &#8211; k\u00f6z\u00f6lte kedden az Agerpres h\u00edr\u00fcgyn\u00f6ks\u00e9g. <\/strong><!--more--><\/p>\n<div class=\"ads-in-post1\"><div id=\"gazdasagportal.hu_fullbanner_wideboard\"><\/div>\r\n<\/div>\n<p>    Az \u00e9rintett v\u00e1llalat keddi k\u00f6zlem\u00e9nye szerint a balesetet egy v\u00e1ratlan f\u00f6ldg\u00e1zkit\u00f6r\u00e9s okozta. A v\u00e1llalat a f\u00f6ldg\u00e1z kitermel\u00e9s\u00e9t k\u00e9sz\u00edtette el\u0151 Nagymajt\u00e9nyban, \u00e9s lef\u00fart a f\u00f6ldg\u00e1zr\u00e9tegig, de m\u00e9g nem szerelte fel a g\u00e1zkit\u00f6r\u00e9s megel\u0151z\u00e9s\u00e9t biztos\u00edt\u00f3 berendez\u00e9st. A balesetben senki nem s\u00e9r\u00fclt meg.<br \/>\n<div class=\"ads-in-post2\"><script async src=\"https:\/\/pagead2.googlesyndication.com\/pagead\/js\/adsbygoogle.js\"><\/script>\r\n<ins class=\"adsbygoogle\"\r\n     style=\"display:block\"\r\n     data-ad-format=\"fluid\"\r\n     data-ad-layout-key=\"-6t+ed+2i-1n-4w\"\r\n     data-ad-client=\"ca-pub-1959107119989764\"\r\n     data-ad-slot=\"4008251320\"><\/ins>\r\n<script>\r\n     (adsbygoogle = window.adsbygoogle || []).push({});\r\n<\/script><\/div>\n    A helysz\u00ednre vez\u00e9nyelt t\u0171zolt\u00f3k biztos\u00edtott\u00e1k, hogy a t\u00f6bbm\u00e9teres l\u00e1ngok ne gy\u00fajts\u00e1k meg a k\u00f6zeli gazdas\u00e1gokat, de &#8211; a robban\u00e1svesz\u00e9lyt\u0151l tartva &#8211; egyel\u0151re hozz\u00e1 sem fogtak a t\u0171z elolt\u00e1s\u00e1hoz. A Szamos katasztr\u00f3fav\u00e9delmi fel\u00fcgyel\u0151s\u00e9g (ISU) k\u00f6zlem\u00e9nye szerint az olt\u00e1si m\u0171velet megkezd\u00e9s\u00e9hez kanadai szak\u00e9rt\u0151k \u00e9rkez\u00e9s\u00e9t v\u00e1rj\u00e1k, akiket a f\u00f6ldg\u00e1zkitermel\u0151 c\u00e9g h\u00edvott a helysz\u00ednre.(MTI)<\/p>\n","protected":false},"excerpt":{"rendered":"<p>A Szatm\u00e1r megyei t\u0171zolt\u00f3k \u00e9s a f\u00f6ldg\u00e1zkitermel\u00e9st v\u00e9gz\u0151 c\u00e9g kanadai szakemberek bevon\u00e1s\u00e1val pr\u00f3b\u00e1lja eloltani azt a heves t\u00fczet, amely h\u00e9tf\u0151 hajnalban lobbant fel a magyar-rom\u00e1n \u00e1llamhat\u00e1rt\u00f3l mintegy t\u00edz kilom\u00e9terre, egy nagymajt\u00e9nyi f\u00f6ldg\u00e1zk\u00fatn\u00e1l &#8211; k\u00f6z\u00f6lte kedden az Agerpres h\u00edr\u00fcgyn\u00f6ks\u00e9g.<\/p>\n","protected":false},"author":1,"featured_media":0,"comment_status":"closed","ping_status":"open","sticky":false,"template":"","format":"standard","meta":[],"categories":[4,12],"tags":[],"_links":{"self":[{"href":"https:\/\/gazdasagportal.hu\/index.php\/wp-json\/wp\/v2\/posts\/101297"}],"collection":[{"href":"https:\/\/gazdasagportal.hu\/index.php\/wp-json\/wp\/v2\/posts"}],"about":[{"href":"https:\/\/gazdasagportal.hu\/index.php\/wp-json\/wp\/v2\/types\/post"}],"author":[{"embeddable":true,"href":"https:\/\/gazdasagportal.hu\/index.php\/wp-json\/wp\/v2\/users\/1"}],"replies":[{"embeddable":true,"href":"https:\/\/gazdasagportal.hu\/index.php\/wp-json\/wp\/v2\/comments?post=101297"}],"version-history":[{"count":1,"href":"https:\/\/gazdasagportal.hu\/index.php\/wp-json\/wp\/v2\/posts\/101297\/revisions"}],"predecessor-version":[{"id":101298,"href":"https:\/\/gazdasagportal.hu\/index.php\/wp-json\/wp\/v2\/posts\/101297\/revisions\/101298"}],"wp:attachment":[{"href":"https:\/\/gazdasagportal.hu\/index.php\/wp-json\/wp\/v2\/media?parent=101297"}],"wp:term":[{"taxonomy":"category","embeddable":true,"href":"https:\/\/gazdasagportal.hu\/index.php\/wp-json\/wp\/v2\/categories?post=101297"},{"taxonomy":"post_tag","embeddable":true,"href":"https:\/\/gazdasagportal.hu\/index.php\/wp-json\/wp\/v2\/tags?post=101297"}],"curies":[{"name":"wp","href":"https:\/\/api.w.org\/{rel}","templated":true}]}}