{"id":101285,"date":"2017-12-19T07:26:23","date_gmt":"2017-12-19T06:26:23","guid":{"rendered":"http:\/\/gazdasagportal.hu\/?p=101285"},"modified":"2017-12-19T07:26:23","modified_gmt":"2017-12-19T06:26:23","slug":"december-24-en-az-uzletek-maximum-14-oraig-lehetnek-nyitva","status":"publish","type":"post","link":"https:\/\/gazdasagportal.hu\/index.php\/december-24-en-az-uzletek-maximum-14-oraig-lehetnek-nyitva\/","title":{"rendered":"December 24-\u00e9n az \u00fczletek maximum 14 \u00f3r\u00e1ig lehetnek nyitva"},"content":{"rendered":"<p><strong>December 24-\u00e9n, vas\u00e1rnap az \u00fczletek legk\u00e9s\u0151bb 14 \u00f3r\u00e1ig tarthatnak nyitva, de a keresked\u0151k d\u00f6nthetnek arr\u00f3l is, hogy kor\u00e1bban z\u00e1rnak, vagy ki sem nyitnak, december 31-\u00e9n, vas\u00e1rnap is maguk hat\u00e1rozhatj\u00e1k meg a nyitvatart\u00e1s rendj\u00e9t &#8211; k\u00f6z\u00f6lte az Orsz\u00e1gos Kereskedelmi Sz\u00f6vets\u00e9g (OKSZ) f\u0151titk\u00e1ra az MTI-vel. <\/strong><!--more--><\/p>\n<div class=\"ads-in-post1\"><div id=\"gazdasagportal.hu_fullbanner_wideboard\"><\/div>\r\n<\/div>\n<p>    V\u00e1mos Gy\u00f6rgy elmondta, hogy a kereskedelmi t\u00f6rv\u00e9ny alapj\u00e1n december 24-\u00e9n 14 \u00f3ra ut\u00e1n, illetve december 25-26-\u00e1n, valamint janu\u00e1r 1-j\u00e9n, \u00faj\u00e9v napj\u00e1n azok a vend\u00e9gl\u00e1t\u00f3 \u00fczletek, sz\u00e1ll\u00e1shelyek, vir\u00e1g\u00fczletek, \u00e9dess\u00e9g\u00fczletek \u00e9s \u00fczemanyagt\u00f6lt\u0151 \u00e1llom\u00e1sok, tov\u00e1bb\u00e1 a k\u00f6zforgalm\u00fa vas\u00fati \u00e9s buszp\u00e1lyaudvaron, rep\u00fcl\u0151t\u00e9ren, illetve az \u00fczemanyagt\u00f6lt\u0151 \u00e1llom\u00e1son bel\u00fcl m\u0171k\u00f6d\u0151 \u00fczletek lehetnek nyitva, amelyek munkasz\u00fcneti napokon egy\u00e9bk\u00e9nt is nyitva tartanak.<br \/>\n    Megjegyezte, a jogszab\u00e1ly el\u0151\u00edrja, hogy a nyitvatart\u00e1s szok\u00e1sost\u00f3l b\u00e1rmilyen elt\u00e9r\u00e9s\u00e9t fel kell t\u00fcntetni, a v\u00e1s\u00e1rl\u00f3kat arr\u00f3l t\u00e1j\u00e9koztatni kell.<br \/>\n<div class=\"ads-in-post2\"><script async src=\"https:\/\/pagead2.googlesyndication.com\/pagead\/js\/adsbygoogle.js\"><\/script>\r\n<ins class=\"adsbygoogle\"\r\n     style=\"display:block\"\r\n     data-ad-format=\"fluid\"\r\n     data-ad-layout-key=\"-6t+ed+2i-1n-4w\"\r\n     data-ad-client=\"ca-pub-1959107119989764\"\r\n     data-ad-slot=\"4008251320\"><\/ins>\r\n<script>\r\n     (adsbygoogle = window.adsbygoogle || []).push({});\r\n<\/script><\/div>\n    Az MTI \u00e9rdekl\u0151d\u00e9s\u00e9re az Aldi k\u00f6z\u00f6lte, hogy december 22-\u00e9n 126 \u00fczlet\u00fck 20 \u00f3ra helyett 21 \u00f3r\u00e1ig lesz nyitva, kiv\u00e9ve azokat, amelyek nyitvatart\u00e1si rendje egy\u00e9bk\u00e9nt is minden nap 22 \u00f3r\u00e1ig tart. December 31-\u00e9n valamennyi \u00fczlet\u00fck 16 \u00f3rakor z\u00e1r.<br \/>\n    Az Auchan Retail Magyarorsz\u00e1g arr\u00f3l t\u00e1j\u00e9koztatott, hogy december 24-\u00e9n az \u00e1ruh\u00e1zaik t\u00f6bbs\u00e9ge 14 \u00f3r\u00e1ig tart nyitva, kiv\u00e9tel a kecskem\u00e9ti, amely d\u00e9lben z\u00e1r. December 31-\u00e9n a legt\u00f6bb \u00e1ruh\u00e1zban r\u00f6vid\u00edtett nyitvatart\u00e1ssal, 16 \u00f3r\u00e1ig v\u00e1rj\u00e1k a v\u00e1s\u00e1rl\u00f3kat, a kecskem\u00e9ti, a t\u00f6r\u00f6kb\u00e1linti \u00e9s a szolnoki \u00e1ruh\u00e1z 14 \u00f3rakor z\u00e1r.<br \/>\n    A Penny Market Magyarorsz\u00e1g k\u00f6zlem\u00e9nye szerint december 21. \u00e9s 23. k\u00f6z\u00f6tt minden Penny Market \u00fczlet hosszabb\u00edtott nyitvatart\u00e1ssal, 22 \u00f3r\u00e1ig v\u00e1rja a v\u00e1s\u00e1rl\u00f3kat, december 24-\u00e9n z\u00e1rva tartja boltjait, december 31-\u00e9n 14 \u00f3rakor z\u00e1rnak az \u00fczletei.<br \/>\n    A Spar Magyarorsz\u00e1g Kereskedelmi Kft. k\u00f6z\u00f6lte, hogy december 24-\u00e9n az Interspar hipermarketek &#8211; 33 \u00e1ruh\u00e1z &#8211; egys\u00e9gesen 14 \u00f3rakor z\u00e1rnak, a Spar \u00e9s City Spar szupermarketek k\u00f6z\u00fcl 335 12 \u00f3rakor z\u00e1r be, k\u00e9t \u00fczlet d\u00e9lut\u00e1n 13 \u00f3rakor, m\u00edg 7 d\u00e9lut\u00e1n 2-kor. December 31-\u00e9n k\u00e9t Interspar hipermarket d\u00e9lut\u00e1n 14 \u00f3rakor, m\u00edg 31 ilyen \u00fczlet 16 \u00f3rakor z\u00e1r be, a Spar szupermarketek 12 \u00e9s d\u00e9lut\u00e1n 14 \u00f3ra k\u00f6z\u00f6tt z\u00e1rnak a Liszt Ferenc Nemzetk\u00f6zi Rep\u00fcl\u0151t\u00e9ren tal\u00e1lhat\u00f3 \u00fczlet kiv\u00e9tel, amely 22 \u00f3r\u00e1ig lesz nyitva.<br \/>\n    A Tesco-Global \u00c1ruh\u00e1zak Zrt. ismertette: az \u00fcnnepek alatt egyik \u00fczlete sem m\u0171k\u00f6dik hosszabb\u00edtott nyitvatart\u00e1ssal, a kereskedelmi t\u00f6rv\u00e9nynek megfelel\u0151en a hipermarketek 14 \u00f3rakor z\u00e1rnak, hasonl\u00f3an alakul a kisebb alapter\u00fclet\u0171 boltok, szupermarketek \u00e9s Expressz \u00fczletek, \u00fagynevezett k\u00e9nyelmi form\u00e1tum\u00fa \u00e1ruh\u00e1zak nyitvatart\u00e1sa is, amelyekb\u0151l 10 \u00fczlet z\u00e1rva lesz.<br \/>\n    Megjegyezt\u00e9k, hogy a hipermarketek december 27-\u00e9n reggel 6 \u00f3rakor, m\u00edg a k\u00e9nyelmi form\u00e1tum\u00fa \u00e1ruh\u00e1zak norm\u00e1lis h\u00e9tk\u00f6znapi nyitvatart\u00e1s szerint nyitnak. A Tesco \u00f6sszes \u00e1ruh\u00e1za december 31-\u00e9n h\u00e9tk\u00f6znapi nyitvatart\u00e1s szerint nyit \u00e9s 18 \u00f3r\u00e1ig \u00fczemel, 10 k\u00e9nyelmi form\u00e1tum\u00fa \u00e1ruh\u00e1z eg\u00e9sz nap z\u00e1rva lesz.<br \/>\n(MTI)<\/p>\n","protected":false},"excerpt":{"rendered":"<p>December 24-\u00e9n, vas\u00e1rnap az \u00fczletek legk\u00e9s\u0151bb 14 \u00f3r\u00e1ig tarthatnak nyitva, de a keresked\u0151k d\u00f6nthetnek arr\u00f3l is, hogy kor\u00e1bban z\u00e1rnak, vagy ki sem nyitnak, december 31-\u00e9n, vas\u00e1rnap is maguk hat\u00e1rozhatj\u00e1k meg a nyitvatart\u00e1s rendj\u00e9t &#8211; k\u00f6z\u00f6lte az Orsz\u00e1gos Kereskedelmi Sz\u00f6vets\u00e9g (OKSZ) f\u0151titk\u00e1ra az MTI-vel.<\/p>\n","protected":false},"author":1,"featured_media":0,"comment_status":"closed","ping_status":"open","sticky":false,"template":"","format":"standard","meta":[],"categories":[4],"tags":[],"_links":{"self":[{"href":"https:\/\/gazdasagportal.hu\/index.php\/wp-json\/wp\/v2\/posts\/101285"}],"collection":[{"href":"https:\/\/gazdasagportal.hu\/index.php\/wp-json\/wp\/v2\/posts"}],"about":[{"href":"https:\/\/gazdasagportal.hu\/index.php\/wp-json\/wp\/v2\/types\/post"}],"author":[{"embeddable":true,"href":"https:\/\/gazdasagportal.hu\/index.php\/wp-json\/wp\/v2\/users\/1"}],"replies":[{"embeddable":true,"href":"https:\/\/gazdasagportal.hu\/index.php\/wp-json\/wp\/v2\/comments?post=101285"}],"version-history":[{"count":1,"href":"https:\/\/gazdasagportal.hu\/index.php\/wp-json\/wp\/v2\/posts\/101285\/revisions"}],"predecessor-version":[{"id":101286,"href":"https:\/\/gazdasagportal.hu\/index.php\/wp-json\/wp\/v2\/posts\/101285\/revisions\/101286"}],"wp:attachment":[{"href":"https:\/\/gazdasagportal.hu\/index.php\/wp-json\/wp\/v2\/media?parent=101285"}],"wp:term":[{"taxonomy":"category","embeddable":true,"href":"https:\/\/gazdasagportal.hu\/index.php\/wp-json\/wp\/v2\/categories?post=101285"},{"taxonomy":"post_tag","embeddable":true,"href":"https:\/\/gazdasagportal.hu\/index.php\/wp-json\/wp\/v2\/tags?post=101285"}],"curies":[{"name":"wp","href":"https:\/\/api.w.org\/{rel}","templated":true}]}}