{"id":101283,"date":"2017-12-19T04:04:33","date_gmt":"2017-12-19T03:04:33","guid":{"rendered":"http:\/\/gazdasagportal.hu\/?p=101283"},"modified":"2017-12-18T22:51:23","modified_gmt":"2017-12-18T21:51:23","slug":"az-europai-bizottsag-adocsalas-vadjaval-vizsgalatot-inditott-az-ikea-ellen","status":"publish","type":"post","link":"https:\/\/gazdasagportal.hu\/index.php\/az-europai-bizottsag-adocsalas-vadjaval-vizsgalatot-inditott-az-ikea-ellen\/","title":{"rendered":"Az Eur\u00f3pai Bizotts\u00e1g ad\u00f3csal\u00e1s v\u00e1dj\u00e1val vizsg\u00e1latot ind\u00edtott az IKEA ellen"},"content":{"rendered":"<p><strong>Az Eur\u00f3pai Bizotts\u00e1g vizsg\u00e1latot ind\u00edtott az IKEA b\u00fatorgy\u00e1rt\u00f3 v\u00e1llalat ellen, mert a gyan\u00fa szerint a sv\u00e9d \u00f3ri\u00e1sc\u00e9g egy hollandiai le\u00e1nyv\u00e1llalat\u00e1t haszn\u00e1lta a vil\u00e1g m\u00e1s orsz\u00e1gaiban keletkezett ad\u00f3terheinek cs\u00f6kkent\u00e9s\u00e9re &#8211; k\u00f6z\u00f6lte az uni\u00f3s bizotts\u00e1g h\u00e9tf\u0151n.<\/strong><!--more--><\/p>\n<div class=\"ads-in-post1\"><div id=\"gazdasagportal.hu_fullbanner_wideboard\"><\/div>\r\n<\/div>\n<p>    Mint elmondt\u00e1k, az Eur\u00f3pai Bizotts\u00e1g aggodalm\u00e1t fejezi ki amiatt, hogy az el\u0151zetes vizsg\u00e1latok szerint k\u00e9t, 2006-ban \u00e9s 2011-ben kiadott holland ad\u00f3hat\u00e1rozat is lehet\u0151v\u00e9 tette a sv\u00e9d b\u00fatorgy\u00e1rt\u00f3 le\u00e1nyv\u00e1llalata, az IKEA-csoporthoz tartoz\u00f3 Inter IKEA r\u00e9sz\u00e9re, hogy l\u00e9nyegesen kevesebb ad\u00f3t fizessen Hollandi\u00e1ban. Az ad\u00f3hat\u00e1rozatok tisztess\u00e9gtelen el\u0151nyt biztos\u00edtottak a sv\u00e9d c\u00e9g sz\u00e1m\u00e1ra m\u00e1s v\u00e1llalatokkal szemben, megs\u00e9rtve ezzel az uni\u00f3s \u00e1llami t\u00e1mogat\u00e1si szab\u00e1lyokat &#8211; k\u00f6z\u00f6lt\u00e9k.<br \/>\n    Margrethe Vestager uni\u00f3s versenyjogi biztos elmondta, minden v\u00e1llalatnak, legyen nagy vagy kicsi, multinacion\u00e1lis vagy helyi \u00e9rdekelts\u00e9g\u0171, m\u00e9lt\u00e1nyos ad\u00f3terhet kell fizetnie. Egyetlen tag\u00e1llam sem engedheti meg, hogy bizonyos v\u00e1llalatok kevesebb ad\u00f3t fizessenek az\u00e1ltal, hogy lehet\u0151v\u00e9 teszik sz\u00e1mukra, hogy m\u00e1sutt k\u00f6nyvelj\u00e9k el nyeres\u00e9g\u00fcket &#8211; h\u00fazta al\u00e1.<br \/>\n    Az Inter IKEA Systems Hollandia az IKEA franchise rendszerben m\u0171k\u00f6d\u0151 \u00e1ruh\u00e1zainak \u00f6sszegy\u0171jt\u00f6tt d\u00edjaib\u00f3l sz\u00e1rmaz\u00f3 bev\u00e9teleket r\u00f6gz\u00edti.<br \/>\n<div class=\"ads-in-post2\"><script async src=\"https:\/\/pagead2.googlesyndication.com\/pagead\/js\/adsbygoogle.js\"><\/script>\r\n<ins class=\"adsbygoogle\"\r\n     style=\"display:block\"\r\n     data-ad-format=\"fluid\"\r\n     data-ad-layout-key=\"-6t+ed+2i-1n-4w\"\r\n     data-ad-client=\"ca-pub-1959107119989764\"\r\n     data-ad-slot=\"4008251320\"><\/ins>\r\n<script>\r\n     (adsbygoogle = window.adsbygoogle || []).push({});\r\n<\/script><\/div>\n    Az Eur\u00f3pai Parlament id\u00e9n k\u00f6zz\u00e9tett z\u00f6ldp\u00e1rti jelent\u00e9se szerint az IKEA 2009 \u00e9s 2014 k\u00f6z\u00f6tt mintegy 1 milli\u00e1rd eur\u00f3 (310 milli\u00e1rd forint) uni\u00f3s ad\u00f3 befizet\u00e9s\u00e9t ker\u00fclte el.<br \/>\n    Az 1943-ban alap\u00edtott, mag\u00e1ntulajdon\u00fa IKEA-csoport \u00f6sszetett v\u00e1llalati strukt\u00far\u00e1val rendelkezik. K\u00fcl\u00f6nb\u00f6z\u0151 orsz\u00e1gokban m\u0171k\u00f6d\u0151 alap\u00edtv\u00e1nyai lehet\u0151v\u00e9 teszik sz\u00e1m\u00e1ra, hogy elker\u00fclje a Sv\u00e9dorsz\u00e1gban kir\u00f3tt magas ad\u00f3kat &#8211; k\u00f6z\u00f6lt\u00e9k.<br \/>\n    A multinacion\u00e1lis v\u00e1llalatok esetleges ad\u00f3elker\u00fcl\u00e9s\u00e9nek kivizsg\u00e1l\u00e1sa c\u00e9lj\u00e1b\u00f3l hozott uni\u00f3s jogszab\u00e1lyok seg\u00edts\u00e9g\u00e9vel az Eur\u00f3pai Bizotts\u00e1g az id\u00e9n olyan c\u00e9gek ellen ind\u00edtott elj\u00e1r\u00e1st, mint az Apple, az Amazon vagy a McDonald&#8217;s.(MTI)<\/p>\n","protected":false},"excerpt":{"rendered":"<p>Az Eur\u00f3pai Bizotts\u00e1g vizsg\u00e1latot ind\u00edtott az IKEA b\u00fatorgy\u00e1rt\u00f3 v\u00e1llalat ellen, mert a gyan\u00fa szerint a sv\u00e9d \u00f3ri\u00e1sc\u00e9g egy hollandiai le\u00e1nyv\u00e1llalat\u00e1t haszn\u00e1lta a vil\u00e1g m\u00e1s orsz\u00e1gaiban keletkezett ad\u00f3terheinek cs\u00f6kkent\u00e9s\u00e9re &#8211; k\u00f6z\u00f6lte az uni\u00f3s bizotts\u00e1g h\u00e9tf\u0151n.<\/p>\n","protected":false},"author":1,"featured_media":0,"comment_status":"closed","ping_status":"open","sticky":false,"template":"","format":"standard","meta":[],"categories":[12,246],"tags":[],"_links":{"self":[{"href":"https:\/\/gazdasagportal.hu\/index.php\/wp-json\/wp\/v2\/posts\/101283"}],"collection":[{"href":"https:\/\/gazdasagportal.hu\/index.php\/wp-json\/wp\/v2\/posts"}],"about":[{"href":"https:\/\/gazdasagportal.hu\/index.php\/wp-json\/wp\/v2\/types\/post"}],"author":[{"embeddable":true,"href":"https:\/\/gazdasagportal.hu\/index.php\/wp-json\/wp\/v2\/users\/1"}],"replies":[{"embeddable":true,"href":"https:\/\/gazdasagportal.hu\/index.php\/wp-json\/wp\/v2\/comments?post=101283"}],"version-history":[{"count":1,"href":"https:\/\/gazdasagportal.hu\/index.php\/wp-json\/wp\/v2\/posts\/101283\/revisions"}],"predecessor-version":[{"id":101284,"href":"https:\/\/gazdasagportal.hu\/index.php\/wp-json\/wp\/v2\/posts\/101283\/revisions\/101284"}],"wp:attachment":[{"href":"https:\/\/gazdasagportal.hu\/index.php\/wp-json\/wp\/v2\/media?parent=101283"}],"wp:term":[{"taxonomy":"category","embeddable":true,"href":"https:\/\/gazdasagportal.hu\/index.php\/wp-json\/wp\/v2\/categories?post=101283"},{"taxonomy":"post_tag","embeddable":true,"href":"https:\/\/gazdasagportal.hu\/index.php\/wp-json\/wp\/v2\/tags?post=101283"}],"curies":[{"name":"wp","href":"https:\/\/api.w.org\/{rel}","templated":true}]}}