{"id":100841,"date":"2017-12-07T07:39:14","date_gmt":"2017-12-07T06:39:14","guid":{"rendered":"http:\/\/gazdasagportal.hu\/?p=100841"},"modified":"2017-12-07T07:39:14","modified_gmt":"2017-12-07T06:39:14","slug":"jeruzsalem-statusza-trump-a-tuzzel-jatszik","status":"publish","type":"post","link":"https:\/\/gazdasagportal.hu\/index.php\/jeruzsalem-statusza-trump-a-tuzzel-jatszik\/","title":{"rendered":"Jeruzs\u00e1lem st\u00e1tusza &#8211; Trump a t\u0171zzel j\u00e1tszik"},"content":{"rendered":"<p><strong>Donald Trump amerikai eln\u00f6k a t\u0171zzel j\u00e1tszik azzal, hogy hivatalosan Izrael f\u0151v\u00e1ros\u00e1nak ismerte el Jeruzs\u00e1lemet  &#8211; jelentette ki szerd\u00e1n Leonyid Szluckij, az orosz parlament als\u00f3h\u00e1za k\u00fcl\u00fcgyi bizotts\u00e1g\u00e1nak eln\u00f6ke.<\/strong><!--more--><\/p>\n<div class=\"ads-in-post1\"><div id=\"gazdasagportal.hu_fullbanner_wideboard\"><\/div>\r\n<\/div>\n<p>    Hangs\u00falyozta, hogy a l\u00e9p\u00e9s ellent\u00e9tes a k\u00f6zel-keleti rendez\u00e9s am\u00fagy is t\u00f6r\u00e9keny koncepci\u00f3j\u00e1val \u00e9s ism\u00e9t robban\u00e1shoz vezethet a palesztin-izraeli konfliktusban.<br \/>\n    &#8222;Ez a t\u0171zzel val\u00f3 val\u00f3s j\u00e1t\u00e9k, a sz\u00f3 szoros \u00e9rtelm\u00e9ben&#8221; &#8211; fogalmazott Szluckij \u00fajs\u00e1g\u00edr\u00f3knak nyilatkozva.<br \/>\n    R\u00e1mutatott, hogy Jeruzs\u00e1lem st\u00e1tusza m\u00e9g az 1967-es hatnapos h\u00e1bor\u00fa, a v\u00e1ros keleti r\u00e9sz\u00e9nek Izrael \u00e1ltali elfoglal\u00e1sa \u00f3ta az egyik legvitatottabb k\u00e9rd\u00e9s, \u00e9s hogy az &#8222;egyes\u00edt\u00e9st&#8221; az ENSZ sem ismerte el. Eml\u00e9keztetett r\u00e1, hogy Jeruzs\u00e1lem Izrael f\u0151v\u00e1ros\u00e1v\u00e1 nyilv\u00e1n\u00edt\u00e1s\u00e1t kor\u00e1bban h\u00e1rom amerikai eln\u00f6k is elhalasztotta.<br \/>\n    &#8222;Ha az Egyes\u00fclt \u00c1llamok Jeruzs\u00e1lembe teszi \u00e1t a nagyk\u00f6vets\u00e9g\u00e9t, akkor Washington gyakorlatilag semmibe veszi a palesztinok \u00e9s a nemzetk\u00f6zi k\u00f6z\u00f6ss\u00e9g v\u00e9lem\u00e9ny\u00e9t, bele\u00e9rtve a saj\u00e1t sz\u00f6vets\u00e9gesei\u00e9t&#8221; &#8211; mondta Leonyid Szluckij.<br \/>\n<div class=\"ads-in-post2\"><script async src=\"https:\/\/pagead2.googlesyndication.com\/pagead\/js\/adsbygoogle.js\"><\/script>\r\n<ins class=\"adsbygoogle\"\r\n     style=\"display:block\"\r\n     data-ad-format=\"fluid\"\r\n     data-ad-layout-key=\"-6t+ed+2i-1n-4w\"\r\n     data-ad-client=\"ca-pub-1959107119989764\"\r\n     data-ad-slot=\"4008251320\"><\/ins>\r\n<script>\r\n     (adsbygoogle = window.adsbygoogle || []).push({});\r\n<\/script><\/div>\n    Szergej Rjabkov orosz k\u00fcl\u00fcgyminiszter-helyettes m\u00e9g Trump bejelent\u00e9s\u00e9t megel\u0151z\u0151en figyelmeztetett a nap folyam\u00e1n, hogy Jeruzs\u00e1lem izraeli f\u0151v\u00e1rosk\u00e9nt val\u00f3 elismer\u00e9se nem seg\u00edti el\u0151 a palesztin-izraeli konfliktus rendez\u00e9s\u00e9t.<br \/>\n    Berel Lazar, Oroszorsz\u00e1g f\u0151rabbija ezzel szemben \u00fagy v\u00e9lekedetett, hogy Jeruzs\u00e1lem Izrael t\u00f6rt\u00e9nelmi f\u0151v\u00e1rosa, ez\u00e9rt ez a st\u00e1tusz hivatalos meger\u0151s\u00edt\u00e9se nem vezet majd konfliktusokhoz a r\u00e9gi\u00f3ban, hacsak azokat nem sz\u00e1nd\u00e9kosan keltik. Eml\u00e9keztetett r\u00e1, hogy nemr\u00e9giben az orosz k\u00fcl\u00fcgyminiszt\u00e9rium is olyan nyilatkozatot tett k\u00f6zz\u00e9, amelyben Nyugat-Jeruzs\u00e1lemet Izrael f\u0151v\u00e1ros\u00e1nak ismerte el.(MTI)<\/p>\n","protected":false},"excerpt":{"rendered":"<p>Donald Trump amerikai eln\u00f6k a t\u0171zzel j\u00e1tszik azzal, hogy hivatalosan Izrael f\u0151v\u00e1ros\u00e1nak ismerte el Jeruzs\u00e1lemet &#8211; jelentette ki szerd\u00e1n Leonyid Szluckij, az orosz parlament als\u00f3h\u00e1za k\u00fcl\u00fcgyi bizotts\u00e1g\u00e1nak eln\u00f6ke.<\/p>\n","protected":false},"author":1,"featured_media":0,"comment_status":"closed","ping_status":"open","sticky":false,"template":"","format":"standard","meta":[],"categories":[13,12,16],"tags":[],"_links":{"self":[{"href":"https:\/\/gazdasagportal.hu\/index.php\/wp-json\/wp\/v2\/posts\/100841"}],"collection":[{"href":"https:\/\/gazdasagportal.hu\/index.php\/wp-json\/wp\/v2\/posts"}],"about":[{"href":"https:\/\/gazdasagportal.hu\/index.php\/wp-json\/wp\/v2\/types\/post"}],"author":[{"embeddable":true,"href":"https:\/\/gazdasagportal.hu\/index.php\/wp-json\/wp\/v2\/users\/1"}],"replies":[{"embeddable":true,"href":"https:\/\/gazdasagportal.hu\/index.php\/wp-json\/wp\/v2\/comments?post=100841"}],"version-history":[{"count":1,"href":"https:\/\/gazdasagportal.hu\/index.php\/wp-json\/wp\/v2\/posts\/100841\/revisions"}],"predecessor-version":[{"id":100842,"href":"https:\/\/gazdasagportal.hu\/index.php\/wp-json\/wp\/v2\/posts\/100841\/revisions\/100842"}],"wp:attachment":[{"href":"https:\/\/gazdasagportal.hu\/index.php\/wp-json\/wp\/v2\/media?parent=100841"}],"wp:term":[{"taxonomy":"category","embeddable":true,"href":"https:\/\/gazdasagportal.hu\/index.php\/wp-json\/wp\/v2\/categories?post=100841"},{"taxonomy":"post_tag","embeddable":true,"href":"https:\/\/gazdasagportal.hu\/index.php\/wp-json\/wp\/v2\/tags?post=100841"}],"curies":[{"name":"wp","href":"https:\/\/api.w.org\/{rel}","templated":true}]}}