{"id":100839,"date":"2017-12-07T07:53:13","date_gmt":"2017-12-07T06:53:13","guid":{"rendered":"http:\/\/gazdasagportal.hu\/?p=100839"},"modified":"2017-12-07T07:38:10","modified_gmt":"2017-12-07T06:38:10","slug":"mazars-decemberben-sok-adozasi-teendojuk-van-a-vallalkozasoknak","status":"publish","type":"post","link":"https:\/\/gazdasagportal.hu\/index.php\/mazars-decemberben-sok-adozasi-teendojuk-van-a-vallalkozasoknak\/","title":{"rendered":"Mazars: decemberben sok ad\u00f3z\u00e1si teend\u0151j\u00fck van a v\u00e1llalkoz\u00e1soknak"},"content":{"rendered":"<p><strong>A v\u00e1llalkoz\u00e1soknak decemberben nemcsak a bevall\u00e1si hat\u00e1rid\u0151kre kell figyelni\u00fck, de t\u00f6bb d\u00f6nt\u00e9s meghozatal\u00e1ra is, amelyeket k\u00e9s\u0151bb m\u00e1r nem, vagy csak t\u00f6bblet adminisztr\u00e1ci\u00f3val lehet p\u00f3tolni &#8211; h\u00edvja fel a figyelmet a Mazars.<\/strong><!--more--><\/p>\n<div class=\"ads-in-post1\"><div id=\"gazdasagportal.hu_fullbanner_wideboard\"><\/div>\r\n<\/div>\n<p>    A nemzetk\u00f6zi k\u00f6nyvvizsg\u00e1l\u00f3 \u00e9s tan\u00e1csad\u00f3 v\u00e1llalat k\u00f6zlem\u00e9ny\u00e9ben kifejti: a t\u00e1rsas\u00e1giad\u00f3-felt\u00f6lt\u00e9si k\u00f6telezetts\u00e9g sz\u00e1m\u00edt\u00e1sakor c\u00e9lszer\u0171 v\u00e9giggondolni az ad\u00f3alap-cs\u00f6kkent\u0151 t\u00e9teleket \u00e9s ad\u00f3kedvezm\u00e9nyeket. Ugyancsak c\u00e9lszer\u0171 sorra venni, hogy milyen ad\u00f3alap-n\u00f6vel\u0151 t\u00e9telekkel kell majd sz\u00e1molnia a v\u00e1llalkoz\u00e1snak.<br \/>\n    Nagyobb ad\u00f3el\u0151nyt lehet el\u00e9rni, ha a l\u00e1tv\u00e1nycsapatsport, el\u0151ad\u00f3m\u0171v\u00e9szet, vagy filmm\u0171v\u00e9szet t\u00e1mogat\u00e1sa az ad\u00f3el\u0151leg-felt\u00f6lt\u00e9s terh\u00e9re t\u00f6rt\u00e9n\u0151 felaj\u00e1nl\u00e1ssal val\u00f3sul meg. Mivel a decemberi el\u0151legkieg\u00e9sz\u00edt\u00e9s alkalm\u00e1val \u00e1tutalt \u00f6sszeg eset\u00e9n m\u00e9g a magasabb, 7,5 sz\u00e1zal\u00e9kos j\u00f3v\u00e1\u00edr\u00e1s \u00e9rv\u00e9nyes\u00edthet\u0151 &#8211; mutat r\u00e1 a tan\u00e1csad\u00f3 c\u00e9g.<br \/>\n    Arra is figyelni kell, hogy nem megfelel\u0151en meghat\u00e1rozott ad\u00f3el\u0151leg-kieg\u00e9sz\u00edt\u00e9s mulaszt\u00e1si b\u00edrs\u00e1got von maga ut\u00e1n. Ha az ad\u00f3z\u00f3 az ad\u00f3\u00e9vi v\u00e1rhat\u00f3 ad\u00f3 \u00f6sszeg\u00e9t nem vallotta be, \u00e9s nem fizette meg legal\u00e1bb a 90 sz\u00e1zal\u00e9k\u00e1t december 20-ig, a t\u00e9nylegesen bevallott \u00e9s befizetett el\u0151leg, valamint az ad\u00f3 90 sz\u00e1zal\u00e9k\u00e1nak k\u00fcl\u00f6nb\u00f6zete ut\u00e1n 20 sz\u00e1zal\u00e9kig terjed\u0151 mulaszt\u00e1si b\u00edrs\u00e1got szab ki r\u00e1 az ad\u00f3hat\u00f3s\u00e1g.<br \/>\n<div class=\"ads-in-post2\"><script async src=\"https:\/\/pagead2.googlesyndication.com\/pagead\/js\/adsbygoogle.js\"><\/script>\r\n<ins class=\"adsbygoogle\"\r\n     style=\"display:block\"\r\n     data-ad-format=\"fluid\"\r\n     data-ad-layout-key=\"-6t+ed+2i-1n-4w\"\r\n     data-ad-client=\"ca-pub-1959107119989764\"\r\n     data-ad-slot=\"4008251320\"><\/ins>\r\n<script>\r\n     (adsbygoogle = window.adsbygoogle || []).push({});\r\n<\/script><\/div>\n    K\u00f6zeleg az orsz\u00e1gonk\u00e9nti jelent\u00e9shez (CbCR) kapcsol\u00f3d\u00f3 bejelent\u00e9si hat\u00e1rid\u0151 is. A napt\u00e1r szerinti \u00fczleti \u00e9vet k\u00f6vet\u0151 ad\u00f3z\u00f3knak december 31-ig &#8211; a 2016-os \u00e9s 2017-es \u00fczleti \u00e9vekre vonatkoz\u00f3an &#8211; CbCR bejelent\u00e9si k\u00f6telezetts\u00e9g\u00fck lesz. Ez minden magyar t\u00e1rsas\u00e1got \u00e9rint, amely olyan nemzetk\u00f6zi v\u00e1llalatcsoport tagja, amelynek az \u00e9ves konszolid\u00e1lt bev\u00e9tele el\u00e9ri a 750 milli\u00f3 eur\u00f3t.<br \/>\n    A bejelent\u00e9si k\u00f6telezetts\u00e9get a 17T201T formanyomtatv\u00e1nyon teljes\u00edthetik a c\u00e9gek, amelyet k\u00fcl\u00f6n-k\u00fcl\u00f6n kell beny\u00fajtani a k\u00e9t \u00e9vre.<br \/>\n    2018. janu\u00e1r 1-je ut\u00e1n a gazd\u00e1lkod\u00f3 szervezetek m\u00e1r csak elektronikus \u00faton &#8211; a C\u00e9gkapun kereszt\u00fcl &#8211; tarthatj\u00e1k a kapcsolatot az \u00e1llammal, \u00e9s bevall\u00e1saikat is ezen kereszt\u00fcl kell majd beny\u00fajtaniuk. A c\u00e9gkapus regisztr\u00e1ci\u00f3 2017. december 31-ig minden gazd\u00e1lkod\u00f3 szervezet sz\u00e1m\u00e1ra k\u00f6telez\u0151 &#8211; figyelmeztet a Mazars. Mivel a j\u00f6v\u0151ben az \u00f6sszes k\u00f6zigazgat\u00e1si \u00e9s hat\u00f3s\u00e1gi elj\u00e1r\u00e1ssal kapcsolatos kommunik\u00e1ci\u00f3 ezen a csatorn\u00e1n kereszt\u00fcl t\u00f6rt\u00e9nik majd, ez a C\u00e9gkapu t\u00e1rhely folyamatos menedzsmentj\u00e9t k\u00edv\u00e1nja &#8211; \u00edrj\u00e1k.<br \/>\n    Az \u00e1fabevall\u00e1ssal kapcsolatban a Mazars arra h\u00edvja fel a figyelmet, hogy a decemberi, a negyedik negyed\u00e9ves vagy \u00e9ves bevall\u00e1s beny\u00fajt\u00e1sa el\u0151tt az \u00e1faanalitik\u00e1t \u00e9s beszerz\u00e9si sz\u00e1ml\u00e1kat is meg kell vizsg\u00e1lni az \u00e1fat\u00f6rv\u00e9ny 153\/A paragrafus\u00e1nak 2016. janu\u00e1r 1-jei m\u00f3dos\u00edt\u00e1sa miatt. A fizetend\u0151 ad\u00f3t ugyanis csak ugyanazon ad\u00f3meg\u00e1llap\u00edt\u00e1si id\u0151szakban keletkezett \u00e1f\u00e1val, vagy ezt megel\u0151z\u0151en keletkezett, de legfeljebb a t\u00e1rgyid\u0151szakot mag\u00e1ban foglal\u00f3 napt\u00e1ri \u00e9vet megel\u0151z\u0151 egy napt\u00e1ri \u00e9ven bel\u00fcl keletkezett \u00e1fa \u00f6sszeg\u00e9vel lehet cs\u00f6kkenteni.<br \/>\n    Hozz\u00e1teszik, mostan\u00e1ig ez a v\u00e1ltoz\u00e1s nem jelentett probl\u00e9m\u00e1t, hiszen nem telt m\u00e9g el k\u00e9t \u00e9v a jogszab\u00e1lyv\u00e1ltoz\u00e1s \u00f3ta. A j\u00f6v\u0151 \u00e9vi bevall\u00e1sok eset\u00e9ben ez azt jelenti, hogy legfeljebb a  2017-ben keletkezett \u00e1f\u00e1val cs\u00f6kkenthet\u0151 majd a fizetend\u0151 ad\u00f3. A levon\u00e1si jog persze megmarad, azonban ahhoz, hogy a 2016-ban keletkezett \u00e1f\u00e1val cs\u00f6kkenteni lehessen a fizetend\u0151 ad\u00f3t, a 2018-as id\u0151szakot megel\u0151z\u0151 valamelyik \u00e1fabevall\u00e1si-id\u0151szakot \u00f6nellen\u0151rz\u00e9ssel korrig\u00e1lni kell. \u00c9rdemes teh\u00e1t a 2016-os teljes\u00edt\u00e9si d\u00e1tummal rendelkez\u0151, eddig m\u00e9g nem levont \u00e1fatartalm\u00fa beszerz\u00e9si sz\u00e1ml\u00e1kat a 2017. negyedik negyed\u00e9ves, illetve &#8211; \u00e1fabevall\u00e1si gyakoris\u00e1g szerint &#8211; a 2017. decemberi vagy a 2017-es \u00e9ves bevall\u00e1sban szerepeltetni.(MTI)<\/p>\n","protected":false},"excerpt":{"rendered":"<p>A v\u00e1llalkoz\u00e1soknak decemberben nemcsak a bevall\u00e1si hat\u00e1rid\u0151kre kell figyelni\u00fck, de t\u00f6bb d\u00f6nt\u00e9s meghozatal\u00e1ra is, amelyeket k\u00e9s\u0151bb m\u00e1r nem, vagy csak t\u00f6bblet adminisztr\u00e1ci\u00f3val lehet p\u00f3tolni &#8211; h\u00edvja fel a figyelmet a Mazars.<\/p>\n","protected":false},"author":1,"featured_media":0,"comment_status":"closed","ping_status":"open","sticky":false,"template":"","format":"standard","meta":[],"categories":[20,19],"tags":[],"_links":{"self":[{"href":"https:\/\/gazdasagportal.hu\/index.php\/wp-json\/wp\/v2\/posts\/100839"}],"collection":[{"href":"https:\/\/gazdasagportal.hu\/index.php\/wp-json\/wp\/v2\/posts"}],"about":[{"href":"https:\/\/gazdasagportal.hu\/index.php\/wp-json\/wp\/v2\/types\/post"}],"author":[{"embeddable":true,"href":"https:\/\/gazdasagportal.hu\/index.php\/wp-json\/wp\/v2\/users\/1"}],"replies":[{"embeddable":true,"href":"https:\/\/gazdasagportal.hu\/index.php\/wp-json\/wp\/v2\/comments?post=100839"}],"version-history":[{"count":1,"href":"https:\/\/gazdasagportal.hu\/index.php\/wp-json\/wp\/v2\/posts\/100839\/revisions"}],"predecessor-version":[{"id":100840,"href":"https:\/\/gazdasagportal.hu\/index.php\/wp-json\/wp\/v2\/posts\/100839\/revisions\/100840"}],"wp:attachment":[{"href":"https:\/\/gazdasagportal.hu\/index.php\/wp-json\/wp\/v2\/media?parent=100839"}],"wp:term":[{"taxonomy":"category","embeddable":true,"href":"https:\/\/gazdasagportal.hu\/index.php\/wp-json\/wp\/v2\/categories?post=100839"},{"taxonomy":"post_tag","embeddable":true,"href":"https:\/\/gazdasagportal.hu\/index.php\/wp-json\/wp\/v2\/tags?post=100839"}],"curies":[{"name":"wp","href":"https:\/\/api.w.org\/{rel}","templated":true}]}}