{"id":10080,"date":"2013-06-17T17:06:41","date_gmt":"2013-06-17T15:06:41","guid":{"rendered":"http:\/\/stockportal.hu\/?p=10080"},"modified":"2013-06-17T17:06:41","modified_gmt":"2013-06-17T15:06:41","slug":"piaci-kommentar-a-het-legfontosabb-esemenye-a-fed-ulese","status":"publish","type":"post","link":"https:\/\/gazdasagportal.hu\/index.php\/piaci-kommentar-a-het-legfontosabb-esemenye-a-fed-ulese\/","title":{"rendered":"Piaci komment\u00e1r: A h\u00e9t legfontosabb esem\u00e9nye a Fed \u00fcl\u00e9se"},"content":{"rendered":"<p><strong>A Fed szerdai kamatd\u00f6nt\u00e9se \u00e9s az ezt k\u00f6vet\u0151 Bernanke-besz\u00e9d a h\u00e9t f\u00f3kuszpontja, a piac a QE programmal kapcsolatos inform\u00e1ci\u00f3kra k\u00edv\u00e1ncsi, hogy hogyan v\u00e1ltozott a jegybank \u00e1ll\u00e1spontja a laz\u00edt\u00e1s \u00fctem\u00e9vel kapcsolatban &#8211; H\u00e1da B\u00e1lint, vezet\u0151 elemz\u0151 heti kitekint\u0151je.<!--more--><\/strong><\/p>\n<p>&nbsp;<br \/>\n<object width=\"480\" height=\"270\" data=\"http:\/\/gazdasagtv.hu\/embed\/?id=5147\" type=\"application\/x-shockwave-flash\"><param value=\"http:\/\/gazdasagtv.hu\/embed\/?id=5147\" name=\"data\"><param value=\"http:\/\/gazdasagtv.hu\/embed\/?id=5147\" name=\"src\"><param value=\"false\" name=\"menu\"><param value=\"high\" name=\"quality\"><param value=\"#000000\" name=\"bgcolor\"><param value=\"transparent\" name=\"wmode\"><param value=\"file=http:\/\/88.151.99.192\/video\/2013-06-17\/gtv-tozsdelive-quaestor-2012-06-17-hd.mp4&#038;image=http:\/\/88.151.99.192\/image\/gen\/2013-06-17\/5147.jpg&#038;showdigits=true&#038;autostart=false&#038;repeat=false&#038;dock=true&#038;controlbar=over&#038;plugins=http:\/\/plugins.longtailvideo.com\/yourlytics-1.swf,timeslidertooltipplugin-2&#038;skin=http:\/\/gazdasagtv.hu\/swf\/skin.zip\" name=\"flashvars\"><\/object><\/p>\n","protected":false},"excerpt":{"rendered":"<p>A Fed szerdai kamatd\u00f6nt\u00e9se \u00e9s az ezt k\u00f6vet\u0151 Bernanke-besz\u00e9d a h\u00e9t f\u00f3kuszpontja, a piac a QE programmal kapcsolatos inform\u00e1ci\u00f3kra k\u00edv\u00e1ncsi, hogy hogyan v\u00e1ltozott a jegybank \u00e1ll\u00e1spontja a laz\u00edt\u00e1s \u00fctem\u00e9vel kapcsolatban &#8211; H\u00e1da B\u00e1lint, vezet\u0151 elemz\u0151 heti kitekint\u0151je.<\/p>\n","protected":false},"author":1,"featured_media":3720,"comment_status":"open","ping_status":"closed","sticky":false,"template":"","format":"standard","meta":[],"categories":[1,8],"tags":[],"_links":{"self":[{"href":"https:\/\/gazdasagportal.hu\/index.php\/wp-json\/wp\/v2\/posts\/10080"}],"collection":[{"href":"https:\/\/gazdasagportal.hu\/index.php\/wp-json\/wp\/v2\/posts"}],"about":[{"href":"https:\/\/gazdasagportal.hu\/index.php\/wp-json\/wp\/v2\/types\/post"}],"author":[{"embeddable":true,"href":"https:\/\/gazdasagportal.hu\/index.php\/wp-json\/wp\/v2\/users\/1"}],"replies":[{"embeddable":true,"href":"https:\/\/gazdasagportal.hu\/index.php\/wp-json\/wp\/v2\/comments?post=10080"}],"version-history":[{"count":1,"href":"https:\/\/gazdasagportal.hu\/index.php\/wp-json\/wp\/v2\/posts\/10080\/revisions"}],"predecessor-version":[{"id":10081,"href":"https:\/\/gazdasagportal.hu\/index.php\/wp-json\/wp\/v2\/posts\/10080\/revisions\/10081"}],"wp:featuredmedia":[{"embeddable":true,"href":"https:\/\/gazdasagportal.hu\/index.php\/wp-json\/wp\/v2\/media\/3720"}],"wp:attachment":[{"href":"https:\/\/gazdasagportal.hu\/index.php\/wp-json\/wp\/v2\/media?parent=10080"}],"wp:term":[{"taxonomy":"category","embeddable":true,"href":"https:\/\/gazdasagportal.hu\/index.php\/wp-json\/wp\/v2\/categories?post=10080"},{"taxonomy":"post_tag","embeddable":true,"href":"https:\/\/gazdasagportal.hu\/index.php\/wp-json\/wp\/v2\/tags?post=10080"}],"curies":[{"name":"wp","href":"https:\/\/api.w.org\/{rel}","templated":true}]}}