{"id":100548,"date":"2017-11-30T13:09:55","date_gmt":"2017-11-30T12:09:55","guid":{"rendered":"http:\/\/gazdasagportal.hu\/?p=100548"},"modified":"2017-11-30T13:09:55","modified_gmt":"2017-11-30T12:09:55","slug":"jobbik-a-fidesz-kdnp-leszavazta-a-csaladtamogatasok-boviteset","status":"publish","type":"post","link":"https:\/\/gazdasagportal.hu\/index.php\/jobbik-a-fidesz-kdnp-leszavazta-a-csaladtamogatasok-boviteset\/","title":{"rendered":"Jobbik: a Fidesz-KDNP leszavazta a csal\u00e1dt\u00e1mogat\u00e1sok b\u0151v\u00edt\u00e9s\u00e9t"},"content":{"rendered":"<p><strong>A Jobbik \u00fajra beny\u00fajtja a parlamentnek azokat a csal\u00e1dt\u00e1mogat\u00e1si elk\u00e9pzel\u00e9seit, amelyeket a Fidesz \u00e9s a KDNP k\u00e9pvisel\u0151i leszavaztak &#8211; mondta cs\u00fct\u00f6rt\u00f6ki, budapesti sajt\u00f3t\u00e1j\u00e9koztat\u00f3j\u00e1n D\u00far\u00f3 D\u00f3ra.<\/strong><!--more--><\/p>\n<div class=\"ads-in-post1\"><div id=\"gazdasagportal.hu_fullbanner_wideboard\"><\/div>\r\n<\/div>\n<p>    A jobbikos orsz\u00e1ggy\u0171l\u00e9si k\u00e9pvisel\u0151 p\u00e1rtja tizenk\u00e9t pontb\u00f3l \u00e1ll\u00f3 csomagj\u00e1b\u00f3l id\u00e9zve az infl\u00e1ci\u00f3k\u00f6vet\u0151 csal\u00e1dt\u00e1mogat\u00e1si rendszert, a gyermeknevel\u00e9shez sz\u00fcks\u00e9ges cikkek \u00e1f\u00e1j\u00e1nak \u00f6t sz\u00e1zal\u00e9kra cs\u00f6kkent\u00e9s\u00e9t, a b\u00e9rlak\u00e1s\u00e9p\u00edt\u00e9si programot, a b\u00f6lcs\u0151dei gondoz\u00e1si d\u00edjak elt\u00f6rl\u00e9s\u00e9t, az \u00e9desany\u00e1k munkaer\u0151piacra val\u00f3 visszat\u00e9r\u00e9s\u00e9nek el\u0151seg\u00edt\u00e9s\u00e9t, a f\u0151\u00e1ll\u00e1s\u00fa sz\u00fcl\u0151s\u00e9g jogint\u00e9zm\u00e9ny\u00e9nek bevezet\u00e9s\u00e9t, a n\u00e9gygyermekes csal\u00e1dmodell n\u00e9pszer\u0171s\u00edt\u00e9s\u00e9t \u00e9s a sz\u00fcl\u0151t\u00e1mogat\u00e1si \u00e9letj\u00e1rad\u00e9k bevezet\u00e9s\u00e9t eml\u00edtette.<br \/>\n    A k\u00e9pvisel\u0151 \u00fagy fogalmazott: a korm\u00e1nyp\u00e1rtok kor\u00e1bban \u00f6tp\u00e1rti nyilatkozatban v\u00e1llalt\u00e1k, hogy t\u00e1mogatj\u00e1k ezeket a javaslatokat. Ezzel arra utalt, hogy 2013-ban a H\u00e1rom Kir\u00e1lyfi, H\u00e1rom Kir\u00e1lyl\u00e1ny Mozgalom kezdem\u00e9nyez\u00e9s\u00e9re l\u00e9trej\u00f6tt \u00f6tp\u00e1rti nyilatkozat al\u00e1\u00edr\u00f3i v\u00e1llalt\u00e1k: mind korm\u00e1nyon, mind ellenz\u00e9kben t\u00e1mogatni fogj\u00e1k a n\u00e9pess\u00e9g n\u00f6vel\u00e9s\u00e9t c\u00e9lz\u00f3 javaslatokat. Kiemelte, hogy Rog\u00e1n Antal fideszes \u00e9s Harrach P\u00e9ter kereszt\u00e9nydemokrata frakci\u00f3vezet\u0151k\u00e9nt is al\u00e1\u00edrta a dokumentumot.<br \/>\n<div class=\"ads-in-post2\"><script async src=\"https:\/\/pagead2.googlesyndication.com\/pagead\/js\/adsbygoogle.js\"><\/script>\r\n<ins class=\"adsbygoogle\"\r\n     style=\"display:block\"\r\n     data-ad-format=\"fluid\"\r\n     data-ad-layout-key=\"-6t+ed+2i-1n-4w\"\r\n     data-ad-client=\"ca-pub-1959107119989764\"\r\n     data-ad-slot=\"4008251320\"><\/ins>\r\n<script>\r\n     (adsbygoogle = window.adsbygoogle || []).push({});\r\n<\/script><\/div>\n    A probl\u00e9ma az\u00f3ta egyre nagyobb lett, a KSH legfrissebb adatai szerint 2017-ben felgyorsult a n\u00e9pess\u00e9gfogy\u00e1s \u00e9s az ezer lakosra jut\u00f3 \u00e9lve sz\u00fclet\u00e9sek sz\u00e1ma sem n\u0151tt &#8211; k\u00f6z\u00f6lte. D\u00far\u00f3 D\u00f3ra egy\u00fattal az Ir\u00e1nyt\u0171 Int\u00e9zet 2015. janu\u00e1ri, ezer ember megk\u00e9rdez\u00e9s\u00e9vel k\u00e9sz\u00fclt felm\u00e9r\u00e9s\u00e9re hivatkozva azt mondta, a megk\u00e9rdezettek 59 sz\u00e1zal\u00e9ka egyet\u00e9rtett azzal, hogy a n\u00e9pess\u00e9gfogy\u00e1s a magyars\u00e1g legnagyobb probl\u00e9m\u00e1inak gy\u00f6kere. Hozz\u00e1tette, hogy a v\u00e1laszad\u00f3k 78 sz\u00e1zal\u00e9ka szerint a korm\u00e1nyzat csal\u00e1dpolitikai int\u00e9zked\u00e9sei nem elegend\u0151ek a v\u00e1ls\u00e1g kezel\u00e9s\u00e9hez.<br \/>\n    A politikus megk\u00e9rdezt\u00e9k arr\u00f3l, hogy a f\u00fcggetlen K\u00e9sz Zolt\u00e1n egyik f\u00f3rum\u00e1n a jobbikos R\u00edg Lajos is megjelent \u00e9s ott arr\u00f3l besz\u00e9lt, hogy egy\u00e9niben a leges\u00e9lyesebb ellenz\u00e9ki jel\u00f6ltre kell szavazni. A Jobbik nem t\u00e1mogatja K\u00e9sz Zolt\u00e1n k\u00e9pvisel\u0151jel\u00f6lts\u00e9g\u00e9t, a veszpr\u00e9mi k\u00f6rzetben Varga-Damm Andrea lesz a jel\u00f6ltj\u00fck &#8211; jelentette ki.<br \/>\n    Egy m\u00e1sik k\u00e9rd\u00e9sre felelve D\u00far\u00f3 D\u00f3ra azt mondta, szem\u00e9lyesen nem ismeri Er\u0151s Erzs\u00e9betet, a Jobbik nyugd\u00edjastagozat\u00e1nak aleln\u00f6k\u00e9t, aki Facebook-bejegyz\u00e9seiben zsid\u00f3- \u00e9s cig\u00e1nyellenes, valamint az erd\u00e9lyi magyarokat s\u00e9rt\u0151 kijelent\u00e9seket tett. Egy \u00fajabb k\u00e9rd\u00e9sre v\u00e1laszolva azt mondta, az\u00e9rt lehetett a tagozat aleln\u00f6ke, mert a tagok megv\u00e1lasztott\u00e1k.<br \/>\n    Egy p\u00e1rtnak nincsenek lehet\u0151s\u00e9gei a nemzetbiztons\u00e1gi ellen\u0151rz\u00e9sre, nincs m\u00f3dja arra, hogy emberek mag\u00e1n\u00e9let\u00e9ben kutakodjon &#8211; tette hozz\u00e1. Egy ehhez kapcsol\u00f3d\u00f3 felvet\u00e9sre azt mondta, nem l\u00e1tta azt a 2016-os, a Youtube-on is k\u00f6zz\u00e9tett felv\u00e9telt, amelyen Er\u0151s Erzs\u00e9bet s\u00e9rt\u0151 kijelent\u00e9seket tett a zsid\u00f3s\u00e1gra \u00e9s a cig\u00e1nys\u00e1gra, ez\u00e9rt nem tud nyilatkozni r\u00f3la.<br \/>\n    D\u00far\u00f3 D\u00f3r\u00e1t megk\u00e9rdezt\u00e9k, hogy sz\u00e1m\u00edthat-e szankci\u00f3kra kor\u00e1bbi s\u00e9rt\u0151 tartalm\u00fa kijelent\u00e9sei\u00e9rt Sneider Tam\u00e1s, Kulcs\u00e1r Gergely vagy Ap\u00e1ti Istv\u00e1n. A politikus, aki el\u0151sz\u00f6r csak az el\u0151bbi k\u00e9t k\u00e9pvisel\u0151 nev\u00e9t hallotta a k\u00e9rd\u00e9sb\u0151l, nemmel felelt, majd hozz\u00e1tette: az Ap\u00e1ti Istv\u00e1nnal kapcsolatos k\u00e9rd\u00e9sekre m\u00e1r sokszor v\u00e1laszoltak. A politikai t\u00e1mad\u00e1sr\u00f3l besz\u00e9l\u0151 k\u00e9pvisel\u0151 v\u00e9g\u00fcl azt mondta, nincs sz\u00fcks\u00e9g arra, hogy folyamatosan feltegy\u00e9k nekik ugyanezeket a k\u00e9rd\u00e9seket, \u00e9s azt k\u00e9rte, hogy ezekkel a megkeres\u00e9sekkel az \u00fajs\u00e1g\u00edr\u00f3k forduljanak a p\u00e1rt sajt\u00f3oszt\u00e1ly\u00e1hoz.<br \/>\n(MTI)<\/p>\n","protected":false},"excerpt":{"rendered":"<p>A Jobbik \u00fajra beny\u00fajtja a parlamentnek azokat a csal\u00e1dt\u00e1mogat\u00e1si elk\u00e9pzel\u00e9seit, amelyeket a Fidesz \u00e9s a KDNP k\u00e9pvisel\u0151i leszavaztak &#8211; mondta cs\u00fct\u00f6rt\u00f6ki, budapesti sajt\u00f3t\u00e1j\u00e9koztat\u00f3j\u00e1n D\u00far\u00f3 D\u00f3ra.<\/p>\n","protected":false},"author":1,"featured_media":0,"comment_status":"closed","ping_status":"open","sticky":false,"template":"","format":"standard","meta":[],"categories":[4,18],"tags":[],"_links":{"self":[{"href":"https:\/\/gazdasagportal.hu\/index.php\/wp-json\/wp\/v2\/posts\/100548"}],"collection":[{"href":"https:\/\/gazdasagportal.hu\/index.php\/wp-json\/wp\/v2\/posts"}],"about":[{"href":"https:\/\/gazdasagportal.hu\/index.php\/wp-json\/wp\/v2\/types\/post"}],"author":[{"embeddable":true,"href":"https:\/\/gazdasagportal.hu\/index.php\/wp-json\/wp\/v2\/users\/1"}],"replies":[{"embeddable":true,"href":"https:\/\/gazdasagportal.hu\/index.php\/wp-json\/wp\/v2\/comments?post=100548"}],"version-history":[{"count":1,"href":"https:\/\/gazdasagportal.hu\/index.php\/wp-json\/wp\/v2\/posts\/100548\/revisions"}],"predecessor-version":[{"id":100549,"href":"https:\/\/gazdasagportal.hu\/index.php\/wp-json\/wp\/v2\/posts\/100548\/revisions\/100549"}],"wp:attachment":[{"href":"https:\/\/gazdasagportal.hu\/index.php\/wp-json\/wp\/v2\/media?parent=100548"}],"wp:term":[{"taxonomy":"category","embeddable":true,"href":"https:\/\/gazdasagportal.hu\/index.php\/wp-json\/wp\/v2\/categories?post=100548"},{"taxonomy":"post_tag","embeddable":true,"href":"https:\/\/gazdasagportal.hu\/index.php\/wp-json\/wp\/v2\/tags?post=100548"}],"curies":[{"name":"wp","href":"https:\/\/api.w.org\/{rel}","templated":true}]}}