{"id":100538,"date":"2017-11-30T10:38:47","date_gmt":"2017-11-30T09:38:47","guid":{"rendered":"http:\/\/gazdasagportal.hu\/?p=100538"},"modified":"2017-11-30T10:38:47","modified_gmt":"2017-11-30T09:38:47","slug":"diplomat-kaptak-a-mercedes-benz-muvezetoi","status":"publish","type":"post","link":"https:\/\/gazdasagportal.hu\/index.php\/diplomat-kaptak-a-mercedes-benz-muvezetoi\/","title":{"rendered":"Diplom\u00e1t kaptak a Mercedes-Benz m\u0171vezet\u0151i"},"content":{"rendered":"<p><strong>N\u00e9met mint\u00e1ra szervezt\u00e9k a tov\u00e1bbk\u00e9pz\u00e9st a kecskem\u00e9ti aut\u00f3gy\u00e1rban. Megkapt\u00e1k diplom\u00e1jukat a Magyarorsz\u00e1gon egyed\u00fcl\u00e1ll\u00f3 ipari m\u0171vezet\u0151k\u00e9pz\u00e9s els\u0151 v\u00e9gz\u0151s hallgat\u00f3i Kecskem\u00e9ten.<\/strong><!--more--><\/p>\n<div class=\"ads-in-post1\"><div id=\"gazdasagportal.hu_fullbanner_wideboard\"><\/div>\r\n<\/div>\n<ul>\n<li>A Magyarorsz\u00e1gon egyed\u00fcl\u00e1ll\u00f3 ipari m\u0171vezet\u0151 k\u00e9pz\u00e9s els\u0151 v\u00e9gz\u0151s hallgat\u00f3i a kecskem\u00e9ti Mercedes-Benz gy\u00e1r dolgoz\u00f3i voltak. Az egy\u00e9ves oktat\u00e1s z\u00e1r\u00e1sak\u00e9nt tizen\u00f6t szakember vehette \u00e1t magyar-n\u00e9met diplom\u00e1j\u00e1t.<\/li>\n<li>A N\u00e9met-Magyar Ipari \u00e9s Kereskedelmi Kamar\u00e1val k\u00f6z\u00f6sen szervezett oktat\u00e1s keret\u00e9ben 5 \u00e9v alatt \u00f6sszesen 180 munkat\u00e1rsat k\u00e9peznek majd Kecskem\u00e9ten.<\/li>\n<li>A diplomaoszt\u00f3n Dr. Horv\u00e1th Zita fels\u0151oktat\u00e1s\u00e9rt felel\u0151s helyettes \u00e1llamtitk\u00e1r is r\u00e9szt vett, aki m\u00e9ltatta a Mercedes-Benz gy\u00e1r hum\u00e1n er\u0151forr\u00e1s strat\u00e9gi\u00e1j\u00e1t, amely a gener\u00e1ci\u00f3k oktat\u00e1s\u00e1ra, fejleszt\u00e9s\u00e9re f\u00f3kusz\u00e1l.<\/li>\n<\/ul>\n<p>Megkapt\u00e1k diplom\u00e1jukat a Magyarorsz\u00e1gon egyed\u00fcl\u00e1ll\u00f3 ipari m\u0171vezet\u0151k\u00e9pz\u00e9s els\u0151 v\u00e9gz\u0151s hallgat\u00f3i Kecskem\u00e9ten. \u00a0A hi\u00e1nyp\u00f3tl\u00f3 program k\u00fcl\u00f6nlegess\u00e9ge, hogy egy eddig nem l\u00e9tez\u0151 k\u00e9pz\u00e9si kateg\u00f3ri\u00e1t teremtett Magyarorsz\u00e1gon, az oktat\u00e1si anyagokat a N\u00e9met-Magyar Iparkamara szakemberei a Mercedes-Benz hazai gy\u00e1r\u00e1nak ig\u00e9nyeire szabva dolgozt\u00e1k ki a n\u00e9metorsz\u00e1gi tananyagot alapul v\u00e9ve. A N\u00e9met-Magyar Iparkamar\u00e1val k\u00f6z\u00f6sen szervezett k\u00e9pz\u00e9sen \u2013 az els\u0151 ciklus z\u00e1r\u00e1sak\u00e9nt \u2013 a Mercedes-Benz gy\u00e1r tizen\u00f6t szakembere tett sikeres vizsg\u00e1t, \u00e9s vehette \u00e1t a mai napon a v\u00e9gzetts\u00e9g\u00e9t igazol\u00f3, magyar-n\u00e9met diplom\u00e1t. Az \u00f6t\u00e9ves k\u00e9pz\u00e9si projekt sor\u00e1n \u00e9vente t\u00f6bb csoportban, \u00f6sszesen 180 szakember vehet r\u00e9szt a Mercedes-Benz gy\u00e1r k\u00fcl\u00f6nb\u00f6z\u0151 \u00fczemegys\u00e9geib\u0151l a k\u00e9pz\u00e9seken, amely hozz\u00e1j\u00e1rul ahhoz, hogy magas szint\u0171 felk\u00e9sz\u00fclts\u00e9ggel rendelkez\u0151 m\u0171vezet\u0151k dolgozzanak minden ter\u00fcleten, s gyorsabb \u00e9s hat\u00e9konyabb probl\u00e9mamegold\u00e1sra legyenek k\u00e9pesek. A r\u00e9sztvev\u0151k a k\u00e9pz\u00e9s seg\u00edts\u00e9g\u00e9vel a mindennapi munk\u00e1jukat t\u00e1mogat\u00f3, gyakorlatban is j\u00f3l haszn\u00e1lhat\u00f3 elm\u00e9leti tud\u00e1st szereznek, de a tapasztalatgy\u0171jt\u00e9s a vezet\u0151i ismereteik sz\u00e9lesk\u00f6r\u0171 b\u0151v\u00edt\u00e9s\u00e9hez is hozz\u00e1j\u00e1rul. A tant\u00e1rgyak k\u00f6z\u00f6tt szerepel a k\u00f6zgazdas\u00e1gtant\u00f3l kezdve a fejleszt\u0151, motiv\u00e1ci\u00f3s \u00e9s kommunik\u00e1ci\u00f3s tr\u00e9ningeken \u00e1t, a min\u0151s\u00e9gir\u00e1ny\u00edt\u00e1sig sz\u00e1mos ismeretanyag.<\/p>\n<p>\u201eA legjobb min\u0151s\u00e9g\u0171 aut\u00f3kat, csak elk\u00f6telezett \u00e9s motiv\u00e1lt dolgoz\u00f3i k\u00f6z\u00f6ss\u00e9ggel lehet megval\u00f3s\u00edtani, akik nyitottak a legmagasabb szint\u0171 tud\u00e1s elsaj\u00e1t\u00edt\u00e1s\u00e1ra \u00e9s a folyamatos fejl\u0151d\u00e9sre. Kecskem\u00e9ti gy\u00e1runk siker\u00e9t a csapatmunka adja, amelynek fontos szerepl\u0151i a magasan kvalifik\u00e1lt m\u0171vezet\u0151k. Sz\u00e1mukra szervezett oktat\u00e1si programunkban a n\u00e9metorsz\u00e1gi anyav\u00e1llalatunk \u00e1ltal fejlesztett f\u0151bb modulokat \u00fcltetett\u00fck \u00e1t a magyarorsz\u00e1gi viszonyokra. A k\u00e9pz\u00e9s sikeres elv\u00e9gz\u00e9se ut\u00e1n a r\u00e9sztvev\u0151k k\u00e9tnyelv\u0171 diplom\u00e1t kapnak, ami a piack\u00e9pes eur\u00f3pai tud\u00e1s z\u00e1loga\u201d, hangs\u00falyozta Christian Wolff, Mercedes-Benz Manufacturing Hungary Kft. \u00fcgyvezet\u0151 igazgat\u00f3ja.<\/p><div id=\"gazda-339508042\" class=\"gazda-tartalomban gazda-entity-placement\"><script async src=\"https:\/\/pagead2.googlesyndication.com\/pagead\/js\/adsbygoogle.js\"><\/script>\r\n<ins class=\"adsbygoogle\"\r\n     style=\"display:block\"\r\n     data-ad-format=\"fluid\"\r\n     data-ad-layout-key=\"-6t+ed+2i-1n-4w\"\r\n     data-ad-client=\"ca-pub-1959107119989764\"\r\n     data-ad-slot=\"4008251320\"><\/ins>\r\n<script>\r\n     (adsbygoogle = window.adsbygoogle || []).push({});\r\n<\/script><\/div>\n<p>&nbsp;<\/p>\n<p>Dr. Horv\u00e1th Zita fels\u0151oktat\u00e1s\u00e9rt helyettes \u00e1llamtitk\u00e1r az \u00fcnnep\u00e9lyes esem\u00e9nyen Darwinra utalva kiemelte, hogy nem felt\u00e9tlen\u00fcl a legokosabb, legszebb, legtehets\u00e9gesebb ember viszi a legt\u00f6bbre, hanem az, aki rugalmas, k\u00e9pes v\u00e1ltozni \u00e9s a mindenkori megv\u00e1ltozott k\u00f6r\u00fclm\u00e9nyekhez alkalmazkodni. A Mercedes-Benz kecskem\u00e9ti gy\u00e1r\u00e1ban dolgoz\u00f3, frissen v\u00e9gzett m\u0171vezet\u0151k m\u00e1r azon fiatal magyar szakemberek t\u00e1bor\u00e1t er\u0151s\u00edtik, akik komoly szakmai alaptud\u00e1ssal rendelkeznek \u00e9s rugalmasan, mobilisan \u201ek\u00f6zlekednek\u201d az aut\u00f3gy\u00e1rt\u00e1s nemzetk\u00f6zi munkaer\u0151piac\u00e1n.<\/p>\n<div class=\"ads-in-post2\"><script async src=\"https:\/\/pagead2.googlesyndication.com\/pagead\/js\/adsbygoogle.js\"><\/script>\r\n<ins class=\"adsbygoogle\"\r\n     style=\"display:block\"\r\n     data-ad-format=\"fluid\"\r\n     data-ad-layout-key=\"-6t+ed+2i-1n-4w\"\r\n     data-ad-client=\"ca-pub-1959107119989764\"\r\n     data-ad-slot=\"4008251320\"><\/ins>\r\n<script>\r\n     (adsbygoogle = window.adsbygoogle || []).push({});\r\n<\/script><\/div>\n&nbsp;<\/p>\n<p>Dr. Gabriel Brennauer, a N\u00e9met-Magyar Ipari \u00e9s Kereskedelmi Kamara \u00fcgyvezet\u0151 eln\u00f6ks\u00e9gi tagja kifejtette: \u201eA k\u00e9pz\u00e9s alapja a n\u00e9met kamarai szervezet elm\u00e9lete \u00e9s tananyagai, valamint a tr\u00e9nerek \u00e9s oktat\u00f3k \u00fajszer\u0171 kombin\u00e1ci\u00f3ja. \u0150k rengeteg tapasztalattal, valamint n\u00e9met-magyar kultur\u00e1lis h\u00e1tt\u00e9rrel rendelkeznek, ezeket pedig itt a Mercedes-Benzn\u00e9l a gyakorlati alkalmazhat\u00f3s\u00e1got \u00e9s megval\u00f3s\u00edthat\u00f3s\u00e1got a k\u00f6z\u00e9ppontba \u00e1ll\u00edtva kamatoztatj\u00e1k a gyakorlatban.\u201c<\/p>\n<p>\u201eA m\u0171vezet\u0151k\u00e9pz\u00e9s a munkat\u00e1rsak k\u00e9pz\u00e9s\u00e9nek tov\u00e1bbi fontos elem\u00e9t jelenti itt a v\u00e1llalaton bel\u00fcl. A du\u00e1lis szakk\u00e9pz\u00e9sben \u00e9s fels\u0151oktat\u00e1si k\u00e9pz\u00e9sben kapott alapk\u00e9pz\u00e9st eg\u00e9sz\u00edti ki, amelyet a Mercedes-Benz Manufacturing Hungary Kft. m\u00e1r jelenleg is sikeresen \u00e9s p\u00e9lda\u00e9rt\u00e9k\u0171en alkalmaz a gyakorlatban\u201c \u2013 mondta Brennauer.<\/p>\n<p>&nbsp;<\/p>\n<p>A m\u0171vezet\u0151i k\u00e9pz\u00e9s sz\u00edntere 2018 \u0151sz\u00e9t\u0151l az a Mercedes-Benz Academy Kecskem\u00e9t lesz, amely 8000 n\u00e9gyzetm\u00e9teren nyit oktat\u00e1si teret az aut\u00f3gy\u00e1r t\u00f6bb gener\u00e1ci\u00f3s programjainak. A modern oktat\u00f3csarnok els\u0151sorban du\u00e1lis \u00e9s bels\u0151 k\u00e9pz\u00e9seknek, adminisztrat\u00edv \u00e9s gy\u00e1rt\u00f3sori tr\u00e9ningeknek ad majd helyet, de a munkaer\u0151 toborz\u00e1si \u00e9s kiv\u00e1laszt\u00e1si napokat, s az \u00faj munkav\u00e1llal\u00f3k gy\u00e1rt\u00f3sori betan\u00edt\u00e1s\u00e1t szint\u00e9n ide fogj\u00e1k szervezni. A r\u00e9gi\u00f3ban egyed\u00fcl\u00e1ll\u00f3 m\u00f3don az \u00e9p\u00fclet kialak\u00edt\u00e1sa \u00e9s berendez\u00e9se is a legmodernebb technol\u00f3gi\u00e1kkal t\u00f6rt\u00e9nik, hogy az itt tanul\u00f3k megismerj\u00e9k az aut\u00f3gy\u00e1rt\u00e1s folyamatait \u00e9s az ipar 4.0 vil\u00e1g\u00e1t.<\/p>\n<p><strong>\u00a0<\/strong><\/p>\n<p><strong>A Mercedes-Benz Manufacturing Hungary Kft.<\/strong><\/p>\n<p>A Mercedes-Benz Manufacturing Hungary Kft. k\u00f6zel 4000 munkav\u00e1llal\u00f3 sz\u00e1m\u00e1ra biztos\u00edt munkahelyet \u00e9s 2016-ban mintegy 190.000 kompakt aut\u00f3t gy\u00e1rtott. Az els\u0151, Magyarorsz\u00e1gon is gy\u00e1rtott term\u00e9k 2012-t\u0151l a B-oszt\u00e1ly volt; m\u00edg 2013-ban a n\u00e9gyajt\u00f3s CLA coup\u00e9, illetve 2015 janu\u00e1rj\u00e1ban a CLA Shooting Brake gy\u00e1rt\u00e1s\u00e1t is megkezdte a kecskem\u00e9ti gy\u00e1r. K\u00fcl\u00f6n b\u00fcszkes\u00e9g, hogy ez ut\u00f3bbi k\u00e9t t\u00edpust kiz\u00e1r\u00f3lag itt Magyarorsz\u00e1gon gy\u00e1rtj\u00e1k az eg\u00e9sz vil\u00e1g r\u00e9sz\u00e9re. Jelenleg is tart a karossz\u00e9ria \u00fczem b\u0151v\u00edt\u00e9se mintegy 580 milli\u00f3 eur\u00f3s befektet\u00e9s keret\u00e9ben. 2018-ban a Mercedes-Benz elkezdi meg\u00e9p\u00edteni m\u00e1sodik gy\u00e1r\u00e1t Kecskem\u00e9ten 1 milli\u00e1rd eur\u00f3b\u00f3l, amely els\u0151- \u00e9s h\u00e1ts\u00f3ker\u00e9k meghajt\u00e1s\u00fa szem\u00e9lyg\u00e9pkocsik gy\u00e1rt\u00e1s\u00e1ra is alkalmas lesz. A beruh\u00e1z\u00e1s eredm\u00e9nyek\u00e9nt cs\u00facstechnol\u00f3gi\u00e1val rendelkez\u0151, az ipar 4.0 szellemis\u00e9g\u00e9ben \u00e9p\u00fclt, hat\u00e9kony gy\u00e1rt\u00e1si egys\u00e9g j\u00f6n l\u00e9tre.<\/p>\n","protected":false},"excerpt":{"rendered":"<p>N\u00e9met mint\u00e1ra szervezt\u00e9k a tov\u00e1bbk\u00e9pz\u00e9st a kecskem\u00e9ti aut\u00f3gy\u00e1rban. Megkapt\u00e1k diplom\u00e1jukat a Magyarorsz\u00e1gon egyed\u00fcl\u00e1ll\u00f3 ipari m\u0171vezet\u0151k\u00e9pz\u00e9s els\u0151 v\u00e9gz\u0151s hallgat\u00f3i Kecskem\u00e9ten.<\/p>\n","protected":false},"author":1,"featured_media":0,"comment_status":"closed","ping_status":"open","sticky":false,"template":"","format":"standard","meta":[],"categories":[19],"tags":[],"_links":{"self":[{"href":"https:\/\/gazdasagportal.hu\/index.php\/wp-json\/wp\/v2\/posts\/100538"}],"collection":[{"href":"https:\/\/gazdasagportal.hu\/index.php\/wp-json\/wp\/v2\/posts"}],"about":[{"href":"https:\/\/gazdasagportal.hu\/index.php\/wp-json\/wp\/v2\/types\/post"}],"author":[{"embeddable":true,"href":"https:\/\/gazdasagportal.hu\/index.php\/wp-json\/wp\/v2\/users\/1"}],"replies":[{"embeddable":true,"href":"https:\/\/gazdasagportal.hu\/index.php\/wp-json\/wp\/v2\/comments?post=100538"}],"version-history":[{"count":1,"href":"https:\/\/gazdasagportal.hu\/index.php\/wp-json\/wp\/v2\/posts\/100538\/revisions"}],"predecessor-version":[{"id":100539,"href":"https:\/\/gazdasagportal.hu\/index.php\/wp-json\/wp\/v2\/posts\/100538\/revisions\/100539"}],"wp:attachment":[{"href":"https:\/\/gazdasagportal.hu\/index.php\/wp-json\/wp\/v2\/media?parent=100538"}],"wp:term":[{"taxonomy":"category","embeddable":true,"href":"https:\/\/gazdasagportal.hu\/index.php\/wp-json\/wp\/v2\/categories?post=100538"},{"taxonomy":"post_tag","embeddable":true,"href":"https:\/\/gazdasagportal.hu\/index.php\/wp-json\/wp\/v2\/tags?post=100538"}],"curies":[{"name":"wp","href":"https:\/\/api.w.org\/{rel}","templated":true}]}}