{"id":100536,"date":"2017-11-30T10:09:14","date_gmt":"2017-11-30T09:09:14","guid":{"rendered":"http:\/\/gazdasagportal.hu\/?p=100536"},"modified":"2017-11-30T10:09:14","modified_gmt":"2017-11-30T09:09:14","slug":"brokerbotrany-ot-gyanusitottat-hallgattak-ki-a-quaestor-ugyben","status":"publish","type":"post","link":"https:\/\/gazdasagportal.hu\/index.php\/brokerbotrany-ot-gyanusitottat-hallgattak-ki-a-quaestor-ugyben\/","title":{"rendered":"Br\u00f3kerbotr\u00e1ny &#8211; \u00d6t gyan\u00fas\u00edtottat hallgattak ki a Quaestor-\u00fcgyben"},"content":{"rendered":"<p><strong>\u00d6t gyan\u00fas\u00edtottat hallgattak ki a nyomoz\u00f3k a napokban az \u00fagynevezett soltvadkerti h\u0171tlen kezel\u00e9ssel kapcsolatban, amelyet a Quaestor-\u00fcgyt\u0151l m\u00e9g 2015 december\u00e9ben k\u00fcl\u00f6n\u00edtett el a nyomoz\u00f3 hat\u00f3s\u00e1g &#8211; k\u00f6z\u00f6lte a F\u0151v\u00e1rosi F\u0151\u00fcgy\u00e9szs\u00e9g cs\u00fct\u00f6rt\u00f6k\u00f6n az MTI-vel.<\/strong><!--more--><\/p>\n<div class=\"ads-in-post1\"><div id=\"gazdasagportal.hu_fullbanner_wideboard\"><\/div>\r\n<\/div>\n<p>    A gyan\u00fas\u00edtottakat k\u00fcl\u00f6n\u00f6sen jelent\u0151s vagyoni h\u00e1tr\u00e1nyt okoz\u00f3 h\u0171tlen kezel\u00e9s megalapozott gyan\u00faja miatt hallgatt\u00e1k ki.<br \/>\n    Ibolya Tibor f\u0151v\u00e1rosi f\u0151\u00fcgy\u00e9sz k\u00f6zlem\u00e9ny\u00e9ben azt \u00edrta: az alap\u00fcgyben a F\u0151v\u00e1rosi F\u0151\u00fcgy\u00e9szs\u00e9g 2016 febru\u00e1rj\u00e1ban tizenegy emberrel szemben ny\u00fajtott be v\u00e1diratot b\u0171nszervezetben elk\u00f6vetett sikkaszt\u00e1s, csal\u00e1s \u00e9s m\u00e1s b\u0171ncselekm\u00e9nyek miatt, az elj\u00e1r\u00e1s b\u00edr\u00f3i szakban van. A v\u00e1demel\u00e9s el\u0151tt a nyomoz\u00f3 hat\u00f3s\u00e1g elk\u00fcl\u00f6n\u00edtett az alap\u00fcgyt\u0151l t\u00f6bb b\u0171n\u00fcgyet, k\u00f6zt\u00fck a Soltvadkert \u00e9s Vid\u00e9ke Takar\u00e9ksz\u00f6vetkezet sz\u00ednlelt \u00e9rt\u00e9kpap\u00edr-v\u00e1s\u00e1rl\u00e1sai miatt indult nyomoz\u00e1st.<br \/>\n    Az ut\u00f3bbi, a F\u0151v\u00e1rosi F\u0151\u00fcgy\u00e9szs\u00e9g \u00e1ltal fel\u00fcgyelt nyomoz\u00e1sban a nyomoz\u00f3 hat\u00f3s\u00e1g a napokban \u00f6t gyan\u00fas\u00edtottat hallgatott ki &#8211; k\u00f6zt\u00fck az alap\u00fcgy els\u0151- \u00e9s m\u00e1sodrend\u0171 v\u00e1dlottj\u00e1t.<br \/>\n<div class=\"ads-in-post2\"><script async src=\"https:\/\/pagead2.googlesyndication.com\/pagead\/js\/adsbygoogle.js\"><\/script>\r\n<ins class=\"adsbygoogle\"\r\n     style=\"display:block\"\r\n     data-ad-format=\"fluid\"\r\n     data-ad-layout-key=\"-6t+ed+2i-1n-4w\"\r\n     data-ad-client=\"ca-pub-1959107119989764\"\r\n     data-ad-slot=\"4008251320\"><\/ins>\r\n<script>\r\n     (adsbygoogle = window.adsbygoogle || []).push({});\r\n<\/script><\/div>\n    A megalapozott gyan\u00fa szerint a Quaestor P\u00e9nz\u00fcgyi Tan\u00e1csad\u00f3 Zrt. k\u00e9t vezet\u0151 tiszts\u00e9gvisel\u0151je 2004 okt\u00f3bere \u00e9s 2010 \u00e1prilisa k\u00f6z\u00f6tt b\u0171nseg\u00e9dk\u00e9nt seg\u00edts\u00e9get ny\u00fajtott a Soltvadkert \u00e9s Vid\u00e9ke Takar\u00e9ksz\u00f6vetkezet k\u00e9t vezet\u0151j\u00e9nek abban, hogy vagyonkezel\u0151i k\u00f6telezetts\u00e9geiket megszegve, sz\u00ednlelt szerz\u0151d\u00e9sekkel p\u00e9nzt utalhassanak a Quaestor P\u00e9nz\u00fcgyi Tan\u00e1csad\u00f3 Zrt.-nek. Az \u00e1tutal\u00e1sok c\u00e9ljak\u00e9nt megjel\u00f6lt \u00e9rt\u00e9kpap\u00edr-v\u00e1s\u00e1rl\u00e1sok nem voltak val\u00f3sak, nem is \u00e1llt sz\u00e1nd\u00e9kukban, hogy azokat teljes\u00edts\u00e9k, a tranzakci\u00f3k c\u00e9lja ugyanis az volt, hogy egyr\u00e9szt a Quaestor-c\u00e9gcsoport gazd\u00e1lkod\u00e1s\u00e1t seg\u00edts\u00e9k, m\u00e1sr\u00e9szt az egyik takar\u00e9ksz\u00f6vetkezeti vezet\u0151 \u00e9rdekelts\u00e9g\u00e9be tartoz\u00f3 v\u00e1llalkoz\u00e1st anyagilag t\u00e1mogass\u00e1k.<br \/>\n    Az eml\u00edtett id\u0151szakban a Soltvadkert \u00e9s Vid\u00e9ke Takar\u00e9ksz\u00f6vetkezet \u00e9rt\u00e9kpap\u00edr-v\u00e1s\u00e1rl\u00e1s c\u00edm\u00e9n \u00f6sszesen t\u00f6bb mint 3 milli\u00e1rd forintot utalt \u00e1t a Quaestor P\u00e9nz\u00fcgyi Tan\u00e1csad\u00f3 Zrt.-nek, ebb\u0151l a zrt. t\u00f6bb mint 600 milli\u00f3 forintot utalt tov\u00e1bb, vagy fizetett ki k\u00e9szp\u00e9nzben az \u00e9rintett kft.-nek.<br \/>\n    A gyan\u00fas\u00edtottak a gyan\u00fas\u00edt\u00e1ssal szemben panaszt jelentettek be, amelyet a F\u0151v\u00e1rosi F\u0151\u00fcgy\u00e9szs\u00e9g b\u00edr\u00e1l el.<br \/>\n(MTI)<\/p>\n","protected":false},"excerpt":{"rendered":"<p>\u00d6t gyan\u00fas\u00edtottat hallgattak ki a nyomoz\u00f3k a napokban az \u00fagynevezett soltvadkerti h\u0171tlen kezel\u00e9ssel kapcsolatban, amelyet a Quaestor-\u00fcgyt\u0151l m\u00e9g 2015 december\u00e9ben k\u00fcl\u00f6n\u00edtett el a nyomoz\u00f3 hat\u00f3s\u00e1g &#8211; k\u00f6z\u00f6lte a F\u0151v\u00e1rosi F\u0151\u00fcgy\u00e9szs\u00e9g cs\u00fct\u00f6rt\u00f6k\u00f6n az MTI-vel.<\/p>\n","protected":false},"author":1,"featured_media":0,"comment_status":"closed","ping_status":"open","sticky":false,"template":"","format":"standard","meta":[],"categories":[4,19],"tags":[],"_links":{"self":[{"href":"https:\/\/gazdasagportal.hu\/index.php\/wp-json\/wp\/v2\/posts\/100536"}],"collection":[{"href":"https:\/\/gazdasagportal.hu\/index.php\/wp-json\/wp\/v2\/posts"}],"about":[{"href":"https:\/\/gazdasagportal.hu\/index.php\/wp-json\/wp\/v2\/types\/post"}],"author":[{"embeddable":true,"href":"https:\/\/gazdasagportal.hu\/index.php\/wp-json\/wp\/v2\/users\/1"}],"replies":[{"embeddable":true,"href":"https:\/\/gazdasagportal.hu\/index.php\/wp-json\/wp\/v2\/comments?post=100536"}],"version-history":[{"count":1,"href":"https:\/\/gazdasagportal.hu\/index.php\/wp-json\/wp\/v2\/posts\/100536\/revisions"}],"predecessor-version":[{"id":100537,"href":"https:\/\/gazdasagportal.hu\/index.php\/wp-json\/wp\/v2\/posts\/100536\/revisions\/100537"}],"wp:attachment":[{"href":"https:\/\/gazdasagportal.hu\/index.php\/wp-json\/wp\/v2\/media?parent=100536"}],"wp:term":[{"taxonomy":"category","embeddable":true,"href":"https:\/\/gazdasagportal.hu\/index.php\/wp-json\/wp\/v2\/categories?post=100536"},{"taxonomy":"post_tag","embeddable":true,"href":"https:\/\/gazdasagportal.hu\/index.php\/wp-json\/wp\/v2\/tags?post=100536"}],"curies":[{"name":"wp","href":"https:\/\/api.w.org\/{rel}","templated":true}]}}