{"id":100504,"date":"2017-11-30T03:16:55","date_gmt":"2017-11-30T02:16:55","guid":{"rendered":"http:\/\/gazdasagportal.hu\/?p=100504"},"modified":"2017-11-29T20:37:37","modified_gmt":"2017-11-29T19:37:37","slug":"a-szegenysegben-elok-szama-800-ezerrel-csokkent-2012-vege-ota","status":"publish","type":"post","link":"https:\/\/gazdasagportal.hu\/index.php\/a-szegenysegben-elok-szama-800-ezerrel-csokkent-2012-vege-ota\/","title":{"rendered":"A szeg\u00e9nys\u00e9gben \u00e9l\u0151k sz\u00e1ma 800 ezerrel cs\u00f6kkent 2012 v\u00e9ge \u00f3ta"},"content":{"rendered":"<p><strong>A szeg\u00e9nys\u00e9gben \u00e9l\u0151k sz\u00e1ma 800 ezerrel cs\u00f6kkent 2012 v\u00e9ge \u00f3ta, k\u00f6sz\u00f6nhet\u0151en a foglalkoztat\u00e1s \u00e9s a k\u00f6zfoglalkoztat\u00e1s b\u0151v\u00edt\u00e9s\u00e9nek, a rezsics\u00f6kkent\u00e9snek \u00e9s a devizaad\u00f3sok megment\u00e9s\u00e9re tett int\u00e9zked\u00e9seknek &#8211; mondta Czibere K\u00e1roly, az Emberi Er\u0151forr\u00e1sok Miniszt\u00e9rium\u00e1nak (Emmi) szoci\u00e1lis \u00fcgyek\u00e9rt \u00e9s t\u00e1rsadalmi felz\u00e1rk\u00f3z\u00e1s\u00e9rt felel\u0151s \u00e1llamtitk\u00e1ra szerd\u00e1n  Budapesten, a Magyarorsz\u00e1g \u00e9s a fenntarthat\u00f3 fejl\u0151d\u00e9si c\u00e9lok c\u00edm\u0171 konferenci\u00e1n.<\/strong><!--more--><\/p>\n<div class=\"ads-in-post1\"><div id=\"gazdasagportal.hu_fullbanner_wideboard\"><\/div>\r\n<\/div>\n<p>    Hangs\u00falyozta, hogy Magyarorsz\u00e1gon a szeg\u00e9nys\u00e9gben \u00e9l\u0151k sz\u00e1m\u00e1t az orsz\u00e1g \u00e1ltal megtermelt j\u00f6vedelemb\u0151l kell cs\u00f6kkenteni,  \u00edgy a szeg\u00e9nys\u00e9g felsz\u00e1mol\u00e1s\u00e1ra tett l\u00e9p\u00e9sek\u00e9rt &#8211; a 2010 el\u0151tti korm\u00e1nyok gyakorlat\u00e1val ellent\u00e9tben &#8211; nem a k\u00f6vetkez\u0151 gener\u00e1ci\u00f3 fizet majd.     Az \u00e1llamtitk\u00e1r a Nemzeti Fenntarthat\u00f3 Fejl\u0151d\u00e9si Tan\u00e1cs (NFFT) \u00e9s a Magyar Term\u00e9szetv\u00e9d\u0151k Sz\u00f6vets\u00e9ge (MTVSZ) \u00e1ltal k\u00f6z\u00f6sen szervezett konferenci\u00e1n ismertette: \u00e9vente a GDP 4,7 sz\u00e1zal\u00e9k\u00e1t ford\u00edtja a korm\u00e1ny csal\u00e1dpolitik\u00e1ra, m\u00edg az OECD-orsz\u00e1gokban ez az ar\u00e1ny csup\u00e1n 2,5 sz\u00e1zal\u00e9k.     A konferenci\u00e1n zajl\u00f3 panelbesz\u00e9lget\u00e9s keret\u00e9ben Czibere K\u00e1roly elmondta, hogy a gyermekek ut\u00e1n ig\u00e9nybe vehet\u0151 ad\u00f3kedvezm\u00e9nyek \u00e9s a csal\u00e1di p\u00f3tl\u00e9k \u00e9vente t\u00f6bb mint 300 milli\u00e1rd forintot tesznek ki.<br \/>\n    Elmond\u00e1sa szerint a nyomorban (m\u00e9lyszeg\u00e9nys\u00e9gben) \u00e9l\u0151k sz\u00e1ma az elm\u00falt 3,5 \u00e9vben 465 ezerr\u0151l, 185 ezerre cs\u00f6kkent. Az MTI k\u00e9rd\u00e9s\u00e9re v\u00e1laszolva r\u00e1mutatott: a korm\u00e1ny a szeg\u00e9nys\u00e9gben \u00e9l\u0151k helyzet\u00e9n a 2011-ben elfogadott felz\u00e1rk\u00f3ztat\u00e1si strat\u00e9gi\u00e1val k\u00edv\u00e1n jav\u00edtani. Ez a program a gyermekeket \u00e9s a foglalkoztat\u00e1st is kiemelten kezeli &#8211; h\u00fazta al\u00e1.<br \/>\n<div class=\"ads-in-post2\"><script async src=\"https:\/\/pagead2.googlesyndication.com\/pagead\/js\/adsbygoogle.js\"><\/script>\r\n<ins class=\"adsbygoogle\"\r\n     style=\"display:block\"\r\n     data-ad-format=\"fluid\"\r\n     data-ad-layout-key=\"-6t+ed+2i-1n-4w\"\r\n     data-ad-client=\"ca-pub-1959107119989764\"\r\n     data-ad-slot=\"4008251320\"><\/ins>\r\n<script>\r\n     (adsbygoogle = window.adsbygoogle || []).push({});\r\n<\/script><\/div>\n     Az \u00e1llamtitk\u00e1r kifejtette: arra t\u00f6rekszenek, hogy a gyermekekn\u00e9l min\u00e9l kor\u00e1bbi \u00e9letkorban t\u00f6rj\u00e9k meg &#8222;a nyomor tov\u00e1bb\u00f6r\u00f6k\u00edt\u00e9s\u00e9nek \u00f6rd\u00f6gi k\u00f6r\u00e9t&#8221;, ehhez k\u00fcl\u00f6nf\u00e9le lehet\u0151s\u00e9geket biztos\u00edtanak. Ilyen p\u00e9ld\u00e1ul a v\u00e9d\u0151n\u0151i rendszer folyamatos er\u0151s\u00edt\u00e9se, a Biztos Kezdet Gyermekh\u00e1zak rendszere, a k\u00f6telez\u0151 \u00f3vod\u00e1ztat\u00e1s 3 \u00e9ves kort\u00f3l, az ingyenes tank\u00f6nyv \u00e9s ingyenes \u00e9tkeztet\u00e9s &#8211; sorolta.<br \/>\n    A foglalkoztat\u00e1sn\u00e1l pedig az a c\u00e9l, hogy az emberek az els\u0151dleges munkaer\u0151piacon tal\u00e1ljanak \u00e1ll\u00e1st &#8211; sz\u00f6gezte le Czibere K\u00e1roly.       Kis Mikl\u00f3s Zsolt, a Minisztereln\u00f6ks\u00e9g agr\u00e1r-vid\u00e9kfejleszt\u00e9s\u00e9rt felel\u0151s \u00e1llamtitk\u00e1ra az agr\u00e1rgazd\u00e1lkod\u00e1s hat\u00e1sa a term\u00e9szeti er\u0151forr\u00e1sokra c\u00edm\u0171 panelbesz\u00e9lget\u00e9sen vett r\u00e9szt. Ezt k\u00f6vet\u0151en a 2020 ut\u00e1n \u00e1talakul\u00f3 k\u00f6z\u00f6s eur\u00f3pai uni\u00f3s agr\u00e1rpolitik\u00e1r\u00f3l (kap) az MTI-nek elmondta, hogy a magyar korm\u00e1nynak a jelenlegi uni\u00f3s agr\u00e1rt\u00e1mogat\u00e1si rendszer tov\u00e1bbi m\u0171k\u00f6dtet\u00e9se az \u00e9rdeke. Jelezte: b\u00e1r szakmai szinten nem l\u00e1tja a s\u00falyos v\u00e1ltoz\u00e1sok ig\u00e9ny\u00e9t a k\u00f6z\u00f6s agr\u00e1rpolitik\u00e1ban, azonban v\u00e9lem\u00e9nye szerint biztosan lesznek \u00e1talak\u00edt\u00e1sok, ezeknek a tervei l\u00e1that\u00f3ak.     Kit\u00e9rt arra, hogy az Eur\u00f3pai Uni\u00f3nak a Brexit hat\u00e1s\u00e1t is  kezelnie kell, ennek kapcs\u00e1n a magyar korm\u00e1ny nyitott ak\u00e1r a tag\u00e1llami hozz\u00e1j\u00e1rul\u00e1s n\u00f6vel\u00e9s\u00e9re is (a GDP 1 sz\u00e1zal\u00e9k\u00e1r\u00f3l, a GDP 1,1, sz\u00e1zal\u00e9k\u00e1ra). Ebben szerinte nagyon sok tag\u00e1llam partner, mivel az uni\u00f3s k\u00f6lts\u00e9gvet\u00e9s meg\u0151rz\u00e9s\u00e9t szolg\u00e1lja, valamint azt, hogy ne cs\u00f6kkenjenek a &#8222;kap&#8221; forr\u00e1sai. F\u00e9l\u0151 azonban &#8211; mondta -, hogy ezeket a p\u00e9nzeket k\u00fcl\u00f6nf\u00e9le k\u00fcls\u0151 \u00e9s \u00faj elemekkel pr\u00f3b\u00e1lj\u00e1k meg terhelni, ilyen p\u00e9ld\u00e1ul a migr\u00e1ci\u00f3s hat\u00e1s kezel\u00e9se.(MTI)<\/p>\n","protected":false},"excerpt":{"rendered":"<p>A szeg\u00e9nys\u00e9gben \u00e9l\u0151k sz\u00e1ma 800 ezerrel cs\u00f6kkent 2012 v\u00e9ge \u00f3ta, k\u00f6sz\u00f6nhet\u0151en a foglalkoztat\u00e1s \u00e9s a k\u00f6zfoglalkoztat\u00e1s b\u0151v\u00edt\u00e9s\u00e9nek, a rezsics\u00f6kkent\u00e9snek \u00e9s a devizaad\u00f3sok megment\u00e9s\u00e9re tett int\u00e9zked\u00e9seknek &#8211; mondta Czibere K\u00e1roly, az Emberi Er\u0151forr\u00e1sok Miniszt\u00e9rium\u00e1nak (Emmi) szoci\u00e1lis \u00fcgyek\u00e9rt \u00e9s t\u00e1rsadalmi felz\u00e1rk\u00f3z\u00e1s\u00e9rt felel\u0151s \u00e1llamtitk\u00e1ra szerd\u00e1n Budapesten, a Magyarorsz\u00e1g \u00e9s a fenntarthat\u00f3 fejl\u0151d\u00e9si c\u00e9lok c\u00edm\u0171 konferenci\u00e1n.<\/p>\n","protected":false},"author":1,"featured_media":0,"comment_status":"closed","ping_status":"open","sticky":false,"template":"","format":"standard","meta":[],"categories":[4,19],"tags":[],"_links":{"self":[{"href":"https:\/\/gazdasagportal.hu\/index.php\/wp-json\/wp\/v2\/posts\/100504"}],"collection":[{"href":"https:\/\/gazdasagportal.hu\/index.php\/wp-json\/wp\/v2\/posts"}],"about":[{"href":"https:\/\/gazdasagportal.hu\/index.php\/wp-json\/wp\/v2\/types\/post"}],"author":[{"embeddable":true,"href":"https:\/\/gazdasagportal.hu\/index.php\/wp-json\/wp\/v2\/users\/1"}],"replies":[{"embeddable":true,"href":"https:\/\/gazdasagportal.hu\/index.php\/wp-json\/wp\/v2\/comments?post=100504"}],"version-history":[{"count":1,"href":"https:\/\/gazdasagportal.hu\/index.php\/wp-json\/wp\/v2\/posts\/100504\/revisions"}],"predecessor-version":[{"id":100505,"href":"https:\/\/gazdasagportal.hu\/index.php\/wp-json\/wp\/v2\/posts\/100504\/revisions\/100505"}],"wp:attachment":[{"href":"https:\/\/gazdasagportal.hu\/index.php\/wp-json\/wp\/v2\/media?parent=100504"}],"wp:term":[{"taxonomy":"category","embeddable":true,"href":"https:\/\/gazdasagportal.hu\/index.php\/wp-json\/wp\/v2\/categories?post=100504"},{"taxonomy":"post_tag","embeddable":true,"href":"https:\/\/gazdasagportal.hu\/index.php\/wp-json\/wp\/v2\/tags?post=100504"}],"curies":[{"name":"wp","href":"https:\/\/api.w.org\/{rel}","templated":true}]}}