{"id":100502,"date":"2017-11-30T04:24:57","date_gmt":"2017-11-30T03:24:57","guid":{"rendered":"http:\/\/gazdasagportal.hu\/?p=100502"},"modified":"2017-11-29T20:57:40","modified_gmt":"2017-11-29T19:57:40","slug":"az-e-on-felfuggeszti-az-unnepekre-a-szamlatartozasok-miatti-kikapcsolasokat","status":"publish","type":"post","link":"https:\/\/gazdasagportal.hu\/index.php\/az-e-on-felfuggeszti-az-unnepekre-a-szamlatartozasok-miatti-kikapcsolasokat\/","title":{"rendered":"Az E.on felf\u00fcggeszti az \u00fcnnepekre a sz\u00e1mlatartoz\u00e1sok miatti kikapcsol\u00e1sokat"},"content":{"rendered":"<p><strong>Az elm\u00falt \u00e9vek gyakorlat\u00e1hoz hasonl\u00f3an az E.on csoport felf\u00fcggeszti a tart\u00f3s sz\u00e1mlatartoz\u00e1sok miatti kikapcsol\u00e1sokat lakoss\u00e1gi \u00fcgyfelein\u00e9l az \u00fcnnepi id\u0151szak alatt. A Nemzeti K\u00f6zm\u0171vek k\u00f6z\u00f6lte: kiterjeszti a kikapcsol\u00e1si morat\u00f3riumot az \u00e1ramszolg\u00e1ltat\u00e1sra is.<\/strong><!--more--><\/p>\n<div class=\"ads-in-post1\"><div id=\"gazdasagportal.hu_fullbanner_wideboard\"><\/div>\r\n<\/div>\n<p>    Az E.on szerdai, MTI-nek k\u00fcld\u00f6tt k\u00f6zlem\u00e9nye szerint a tart\u00f3s sz\u00e1mlafizet\u00e9si gonddal k\u00fczd\u0151 csal\u00e1dok helyzet\u00e9nek seg\u00edt\u00e9s\u00e9re sz\u00fcneteltetik a 63 napot meghalad\u00f3 tartoz\u00e1s miatti kikapcsol\u00e1sokat a december 15. \u00e9s 2018. janu\u00e1r 7. k\u00f6z\u00f6tti \u00fcnnepi id\u0151szakban.<br \/>\n    Mint \u00edrt\u00e1k, ezzel az \u00e9vek \u00f3ta \u00f6nk\u00e9nt v\u00e1llalt kikapcsol\u00e1si morat\u00f3riummal k\u00edv\u00e1n a v\u00e1llalat csoport hozz\u00e1j\u00e1rulni ahhoz, hogy a kar\u00e1csony \u00e9s a szilveszter k\u00f6r\u00fcli \u00fcnnepi id\u0151szakban minden \u00fcgyfele sz\u00e1m\u00e1ra biztos\u00edtott legyen az \u00e1ramell\u00e1t\u00e1s. A kikapcsol\u00e1si elj\u00e1r\u00e1s felf\u00fcggeszt\u00e9se azokra a lakoss\u00e1gi \u00fcgyfelekre \u00e9rv\u00e9nyes, akik az E.on Energiaszolg\u00e1ltat\u00f3 Kft.-vel \u00e1llnak szerz\u0151d\u00e9ses viszonyban. Az \u00f6nk\u00e9ntes v\u00e1llal\u00e1s m\u00e1s energiakeresked\u0151vel szerz\u0151d\u00f6tt, illetve nem lakoss\u00e1gi \u00fcgyfelekre nem vonatkozik.<br \/>\n<div class=\"ads-in-post2\"><script async src=\"https:\/\/pagead2.googlesyndication.com\/pagead\/js\/adsbygoogle.js\"><\/script>\r\n<ins class=\"adsbygoogle\"\r\n     style=\"display:block\"\r\n     data-ad-format=\"fluid\"\r\n     data-ad-layout-key=\"-6t+ed+2i-1n-4w\"\r\n     data-ad-client=\"ca-pub-1959107119989764\"\r\n     data-ad-slot=\"4008251320\"><\/ins>\r\n<script>\r\n     (adsbygoogle = window.adsbygoogle || []).push({});\r\n<\/script><\/div>\n    A Nemzeti K\u00f6zm\u0171vek a villamos energia \u00fczlet\u00e1g\u00e1ban is \u00f6nk\u00e9ntes kikapcsol\u00e1si morat\u00f3riumot v\u00e1llal december 16. \u00e9s 2018. janu\u00e1r 7. k\u00f6z\u00f6tt, hogy az \u00fcnnepi id\u0151szakban a fogyaszt\u00f3k ne maradjanak szolg\u00e1ltat\u00e1s n\u00e9lk\u00fcl.<br \/>\n    A szolg\u00e1ltat\u00f3 szerdai k\u00f6zlem\u00e9nye szerint a kikapcsol\u00e1si morat\u00f3rium nem csak a v\u00e9dett fogyaszt\u00f3kra, hanem a 60 napon t\u00fali sz\u00e1mlatartoz\u00e1st felhalmoz\u00f3 lakoss\u00e1gi \u00fcgyfelekre is vonatkozik, a t\u00e1rsas\u00e1gcsoport nem lakoss\u00e1gi \u00fcgyfeleire azonban nem.<br \/>\n    A NKM Nemzeti K\u00f6zm\u0171vek Zrt. kedden k\u00f6z\u00f6lte, hogy \u00f6nk\u00e9ntes kikapcsol\u00e1si morat\u00f3riumot v\u00e1llal a lakoss\u00e1gi f\u00f6ldg\u00e1zszolg\u00e1ltat\u00e1sra december 16. \u00e9s 2018. janu\u00e1r 7. k\u00f6z\u00f6tt.(MTI)<\/p>\n","protected":false},"excerpt":{"rendered":"<p>Az elm\u00falt \u00e9vek gyakorlat\u00e1hoz hasonl\u00f3an az E.on csoport felf\u00fcggeszti a tart\u00f3s sz\u00e1mlatartoz\u00e1sok miatti kikapcsol\u00e1sokat lakoss\u00e1gi \u00fcgyfelein\u00e9l az \u00fcnnepi id\u0151szak alatt. A Nemzeti K\u00f6zm\u0171vek k\u00f6z\u00f6lte: kiterjeszti a kikapcsol\u00e1si morat\u00f3riumot az \u00e1ramszolg\u00e1ltat\u00e1sra is.<\/p>\n","protected":false},"author":1,"featured_media":0,"comment_status":"closed","ping_status":"open","sticky":false,"template":"","format":"standard","meta":[],"categories":[4],"tags":[],"_links":{"self":[{"href":"https:\/\/gazdasagportal.hu\/index.php\/wp-json\/wp\/v2\/posts\/100502"}],"collection":[{"href":"https:\/\/gazdasagportal.hu\/index.php\/wp-json\/wp\/v2\/posts"}],"about":[{"href":"https:\/\/gazdasagportal.hu\/index.php\/wp-json\/wp\/v2\/types\/post"}],"author":[{"embeddable":true,"href":"https:\/\/gazdasagportal.hu\/index.php\/wp-json\/wp\/v2\/users\/1"}],"replies":[{"embeddable":true,"href":"https:\/\/gazdasagportal.hu\/index.php\/wp-json\/wp\/v2\/comments?post=100502"}],"version-history":[{"count":1,"href":"https:\/\/gazdasagportal.hu\/index.php\/wp-json\/wp\/v2\/posts\/100502\/revisions"}],"predecessor-version":[{"id":100503,"href":"https:\/\/gazdasagportal.hu\/index.php\/wp-json\/wp\/v2\/posts\/100502\/revisions\/100503"}],"wp:attachment":[{"href":"https:\/\/gazdasagportal.hu\/index.php\/wp-json\/wp\/v2\/media?parent=100502"}],"wp:term":[{"taxonomy":"category","embeddable":true,"href":"https:\/\/gazdasagportal.hu\/index.php\/wp-json\/wp\/v2\/categories?post=100502"},{"taxonomy":"post_tag","embeddable":true,"href":"https:\/\/gazdasagportal.hu\/index.php\/wp-json\/wp\/v2\/tags?post=100502"}],"curies":[{"name":"wp","href":"https:\/\/api.w.org\/{rel}","templated":true}]}}