{"id":100500,"date":"2017-11-30T04:04:47","date_gmt":"2017-11-30T03:04:47","guid":{"rendered":"http:\/\/gazdasagportal.hu\/?p=100500"},"modified":"2017-11-29T20:33:22","modified_gmt":"2017-11-29T19:33:22","slug":"kulfoldi-sajto-magyarorszagrol-kina-maga-ala-rendeli-kelet-europat","status":"publish","type":"post","link":"https:\/\/gazdasagportal.hu\/index.php\/kulfoldi-sajto-magyarorszagrol-kina-maga-ala-rendeli-kelet-europat\/","title":{"rendered":"K\u00fclf\u00f6ldi sajt\u00f3 Magyarorsz\u00e1gr\u00f3l &#8211; K\u00edna maga al\u00e1 rendeli Kelet-Eur\u00f3p\u00e1t"},"content":{"rendered":"<p><strong>A S\u00fcddeutsche Zeitung c\u00edm\u0171 liber\u00e1lis n\u00e9met lap, a Handelsblatt c\u00edm\u0171 \u00fczleti lap \u00e9s a Spiegel Online h\u00edrport\u00e1l a budapesti K\u00edna-KKE-cs\u00facstal\u00e1lkoz\u00f3val kapcsolatban foglalkozott Magyarorsz\u00e1ggal.<\/strong><!--more--><\/p>\n<div class=\"ads-in-post1\"><div id=\"gazdasagportal.hu_fullbanner_wideboard\"><\/div>\r\n<\/div>\n<p>A S\u00fcddeutsche Zeitung K\u00edna maga al\u00e1 rendeli Kelet-Eur\u00f3p\u00e1t c\u00edmmel k\u00f6z\u00f6lte az online kiad\u00e1s\u00e1ban Daniel Br\u00f6ssler komment\u00e1rj\u00e1t, amely szerint &#8222;Peking kihaszn\u00e1lja az EU bels\u0151 gyenges\u00e9g\u00e9t, hogy Eur\u00f3pa keleti r\u00e9sz\u00e9n ki\u00e9p\u00edtse hatalm\u00e1t&#8221;, \u00e9s erre f\u0151leg &#8222;a z\u00e1rt t\u00e1rsadalmak k\u00e9pvisel\u0151i fog\u00e9konyak, mint Orb\u00e1n Viktor magyar korm\u00e1nyf\u0151&#8221;.<br \/>\nKifejtette, hogy Peking Eur\u00f3pa keleti r\u00e9sz\u00e9n is \u00fagy j\u00e1r el, mint \u00c1zsi\u00e1ban, Afrik\u00e1ban vagy Latin-Amerik\u00e1ban, vagyis &#8222;befoly\u00e1st v\u00e1s\u00e1rol befektet\u00e9sekkel&#8221;. Partnereit &#8222;k\u00e9nyelmes finansz\u00edroz\u00e1s\u00fa projektekkel cs\u00e1b\u00edtja&#8221;, mint p\u00e9ld\u00e1ul a Belgr\u00e1d-Budapest vas\u00fatvonal moderniz\u00e1ci\u00f3ja, \u00e9s ezzel nemcsak a hazai ipar felesleges kapacit\u00e1sait cs\u00f6kkenti, hanem &#8222;\u00faj f\u00fcgg\u0151s\u00e9geket teremt&#8221;.<br \/>\nHozz\u00e1tette: &#8222;felt\u0171n\u0151&#8221;, hogy mennyire fog\u00e9konyak a t\u00e1vol-keleti &#8222;cs\u00e1b\u00edt\u00f3 szavakra&#8221; a z\u00e1rt t\u00e1rsadalmak k\u00e9pvisel\u0151i, akik azt gondolj\u00e1k, hogy nemcsak befektet\u0151re tal\u00e1lnak, hanem &#8222;sz\u00f6vets\u00e9gesekre a liber\u00e1lis demokr\u00e1cia elleni harcban&#8221;.<br \/>\n<div class=\"ads-in-post2\"><script async src=\"https:\/\/pagead2.googlesyndication.com\/pagead\/js\/adsbygoogle.js\"><\/script>\r\n<ins class=\"adsbygoogle\"\r\n     style=\"display:block\"\r\n     data-ad-format=\"fluid\"\r\n     data-ad-layout-key=\"-6t+ed+2i-1n-4w\"\r\n     data-ad-client=\"ca-pub-1959107119989764\"\r\n     data-ad-slot=\"4008251320\"><\/ins>\r\n<script>\r\n     (adsbygoogle = window.adsbygoogle || []).push({});\r\n<\/script><\/div>\nMindez &#8222;ink\u00e1bb Br\u00fcsszel probl\u00e9m\u00e1ja, mintsem Peking\u00e9&#8221;, hiszen K\u00edna csup\u00e1n kihaszn\u00e1lja a lehet\u0151s\u00e9geket befoly\u00e1s\u00e1nak n\u00f6vel\u00e9s\u00e9re, az EU-nak pedig &#8222;fel kell ismernie, hogy mily nagy m\u00e9rt\u00e9kben gyeng\u00edtik kifel\u00e9 a bels\u0151 t\u00f6r\u00e9sei \u00e9s ellentmond\u00e1sai&#8221; &#8211; \u00edrta a S\u00fcddeutsche Zeitung.<br \/>\n<a title=\"Hely megnyit\u00e1sa\" href=\"http:\/\/www.sueddeutsche.de\/politik\/china-osteuropa-gipfel-china-macht-sich-osteuropa-gefuegig-1.3767521\" target=\"_blank\" rel=\"noopener noreferrer\">http:\/\/www.sueddeutsche.de\/politik\/china-osteuropa-gipfel-china-macht-sich-osteuropa-gefuegig-1.3767521<\/a><br \/>\nA Handelsblatt Kelet-Eur\u00f3pa \u00f6sszebar\u00e1tkozik K\u00edn\u00e1val c\u00edmmel k\u00f6z\u00f6lte szerdai sz\u00e1m\u00e1ban Hans-Peter Siebenhaar \u00edr\u00e1s\u00e1t, amely szerint Orb\u00e1n Viktor sz\u00e1m\u00e1ra &#8222;a szoros partneri kapcsolat K\u00edn\u00e1val nemcsak orsz\u00e1ga keleti ir\u00e1ny\u00fa megnyit\u00e1s\u00e1t jelenti&#8221;, hanem egy &#8222;eszk\u00f6zt&#8221;, amellyel &#8222;demonstr\u00e1lni&#8221; lehet a &#8222;f\u00fcggetlens\u00e9get Br\u00fcsszelt\u0151l, ahol Orb\u00e1n egyre ink\u00e1bb vitatott a jobboldali populista ir\u00e1nyvonala miatt&#8221;.<br \/>\nAz \u00fczleti lap szerz\u0151je hozz\u00e1tette, hogy &#8222;Orb\u00e1n eddig az EU-s p\u00e9nzekre volt utalva&#8221;, \u00e9s &#8222;att\u00f3l tart, hogy antidemokratikus ir\u00e1nyvonala miatt az EU megvonja a t\u00e1mogat\u00e1sokat&#8221;.<br \/>\nA Spiegel Online Kelet-Eur\u00f3pa h\u00f3dol Pekingnek &#8211; \u00e9s milli\u00e1rdokat rem\u00e9l c\u00edmmel k\u00f6z\u00f6lte Keno Verseck \u00edr\u00e1s\u00e1t, aki kiemelte, hogy Magyarorsz\u00e1g a K\u00edn\u00e1t &#8222;leghevesebben k\u00f6r\u00fcludvarl\u00f3 kelet-eur\u00f3pai orsz\u00e1gok k\u00f6z\u00e9 tartozik&#8221;, \u00e9s Orb\u00e1n Viktor a keleti nyit\u00e1s politik\u00e1j\u00e1val \u00faj p\u00e9nz\u00fcgyi forr\u00e1sokat \u00e9s piacokat akar megnyitni Oroszorsz\u00e1gban, K\u00edn\u00e1ban \u00e9s K\u00f6z\u00e9p-\u00c1zsi\u00e1ban, hogy \u00edgy ellens\u00falyozza az uni\u00f3s t\u00e1mogat\u00e1sok 2020-t\u00f3l v\u00e1rhat\u00f3 cs\u00f6kken\u00e9s\u00e9t. Az orsz\u00e1g ezzel jelzi, hogy &#8222;van \u00e9let az EU-n k\u00edv\u00fcl&#8221;, azonban Peking szerepv\u00e1llal\u00e1sa a t\u00e9rs\u00e9gben nem annyira jelent\u0151s, mint amilyennek l\u00e1tszik, a hivatalos adatok szerint K\u00edna 6-8 milli\u00e1rd doll\u00e1rt fektetett be a r\u00e9gi\u00f3ban, m\u00edg N\u00e9metorsz\u00e1gban csak 2016-ban 12 milli\u00e1rd eur\u00f3t &#8211; \u00edrta a Spiegel Online szerz\u0151je.<br \/>\n<a title=\"Hely megnyit\u00e1sa\" href=\"http:\/\/www.spiegel.de\/politik\/ausland\/china-osteuropa-gipfel-in-budapest-huldigung-an-peking-a-1180622.html\" target=\"_blank\" rel=\"noopener noreferrer\">http:\/\/www.spiegel.de\/politik\/ausland\/china-osteuropa-gipfel-in-budapest-huldigung-an-peking-a-1180622.html<\/a><\/p>\n<p>&nbsp;<br \/>\n(MTI)<\/p><div id=\"gazda-768721424\" class=\"gazda-tartalomban gazda-entity-placement\"><script async src=\"https:\/\/pagead2.googlesyndication.com\/pagead\/js\/adsbygoogle.js\"><\/script>\r\n<ins class=\"adsbygoogle\"\r\n     style=\"display:block\"\r\n     data-ad-format=\"fluid\"\r\n     data-ad-layout-key=\"-6t+ed+2i-1n-4w\"\r\n     data-ad-client=\"ca-pub-1959107119989764\"\r\n     data-ad-slot=\"4008251320\"><\/ins>\r\n<script>\r\n     (adsbygoogle = window.adsbygoogle || []).push({});\r\n<\/script><\/div>\n","protected":false},"excerpt":{"rendered":"<p>A S\u00fcddeutsche Zeitung c\u00edm\u0171 liber\u00e1lis n\u00e9met lap, a Handelsblatt c\u00edm\u0171 \u00fczleti lap \u00e9s a Spiegel Online h\u00edrport\u00e1l a budapesti K\u00edna-KKE-cs\u00facstal\u00e1lkoz\u00f3val kapcsolatban foglalkozott Magyarorsz\u00e1ggal.<\/p>\n","protected":false},"author":1,"featured_media":49388,"comment_status":"closed","ping_status":"open","sticky":false,"template":"","format":"standard","meta":[],"categories":[146,4],"tags":[],"_links":{"self":[{"href":"https:\/\/gazdasagportal.hu\/index.php\/wp-json\/wp\/v2\/posts\/100500"}],"collection":[{"href":"https:\/\/gazdasagportal.hu\/index.php\/wp-json\/wp\/v2\/posts"}],"about":[{"href":"https:\/\/gazdasagportal.hu\/index.php\/wp-json\/wp\/v2\/types\/post"}],"author":[{"embeddable":true,"href":"https:\/\/gazdasagportal.hu\/index.php\/wp-json\/wp\/v2\/users\/1"}],"replies":[{"embeddable":true,"href":"https:\/\/gazdasagportal.hu\/index.php\/wp-json\/wp\/v2\/comments?post=100500"}],"version-history":[{"count":1,"href":"https:\/\/gazdasagportal.hu\/index.php\/wp-json\/wp\/v2\/posts\/100500\/revisions"}],"predecessor-version":[{"id":100501,"href":"https:\/\/gazdasagportal.hu\/index.php\/wp-json\/wp\/v2\/posts\/100500\/revisions\/100501"}],"wp:featuredmedia":[{"embeddable":true,"href":"https:\/\/gazdasagportal.hu\/index.php\/wp-json\/wp\/v2\/media\/49388"}],"wp:attachment":[{"href":"https:\/\/gazdasagportal.hu\/index.php\/wp-json\/wp\/v2\/media?parent=100500"}],"wp:term":[{"taxonomy":"category","embeddable":true,"href":"https:\/\/gazdasagportal.hu\/index.php\/wp-json\/wp\/v2\/categories?post=100500"},{"taxonomy":"post_tag","embeddable":true,"href":"https:\/\/gazdasagportal.hu\/index.php\/wp-json\/wp\/v2\/tags?post=100500"}],"curies":[{"name":"wp","href":"https:\/\/api.w.org\/{rel}","templated":true}]}}