{"id":100479,"date":"2017-11-29T12:28:35","date_gmt":"2017-11-29T11:28:35","guid":{"rendered":"http:\/\/gazdasagportal.hu\/?p=100479"},"modified":"2017-11-29T12:28:35","modified_gmt":"2017-11-29T11:28:35","slug":"kina-kke-csucs-orfk-feloldottak-a-kozlekedesi-korlatozasokat-a-fovarosban","status":"publish","type":"post","link":"https:\/\/gazdasagportal.hu\/index.php\/kina-kke-csucs-orfk-feloldottak-a-kozlekedesi-korlatozasokat-a-fovarosban\/","title":{"rendered":"K\u00edna-KKE-cs\u00facs &#8211; ORFK: feloldott\u00e1k a k\u00f6zleked\u00e9si korl\u00e1toz\u00e1sokat a f\u0151v\u00e1rosban"},"content":{"rendered":"<p><strong>Feloldott\u00e1k a K\u00edna-K\u00f6z\u00e9p-Kelet-Eur\u00f3pa cs\u00facstal\u00e1lkoz\u00f3 miatt elrendelt ideiglenes forgalomkorl\u00e1toz\u00e1sokat \u00e9s ter\u00fcletlez\u00e1r\u00e1sokat Budapesten &#8211; t\u00e1j\u00e9koztatta az Orsz\u00e1gos Rend\u0151r-f\u0151kapit\u00e1nys\u00e1g (ORFK) kommunik\u00e1ci\u00f3s szolg\u00e1lata szerda d\u00e9lben az MTI-t.<\/strong><!--more--><\/p>\n<div class=\"ads-in-post1\"><div id=\"gazdasagportal.hu_fullbanner_wideboard\"><\/div>\r\n<\/div>\n<p>    K\u00f6zlem\u00e9ny\u00fckben felid\u00e9zt\u00e9k: a K\u00ednai N\u00e9pk\u00f6zt\u00e1rsas\u00e1g, valamint k\u00f6z\u00e9p-kelet-eur\u00f3pai orsz\u00e1gok minisztereln\u00f6keinek budapesti cs\u00facstal\u00e1lkoz\u00f3j\u00e1val \u00f6sszef\u00fcgg\u00e9sben a k\u00fclf\u00f6ldi deleg\u00e1ci\u00f3k \u00fatvonalainak biztos\u00edt\u00e1sa miatt a rend\u0151rs\u00e9g vas\u00e1rnapt\u00f3l &#8222;a belv\u00e1ros egy j\u00f3l k\u00f6r\u00fclhat\u00e1rolt ter\u00fclet\u00e9n&#8221; folyamatos lez\u00e1r\u00e1sokat, a f\u0151v\u00e1ros egy\u00e9b ter\u00fcletein pedig szakaszos \u00e9s id\u0151szakos forgalomkorl\u00e1toz\u00e1sokat vezetett be.<br \/>\n<div class=\"ads-in-post2\"><script async src=\"https:\/\/pagead2.googlesyndication.com\/pagead\/js\/adsbygoogle.js\"><\/script>\r\n<ins class=\"adsbygoogle\"\r\n     style=\"display:block\"\r\n     data-ad-format=\"fluid\"\r\n     data-ad-layout-key=\"-6t+ed+2i-1n-4w\"\r\n     data-ad-client=\"ca-pub-1959107119989764\"\r\n     data-ad-slot=\"4008251320\"><\/ins>\r\n<script>\r\n     (adsbygoogle = window.adsbygoogle || []).push({});\r\n<\/script><\/div>\n    Azt \u00edrt\u00e1k: a rend\u0151r\u00f6k &#8211; a v\u00e9dett szem\u00e9lyek biztons\u00e1g\u00e1nak szavatol\u00e1sa mellett &#8211; kiemelt figyelmet ford\u00edtottak arra, hogy a korl\u00e1toz\u00e1sokat mindig csak a legsz\u00fcks\u00e9gesebb ideig \u00e9s m\u00e9rt\u00e9kben tarts\u00e1k fenn &#8211; emelt\u00e9k ki, megjegyezve: b\u00e1r a lez\u00e1r\u00e1sok Budapest k\u00f6zigazgat\u00e1si ter\u00fclet\u00e9nek &#8222;egy sz\u00e1zal\u00e9k\u00e1t sem \u00e9rintett\u00e9k, azok \u00edgy is pr\u00f3b\u00e1ra tett\u00e9k a k\u00f6zleked\u0151k t\u00fcrelm\u00e9t&#8221;.<br \/>\n    A rend\u0151r\u00f6k tapasztalatai szerint a j\u00e1rm\u0171vezet\u0151k, a k\u00f6z\u00f6ss\u00e9gi k\u00f6zleked\u00e9st v\u00e1laszt\u00f3k \u00e9s a gyalogosok is &#8222;meg\u00e9rt\u00e9ssel \u00e9s fegyelmezetten alkalmazkodtak a megv\u00e1ltozott forgalmi k\u00f6r\u00fclm\u00e9nyekhez&#8221; &#8211; olvashat\u00f3 a k\u00f6zlem\u00e9nyben, amelyben a rend\u0151r\u00f6k is megk\u00f6sz\u00f6nt\u00e9k az emberek t\u00fcrelm\u00e9t.(MTI)<\/p>\n","protected":false},"excerpt":{"rendered":"<p>Feloldott\u00e1k a K\u00edna-K\u00f6z\u00e9p-Kelet-Eur\u00f3pa cs\u00facstal\u00e1lkoz\u00f3 miatt elrendelt ideiglenes forgalomkorl\u00e1toz\u00e1sokat \u00e9s ter\u00fcletlez\u00e1r\u00e1sokat Budapesten &#8211; t\u00e1j\u00e9koztatta az Orsz\u00e1gos Rend\u0151r-f\u0151kapit\u00e1nys\u00e1g (ORFK) kommunik\u00e1ci\u00f3s szolg\u00e1lata szerda d\u00e9lben az MTI-t.<\/p>\n","protected":false},"author":1,"featured_media":0,"comment_status":"closed","ping_status":"open","sticky":false,"template":"","format":"standard","meta":[],"categories":[4],"tags":[],"_links":{"self":[{"href":"https:\/\/gazdasagportal.hu\/index.php\/wp-json\/wp\/v2\/posts\/100479"}],"collection":[{"href":"https:\/\/gazdasagportal.hu\/index.php\/wp-json\/wp\/v2\/posts"}],"about":[{"href":"https:\/\/gazdasagportal.hu\/index.php\/wp-json\/wp\/v2\/types\/post"}],"author":[{"embeddable":true,"href":"https:\/\/gazdasagportal.hu\/index.php\/wp-json\/wp\/v2\/users\/1"}],"replies":[{"embeddable":true,"href":"https:\/\/gazdasagportal.hu\/index.php\/wp-json\/wp\/v2\/comments?post=100479"}],"version-history":[{"count":1,"href":"https:\/\/gazdasagportal.hu\/index.php\/wp-json\/wp\/v2\/posts\/100479\/revisions"}],"predecessor-version":[{"id":100480,"href":"https:\/\/gazdasagportal.hu\/index.php\/wp-json\/wp\/v2\/posts\/100479\/revisions\/100480"}],"wp:attachment":[{"href":"https:\/\/gazdasagportal.hu\/index.php\/wp-json\/wp\/v2\/media?parent=100479"}],"wp:term":[{"taxonomy":"category","embeddable":true,"href":"https:\/\/gazdasagportal.hu\/index.php\/wp-json\/wp\/v2\/categories?post=100479"},{"taxonomy":"post_tag","embeddable":true,"href":"https:\/\/gazdasagportal.hu\/index.php\/wp-json\/wp\/v2\/tags?post=100479"}],"curies":[{"name":"wp","href":"https:\/\/api.w.org\/{rel}","templated":true}]}}