{"id":100456,"date":"2017-11-29T08:04:38","date_gmt":"2017-11-29T07:04:38","guid":{"rendered":"http:\/\/gazdasagportal.hu\/?p=100456"},"modified":"2017-11-29T06:45:19","modified_gmt":"2017-11-29T05:45:19","slug":"bnp-paribas-cardif-emelkedett-a-munkavallaloi-bizalom","status":"publish","type":"post","link":"https:\/\/gazdasagportal.hu\/index.php\/bnp-paribas-cardif-emelkedett-a-munkavallaloi-bizalom\/","title":{"rendered":"BNP Paribas Cardif: emelkedett a munkav\u00e1llal\u00f3i bizalom"},"content":{"rendered":"<p><strong>Minden szegmensben emelkedett a munkav\u00e1llal\u00f3i bizalom tavaly november \u00f3ta Magyarorsz\u00e1gon &#8211; k\u00f6z\u00f6lte a BNP Paribas Cardif biztos\u00edt\u00f3 a Medi\u00e1n c\u00e9ggel k\u00f6z\u00f6sen k\u00e9sz\u00edtett novemberi munkaer\u0151piaci kutat\u00e1s\u00e1nak meg\u00e1llap\u00edt\u00e1s\u00e1t az MTI-vel.<\/strong><!--more--><\/p>\n<div class=\"ads-in-post1\"><div id=\"gazdasagportal.hu_fullbanner_wideboard\"><\/div>\r\n<\/div>\n<p>    A t\u00e1j\u00e9koztat\u00e1s szerint a BNP Paribas Cardif Munkaer\u0151piaci Stabilit\u00e1si Indexe 70 pontos \u00e9rt\u00e9ket \u00e9rt el szeptemberben, ami a tavalyi \u00e9v azonos id\u0151szak\u00e1hoz k\u00e9pest 9 sz\u00e1zal\u00e9kpontos emelked\u00e9s, a 2014 november\u00e9ben indult kutat\u00e1s \u00f3ta a legmagasabb.<br \/>\n    Az 1200 f\u0151 szem\u00e9lyes megk\u00e9rdez\u00e9s\u00e9n alapul\u00f3 m\u00e9r\u0151sz\u00e1m azt fejezi ki, hogy egy 100 pontos sk\u00e1l\u00e1n a munkav\u00e1llal\u00f3k mennyire b\u00edznak abban, hogy jelenlegi foglalkoztat\u00f3juk hossz\u00fa t\u00e1von is munkalehet\u0151s\u00e9get biztos\u00edt majd sz\u00e1mukra. Emellett figyelembe veszi, hogy az alkalmazottak milyen l\u00e9p\u00e9seket tenn\u00e9nek munkahely\u00fck megtart\u00e1sa \u00e9rdek\u00e9ben, amennyiben az vesz\u00e9lybe ker\u00fclne.<br \/>\n    A felm\u00e9r\u00e9s szerint a f\u00e9rfiak 78, a n\u0151k 80 sz\u00e1zal\u00e9ka \u00e9rzi \u00fagy, hogy t\u00f6bb mint 5 \u00e9vig megmarad a munkahelye. A 18-29 \u00e9ves koroszt\u00e1ly k\u00f6r\u00e9ben ez az ar\u00e1ny 82 sz\u00e1zal\u00e9kot, m\u00edg a diplom\u00e1sok k\u00f6r\u00e9ben 89 sz\u00e1zal\u00e9kot \u00e9r el.<br \/>\n<div class=\"ads-in-post2\"><script async src=\"https:\/\/pagead2.googlesyndication.com\/pagead\/js\/adsbygoogle.js\"><\/script>\r\n<ins class=\"adsbygoogle\"\r\n     style=\"display:block\"\r\n     data-ad-format=\"fluid\"\r\n     data-ad-layout-key=\"-6t+ed+2i-1n-4w\"\r\n     data-ad-client=\"ca-pub-1959107119989764\"\r\n     data-ad-slot=\"4008251320\"><\/ins>\r\n<script>\r\n     (adsbygoogle = window.adsbygoogle || []).push({});\r\n<\/script><\/div>\n    Iskolai v\u00e9gzetts\u00e9g alapj\u00e1n tov\u00e1bbra is a diplom\u00e1sok alkotj\u00e1k a legbizakod\u00f3bb csoportot 73 ponttal, ut\u00e1nuk 71-70 ponttal k\u00f6vetkeznek a legal\u00e1bb \u00e9retts\u00e9givel, illetve szakmunk\u00e1s v\u00e9gzetts\u00e9ggel rendelkez\u0151 munkav\u00e1llal\u00f3k, a legfeljebb 8 oszt\u00e1llyal rendelkez\u0151k 61 ponttal z\u00e1rj\u00e1k a sort.<br \/>\n     A legbizakod\u00f3bb korcsoportot a 18-29 \u00e9vesek jelentik 75 ponttal, ahol tavaly \u0151sz \u00f3ta 13 pontos emelked\u00e9s l\u00e1that\u00f3. A 30-39 \u00e9ves \u00e9s a 40-49-es \u00e9ves koroszt\u00e1lyokban egyar\u00e1nt 71-71 pontot mutat a felm\u00e9r\u00e9s, a 60 \u00e9v felettiek k\u00f6r\u00e9ben a bizalmi index 61 pontos \u00e9rt\u00e9ket vett fel a 4 pontos emelked\u00e9snek k\u00f6sz\u00f6nhet\u0151en.<br \/>\n    A szektorok szerinti bont\u00e1sban nem figyelhet\u0151 meg jelent\u0151s k\u00fcl\u00f6nbs\u00e9g, a k\u00f6zigazgat\u00e1sban \u00e9s az iparban dolgoz\u00f3k 67, illetve 69 pontot \u00e9rtek el, ami 3 \u00e9s 8 pontos emelked\u00e9st jelent, a kereskedelmi dolgoz\u00f3k bizalmi indexe lett a legmagasabb 74 ponttal.<br \/>\n    Kiss M\u00e1rk Istv\u00e1n, a BNP Paribas Cardif biztos\u00edt\u00f3 vez\u00e9rigazgat\u00f3ja a k\u00f6zlem\u00e9nyben r\u00e1mutatott arra, hogy az \u00e1tlagos magyar munkav\u00e1llal\u00f3 egyre jobban b\u00edzik a jelenlegi munkahely\u00e9ben, valamint abban, hogy ha az \u00e1ll\u00e1s\u00e1t el is vesz\u00edten\u00e9, akkor is k\u00f6nnyen tal\u00e1lna mag\u00e1nak \u00fajat.(MTI)<\/p>\n","protected":false},"excerpt":{"rendered":"<p>Minden szegmensben emelkedett a munkav\u00e1llal\u00f3i bizalom tavaly november \u00f3ta Magyarorsz\u00e1gon &#8211; k\u00f6z\u00f6lte a BNP Paribas Cardif biztos\u00edt\u00f3 a Medi\u00e1n c\u00e9ggel k\u00f6z\u00f6sen k\u00e9sz\u00edtett novemberi munkaer\u0151piaci kutat\u00e1s\u00e1nak meg\u00e1llap\u00edt\u00e1s\u00e1t az MTI-vel.<\/p>\n","protected":false},"author":1,"featured_media":0,"comment_status":"closed","ping_status":"open","sticky":false,"template":"","format":"standard","meta":[],"categories":[4,19],"tags":[],"_links":{"self":[{"href":"https:\/\/gazdasagportal.hu\/index.php\/wp-json\/wp\/v2\/posts\/100456"}],"collection":[{"href":"https:\/\/gazdasagportal.hu\/index.php\/wp-json\/wp\/v2\/posts"}],"about":[{"href":"https:\/\/gazdasagportal.hu\/index.php\/wp-json\/wp\/v2\/types\/post"}],"author":[{"embeddable":true,"href":"https:\/\/gazdasagportal.hu\/index.php\/wp-json\/wp\/v2\/users\/1"}],"replies":[{"embeddable":true,"href":"https:\/\/gazdasagportal.hu\/index.php\/wp-json\/wp\/v2\/comments?post=100456"}],"version-history":[{"count":1,"href":"https:\/\/gazdasagportal.hu\/index.php\/wp-json\/wp\/v2\/posts\/100456\/revisions"}],"predecessor-version":[{"id":100457,"href":"https:\/\/gazdasagportal.hu\/index.php\/wp-json\/wp\/v2\/posts\/100456\/revisions\/100457"}],"wp:attachment":[{"href":"https:\/\/gazdasagportal.hu\/index.php\/wp-json\/wp\/v2\/media?parent=100456"}],"wp:term":[{"taxonomy":"category","embeddable":true,"href":"https:\/\/gazdasagportal.hu\/index.php\/wp-json\/wp\/v2\/categories?post=100456"},{"taxonomy":"post_tag","embeddable":true,"href":"https:\/\/gazdasagportal.hu\/index.php\/wp-json\/wp\/v2\/tags?post=100456"}],"curies":[{"name":"wp","href":"https:\/\/api.w.org\/{rel}","templated":true}]}}